{"id":50288,"date":"2025-11-29T07:21:05","date_gmt":"2025-11-29T07:21:05","guid":{"rendered":"https:\/\/www.europesays.com\/lt\/50288\/"},"modified":"2025-11-29T07:21:05","modified_gmt":"2025-11-29T07:21:05","slug":"karas-ukrainoje-kyjive-masinis-rusu-ispuolis-yra-auku-lrytas","status":"publish","type":"post","link":"https:\/\/www.europesays.com\/lt\/50288\/","title":{"rendered":"Karas Ukrainoje. Kyjive \u2013 masinis rus\u0173 i\u0161puolis: yra auk\u0173 &#8211; Lrytas"},"content":{"rendered":"<ol>\n<li><a href=\"https:\/\/news.google.com\/rss\/articles\/CBMi_gFBVV95cUxQTE41eWlSblIwV0ZVWHlYWlQweHE5RE16Q21fZ3hwa0NzRmVxS2sxNXp3VVNoQndvWUFtbk1NWGpoa1FJVXhUaHZ3S001LUt3UEFvd0Jvd09rZmplN1dmM1pnLXJ0TUZIWkVSdXRIZzhSZnFKY211LUQ1MEFCM08zYm9CaVJFb3pZMTZzRzZ5aVBjLW5MbGJvMHFtV1YwQkVPVWFoRzFTR1RSVHRLaXhWbTZqeEljbXUwdmtQZ1c5MnQtN2NleUloeWdDNzlmUXF1bEZva1Y2NlRFRV9NVUhfb09hU21qSk1oTzA4V2I0S1B3VkI1R1VUaTI2c3U4dw?oc=5\" target=\"_blank\" rel=\"nofollow noopener\">Karas Ukrainoje. Kyjive \u2013 masinis rus\u0173 i\u0161puolis: yra auk\u0173<\/a>&nbsp;&nbsp;Lrytas<\/li>\n<li><a href=\"https:\/\/news.google.com\/rss\/articles\/CBMifkFVX3lxTE16dUw2d3kyTlBUeHo2YnlLNWFvUzlnZ0syaFRMRW9LTkNNbFZyM0piNlh0RTh1M1puQ2FUX3E4Wi0tYjFvRDA2bWsxZ2czNjdSTmFUT0xzUVY5Ri1SalBldkROZS1vSWpGSU5mN0tVSVpzVmRHamxDQ2laTF9tdw?oc=5\" target=\"_blank\" rel=\"nofollow noopener\">Karas Ukrainoje. \u201eDabar blogai, o v\u0117liau galb\u016bt bus dar blogiau\u201c: FT prakalbo apie sp\u0105stus, \u012f kuriuos pateko Ukraina<\/a>&nbsp;&nbsp;15min.lt<\/li>\n<li><a href=\"https:\/\/news.google.com\/rss\/articles\/CBMiwAFBVV95cUxNU21QUVVyMW01OVNZNHFiWEEyX3JPUS1RekluVjJ0Z18tT1NYWEpRMVl5VEhpVG5VUmozaFN1eHFXSkpFMnh3WHEyR1NZM0lnUXlOaU9lcGNBVnN5M0JHZk40WHItREV6bHBjNlFvNGNhSGFmcE0xaW4zLUpLeDY3UnNTbHh4X2JzLXdzZWYyRjlhZkpKdTd6cEs1ZVQ2aV9wV0VkdWxydGtSZ0Z0SkVxMENfT3dTbTU1WkllTnZ5Vjg?oc=5\" target=\"_blank\" rel=\"nofollow noopener\">S\u0117kmingos taikos derybos Zelenskiui gali tapti tramplinu \u012f antr\u0105 kadencij\u0105<\/a>&nbsp;&nbsp;LRT<\/li>\n<li><a href=\"https:\/\/news.google.com\/rss\/articles\/CBMiugFBVV95cUxQdF9IZFpwcHNIQWFqZDk4RmdfU1JKbl8yeWk3OWdRUURya1NtXzhwcVZMeUp3TENteWVQZFB3SXlwM1VLOUVwMnd4UndaZ0hDWm5NMERtTDN4OXI0M3AtbUFWQ2VCU1M0cGNjRldlMFNPUm40ZnNKRnBOelQzdjJOS2lSSG94eWtNUDR3dDI2bHdoenZzajVSOW9Ca05hbHNNeFIxRUdWcXlvUG5qUE1BX3BYZ0tzUGYteVE?oc=5\" target=\"_blank\" rel=\"nofollow noopener\">Kremlius tvirtina i\u0161 JAV gav\u0119s pagrindinius taikos plano parametrus<\/a>&nbsp;&nbsp;Delfi<\/li>\n<li><a href=\"https:\/\/news.google.com\/rss\/articles\/CBMimwJBVV95cUxOeFh2ejhtdUJ3NmUtdnJHMnhkTDlEcERmenc5MmRId0wtZzJ2dzFRRlFwMXpnVWNtRTF6Z1ZjVmY3eWt5TkczVV82MGh4a3hCWlBEN3hvcVBBMkR2T3pBOWc4MlhwbXFfcElFTzlzbElCb3lhaDNSSXFfdWd6Q2pBZzVGR1BFYlBzaWRaSE5HWEx0bHpsZVBsWTVNbEd0OTZBSVZ1Y0FBbjk4dVJXekVseHQ2eURFdjBuRTVubEJpM2pLaFNSRjFrVDBlYk93NE1PR2FJa2c4UzJaQ2QzWHI0Vzhtc3U2b3I2UXUtZ3JEcWlVcGJucmtnVDJVcDdEY21ZT2toNkNYTVlrOEw3V1RmSFVPSGxodU16QWtz?oc=5\" target=\"_blank\" rel=\"nofollow noopener\">Karas Ukrainoje. Juodojoje j\u016broje \u2013 Rusijos \u0161e\u0161\u0117linio laivyno tanklaivi\u0173 sprogimai: kas \u017einoma<\/a>&nbsp;&nbsp;Lrytas<\/li>\n<\/ol>\n","protected":false},"excerpt":{"rendered":"Karas Ukrainoje. Kyjive \u2013 masinis rus\u0173 i\u0161puolis: yra auk\u0173&nbsp;&nbsp;Lrytas Karas Ukrainoje. \u201eDabar blogai, o v\u0117liau galb\u016bt bus dar&hellip;\n","protected":false},"author":2,"featured_media":50138,"comment_status":"","ping_status":"","sticky":false,"template":"","format":"standard","meta":{"footnotes":""},"categories":[15],"tags":[25,30,31,34,35,24,32,33,37,39,36,38,40,23,22,44,28,29,26,27,74,75,76],"class_list":{"0":"post-50288","1":"post","2":"type-post","3":"status-publish","4":"format-standard","5":"has-post-thumbnail","7":"category-pasaulis","8":"tag-antrastes","9":"tag-breaking-news","10":"tag-breakingnews","11":"tag-featured-news","12":"tag-featurednews","13":"tag-headlines","14":"tag-latest-news","15":"tag-latestnews","16":"tag-lietuva","17":"tag-lietuviu","18":"tag-lithuania","19":"tag-lithuanian","20":"tag-lt","21":"tag-naujienos","22":"tag-news","23":"tag-pasaulis","24":"tag-populiariausios-naujienos","25":"tag-populiariausiosnaujienos","26":"tag-top-stories","27":"tag-topstories","28":"tag-world","29":"tag-world-news","30":"tag-worldnews"},"share_on_mastodon":{"url":"https:\/\/pubeurope.com\/@lt\/115631782814545075","error":""},"_links":{"self":[{"href":"https:\/\/www.europesays.com\/lt\/wp-json\/wp\/v2\/posts\/50288","targetHints":{"allow":["GET"]}}],"collection":[{"href":"https:\/\/www.europesays.com\/lt\/wp-json\/wp\/v2\/posts"}],"about":[{"href":"https:\/\/www.europesays.com\/lt\/wp-json\/wp\/v2\/types\/post"}],"author":[{"embeddable":true,"href":"https:\/\/www.europesays.com\/lt\/wp-json\/wp\/v2\/users\/2"}],"replies":[{"embeddable":true,"href":"https:\/\/www.europesays.com\/lt\/wp-json\/wp\/v2\/comments?post=50288"}],"version-history":[{"count":0,"href":"https:\/\/www.europesays.com\/lt\/wp-json\/wp\/v2\/posts\/50288\/revisions"}],"wp:featuredmedia":[{"embeddable":true,"href":"https:\/\/www.europesays.com\/lt\/wp-json\/wp\/v2\/media\/50138"}],"wp:attachment":[{"href":"https:\/\/www.europesays.com\/lt\/wp-json\/wp\/v2\/media?parent=50288"}],"wp:term":[{"taxonomy":"category","embeddable":true,"href":"https:\/\/www.europesays.com\/lt\/wp-json\/wp\/v2\/categories?post=50288"},{"taxonomy":"post_tag","embeddable":true,"href":"https:\/\/www.europesays.com\/lt\/wp-json\/wp\/v2\/tags?post=50288"}],"curies":[{"name":"wp","href":"https:\/\/api.w.org\/{rel}","templated":true}]}}