{"id":50291,"date":"2025-11-29T07:28:20","date_gmt":"2025-11-29T07:28:20","guid":{"rendered":"https:\/\/www.europesays.com\/lt\/50291\/"},"modified":"2025-11-29T07:28:20","modified_gmt":"2025-11-29T07:28:20","slug":"kauno-avariju-metrastyje-naujas-bmw-ir-mercedes-susidurimas-trecias-liko-uz-kadro","status":"publish","type":"post","link":"https:\/\/www.europesays.com\/lt\/50291\/","title":{"rendered":"Kauno avarij\u0173 metra\u0161tyje \u2013 naujas BMW ir \u201eMercedes\u201c susid\u016brimas: tre\u010dias liko u\u017e kadro"},"content":{"rendered":"<p>Avarija \u012fvyko atkarpoje tarp Girstu\u010dio ir VI foto \u017eiedin\u0117s sankry\u017eos, susid\u016br\u0119 trys automobiliai u\u017etv\u0117r\u0117 dvi eismo juostas, penktadienio popiet\u0119 skelb\u0117 \u201eKas vyksta Kaune\u201c.<\/p>\n<p>Socialinio tinklo \u201eFacebook\u201c grup\u0117je \u201eKur stovi policija Kaune\u201c buvo pavie\u0161intas trumpas siu\u017eetas, kaip va\u017eiuojamojoje dalyje stovi apdau\u017eyti BMW ir \u201eMercedes-Benz\u201c lengvieji automobiliai.<\/p>\n<p>\u201eTrys ma\u0161inos susidau\u017e\u0117, nes viena su sudau\u017eytu priekiu stov\u0117jo Vienyb\u0117s gatv\u0117je, o kitos Kovo 11-osios gatv\u0117je\u201c, \u2013 min\u0117tam portalui patikslino kauniet\u0117.<\/p>\n<p>Turimais duomenimis, \u017emon\u0117s su\u017ealoti nebuvo: greitosios pagalbos neprireik\u0117.<\/p>\n<p>15min primena, kad penktadieniais Kaune retai i\u0161vengiama didesni\u0173 ar ma\u017eesni\u0173 avarij\u0173, o populiari\u0173 voki\u0161k\u0173 marki\u0173 pavadinimai prane\u0161imuose apie jas mirga i\u0161ties labai da\u017enai (\u017er. susijusius straipsnius).<\/p>\n","protected":false},"excerpt":{"rendered":"Avarija \u012fvyko atkarpoje tarp Girstu\u010dio ir VI foto \u017eiedin\u0117s sankry\u017eos, susid\u016br\u0119 trys automobiliai u\u017etv\u0117r\u0117 dvi eismo juostas, penktadienio&hellip;\n","protected":false},"author":2,"featured_media":50292,"comment_status":"","ping_status":"","sticky":false,"template":"","format":"standard","meta":{"footnotes":""},"categories":[13],"tags":[25,30,31,34,35,24,32,33,37,39,36,38,40,23,22,28,29,26,27],"class_list":{"0":"post-50291","1":"post","2":"type-post","3":"status-publish","4":"format-standard","5":"has-post-thumbnail","7":"category-lietuva","8":"tag-antrastes","9":"tag-breaking-news","10":"tag-breakingnews","11":"tag-featured-news","12":"tag-featurednews","13":"tag-headlines","14":"tag-latest-news","15":"tag-latestnews","16":"tag-lietuva","17":"tag-lietuviu","18":"tag-lithuania","19":"tag-lithuanian","20":"tag-lt","21":"tag-naujienos","22":"tag-news","23":"tag-populiariausios-naujienos","24":"tag-populiariausiosnaujienos","25":"tag-top-stories","26":"tag-topstories"},"share_on_mastodon":{"url":"https:\/\/pubeurope.com\/@lt\/115631810400770725","error":""},"_links":{"self":[{"href":"https:\/\/www.europesays.com\/lt\/wp-json\/wp\/v2\/posts\/50291","targetHints":{"allow":["GET"]}}],"collection":[{"href":"https:\/\/www.europesays.com\/lt\/wp-json\/wp\/v2\/posts"}],"about":[{"href":"https:\/\/www.europesays.com\/lt\/wp-json\/wp\/v2\/types\/post"}],"author":[{"embeddable":true,"href":"https:\/\/www.europesays.com\/lt\/wp-json\/wp\/v2\/users\/2"}],"replies":[{"embeddable":true,"href":"https:\/\/www.europesays.com\/lt\/wp-json\/wp\/v2\/comments?post=50291"}],"version-history":[{"count":0,"href":"https:\/\/www.europesays.com\/lt\/wp-json\/wp\/v2\/posts\/50291\/revisions"}],"wp:featuredmedia":[{"embeddable":true,"href":"https:\/\/www.europesays.com\/lt\/wp-json\/wp\/v2\/media\/50292"}],"wp:attachment":[{"href":"https:\/\/www.europesays.com\/lt\/wp-json\/wp\/v2\/media?parent=50291"}],"wp:term":[{"taxonomy":"category","embeddable":true,"href":"https:\/\/www.europesays.com\/lt\/wp-json\/wp\/v2\/categories?post=50291"},{"taxonomy":"post_tag","embeddable":true,"href":"https:\/\/www.europesays.com\/lt\/wp-json\/wp\/v2\/tags?post=50291"}],"curies":[{"name":"wp","href":"https:\/\/api.w.org\/{rel}","templated":true}]}}