{"id":50325,"date":"2025-11-29T08:16:17","date_gmt":"2025-11-29T08:16:17","guid":{"rendered":"https:\/\/www.europesays.com\/lt\/50325\/"},"modified":"2025-11-29T08:16:17","modified_gmt":"2025-11-29T08:16:17","slug":"prasmatniame-renginyje-garsiu-moteru-zavesys-rinkosi-i-italijos-ambasados-surengta-muge","status":"publish","type":"post","link":"https:\/\/www.europesays.com\/lt\/50325\/","title":{"rendered":"Pra\u0161matniame renginyje \u2013 garsi\u0173 moter\u0173 \u017eavesys: rinkosi \u012f Italijos ambasados surengt\u0105 mug\u0119"},"content":{"rendered":"<p>\u017dvaig\u017ed\u017ei\u0173 popiet\u0117 ir unikali proga miestui<\/p>\n<p>Renginio pirmoji dalis buvo skirta i\u0161skirtinai kvie\u010diamiems sve\u010diams \u2013 \u017einomiems k\u016br\u0117jams, pramog\u0173 pasaulio atstovams, nuomon\u0117s formuotojams, preki\u0173 \u017eenkl\u0173 atstovams ir partneriams. <\/p>\n<p>\u010cia susirinkusieji tur\u0117jo galimyb\u0119 pirmieji ap\u017ei\u016br\u0117ti specialiai organizatori\u0173 atrinktas prekes, susipa\u017einti su preki\u0173 \u017eenkl\u0173 ekspozicijomis bei i\u0161bandyti naujausias sezono tendencijas, ra\u0161oma prane\u0161ime spaudai. <\/p>\n<p>D\u0117mesys mug\u0117s metu buvo skiriamas susipa\u017einimui, bendravimui ir \u012fsigilinimui \u2013 jog v\u0117liau apie naujai atrastus ir pamiltus preki\u0173 \u017eenklus kviestiniai sve\u010diai gal\u0117t\u0173 tikslingai dalintis savo auditorijoms.<\/p>\n<p>Antroji renginio dalis atv\u0117r\u0117 duris visiems Vilniaus miesto gyventojams, kuriems \u0161i mug\u0117 tapo neeiline proga patekti \u012f paprastai u\u017edaras, i\u0161kilmingas Italijos ambasados erdves. <\/p>\n<p>Gyventojai gal\u0117jo ne tik \u012fsigyti \u0161ventini\u0173 dovan\u0173, bet ir i\u0161 arti pamatyti, kaip atrodo darna tarp kult\u016bros, k\u016brybos, mados ir bendruomen\u0117s \u2013 aplinka, kur lietuvi\u0161kas \u017eiemos jaukumas susipina su \u0161iltais itali\u0161kais akcentais.<\/p>\n<p>40 atrinkt\u0173 prek\u0117s \u017eenkl\u0173 \u2013 nuo vietini\u0173 versl\u0173 iki tarptautini\u0173 vard\u0173<\/p>\n<p>Mug\u0117je pristatyta bene 40 kruop\u0161\u010diai atrinkt\u0173 prek\u0117s \u017eenkl\u0173, kuri\u0173 ekspozicijos paruo\u0161tos kaip atskiros meno instaliacijos \u2013 ne tik tam, kad parodyt\u0173 produktus, bet ir sukurt\u0173 \u012fsimintin\u0105 patirt\u012f.<\/p>\n<p>Kiekvienas prek\u0117s \u017eenklas buvo atrinktas pagal ai\u0161kius kriterijus: vertybin\u012f nuoseklum\u0105, auk\u0161t\u0105 kokyb\u0117s standart\u0105, estetik\u0105, tvarumo praktik\u0105 ir geb\u0117jim\u0105 kurti emocin\u0119 patirt\u012f. <\/p>\n<p>Organizatoriai siek\u0117, kad lankytojai i\u0161eit\u0173 ne tik su dovanomis, bet ir su \u012fkv\u0117pimu bei naujais atradimais.<\/p>\n","protected":false},"excerpt":{"rendered":"\u017dvaig\u017ed\u017ei\u0173 popiet\u0117 ir unikali proga miestui Renginio pirmoji dalis buvo skirta i\u0161skirtinai kvie\u010diamiems sve\u010diams \u2013 \u017einomiems k\u016br\u0117jams, pramog\u0173&hellip;\n","protected":false},"author":2,"featured_media":50326,"comment_status":"","ping_status":"","sticky":false,"template":"","format":"standard","meta":{"footnotes":""},"categories":[13],"tags":[25,30,31,34,35,24,11379,32,33,37,39,36,38,40,23,22,28,29,26,27],"class_list":{"0":"post-50325","1":"post","2":"type-post","3":"status-publish","4":"format-standard","5":"has-post-thumbnail","7":"category-lietuva","8":"tag-antrastes","9":"tag-breaking-news","10":"tag-breakingnews","11":"tag-featured-news","12":"tag-featurednews","13":"tag-headlines","14":"tag-kaledu-muges","15":"tag-latest-news","16":"tag-latestnews","17":"tag-lietuva","18":"tag-lietuviu","19":"tag-lithuania","20":"tag-lithuanian","21":"tag-lt","22":"tag-naujienos","23":"tag-news","24":"tag-populiariausios-naujienos","25":"tag-populiariausiosnaujienos","26":"tag-top-stories","27":"tag-topstories"},"share_on_mastodon":{"url":"https:\/\/pubeurope.com\/@lt\/115631999076471510","error":""},"_links":{"self":[{"href":"https:\/\/www.europesays.com\/lt\/wp-json\/wp\/v2\/posts\/50325","targetHints":{"allow":["GET"]}}],"collection":[{"href":"https:\/\/www.europesays.com\/lt\/wp-json\/wp\/v2\/posts"}],"about":[{"href":"https:\/\/www.europesays.com\/lt\/wp-json\/wp\/v2\/types\/post"}],"author":[{"embeddable":true,"href":"https:\/\/www.europesays.com\/lt\/wp-json\/wp\/v2\/users\/2"}],"replies":[{"embeddable":true,"href":"https:\/\/www.europesays.com\/lt\/wp-json\/wp\/v2\/comments?post=50325"}],"version-history":[{"count":0,"href":"https:\/\/www.europesays.com\/lt\/wp-json\/wp\/v2\/posts\/50325\/revisions"}],"wp:featuredmedia":[{"embeddable":true,"href":"https:\/\/www.europesays.com\/lt\/wp-json\/wp\/v2\/media\/50326"}],"wp:attachment":[{"href":"https:\/\/www.europesays.com\/lt\/wp-json\/wp\/v2\/media?parent=50325"}],"wp:term":[{"taxonomy":"category","embeddable":true,"href":"https:\/\/www.europesays.com\/lt\/wp-json\/wp\/v2\/categories?post=50325"},{"taxonomy":"post_tag","embeddable":true,"href":"https:\/\/www.europesays.com\/lt\/wp-json\/wp\/v2\/tags?post=50325"}],"curies":[{"name":"wp","href":"https:\/\/api.w.org\/{rel}","templated":true}]}}