{"id":50334,"date":"2025-11-29T08:34:09","date_gmt":"2025-11-29T08:34:09","guid":{"rendered":"https:\/\/www.europesays.com\/lt\/50334\/"},"modified":"2025-11-29T08:34:09","modified_gmt":"2025-11-29T08:34:09","slug":"klaipedoje-policininke-kliude-ir-suzalojo-mazamete-mergaite","status":"publish","type":"post","link":"https:\/\/www.europesays.com\/lt\/50334\/","title":{"rendered":"Klaip\u0117doje policinink\u0117 kliud\u0117 ir su\u017ealojo ma\u017eamet\u0119 mergait\u0119"},"content":{"rendered":"<p>Policijos departamentas prane\u0161a, kad lapkri\u010dio 28 dien\u0105, apie 11 val. 45 min., Klaip\u0117doje, Baltijos pr., daugiabu\u010dio namo kieme, automobilis \u201e<a rel=\"noopener nofollow\" target=\"_blank\" href=\"https:\/\/www.delfi.lt\/temos\/mercedes-benz\" tag-id=\"78956033\">Mercedes Benz<\/a>\u201c, vairuojamas ne tarnybos metu blaivios Klaip\u0117dos apskr. VPK <a rel=\"noopener nofollow\" target=\"_blank\" href=\"https:\/\/www.delfi.lt\/temos\/policijos-pareigune\" tag-id=\"95792687\">pareig\u016bn\u0117s<\/a> (gim. 1983 m.), <a rel=\"noopener nofollow\" target=\"_blank\" href=\"https:\/\/www.delfi.lt\/temos\/kliude\" tag-id=\"59874971\">kliud\u0117<\/a> kieme \u0117jusi\u0105 mergait\u0119 (gim. 2017 m.).<\/p>\n<p>Teigiama, kad ma\u017eamet\u0117 steb\u0117jimui paguldyta \u012f Klaip\u0117dos ligonin\u0119. <\/p>\n<p>D\u0117l \u012fvykio prad\u0117ta administracin\u0117 teisena.<\/p>\n","protected":false},"excerpt":{"rendered":"Policijos departamentas prane\u0161a, kad lapkri\u010dio 28 dien\u0105, apie 11 val. 45 min., Klaip\u0117doje, Baltijos pr., daugiabu\u010dio namo kieme,&hellip;\n","protected":false},"author":2,"featured_media":50335,"comment_status":"","ping_status":"","sticky":false,"template":"","format":"standard","meta":{"footnotes":""},"categories":[13],"tags":[25,30,31,34,35,24,12543,32,33,37,39,36,38,40,12542,3936,23,22,12544,28,29,26,27],"class_list":{"0":"post-50334","1":"post","2":"type-post","3":"status-publish","4":"format-standard","5":"has-post-thumbnail","7":"category-lietuva","8":"tag-antrastes","9":"tag-breaking-news","10":"tag-breakingnews","11":"tag-featured-news","12":"tag-featurednews","13":"tag-headlines","14":"tag-kliude","15":"tag-latest-news","16":"tag-latestnews","17":"tag-lietuva","18":"tag-lietuviu","19":"tag-lithuania","20":"tag-lithuanian","21":"tag-lt","22":"tag-mazamete","23":"tag-mercedes-benz","24":"tag-naujienos","25":"tag-news","26":"tag-policijos-pareigune","27":"tag-populiariausios-naujienos","28":"tag-populiariausiosnaujienos","29":"tag-top-stories","30":"tag-topstories"},"share_on_mastodon":{"url":"https:\/\/pubeurope.com\/@lt\/115632069847929139","error":""},"_links":{"self":[{"href":"https:\/\/www.europesays.com\/lt\/wp-json\/wp\/v2\/posts\/50334","targetHints":{"allow":["GET"]}}],"collection":[{"href":"https:\/\/www.europesays.com\/lt\/wp-json\/wp\/v2\/posts"}],"about":[{"href":"https:\/\/www.europesays.com\/lt\/wp-json\/wp\/v2\/types\/post"}],"author":[{"embeddable":true,"href":"https:\/\/www.europesays.com\/lt\/wp-json\/wp\/v2\/users\/2"}],"replies":[{"embeddable":true,"href":"https:\/\/www.europesays.com\/lt\/wp-json\/wp\/v2\/comments?post=50334"}],"version-history":[{"count":0,"href":"https:\/\/www.europesays.com\/lt\/wp-json\/wp\/v2\/posts\/50334\/revisions"}],"wp:featuredmedia":[{"embeddable":true,"href":"https:\/\/www.europesays.com\/lt\/wp-json\/wp\/v2\/media\/50335"}],"wp:attachment":[{"href":"https:\/\/www.europesays.com\/lt\/wp-json\/wp\/v2\/media?parent=50334"}],"wp:term":[{"taxonomy":"category","embeddable":true,"href":"https:\/\/www.europesays.com\/lt\/wp-json\/wp\/v2\/categories?post=50334"},{"taxonomy":"post_tag","embeddable":true,"href":"https:\/\/www.europesays.com\/lt\/wp-json\/wp\/v2\/tags?post=50334"}],"curies":[{"name":"wp","href":"https:\/\/api.w.org\/{rel}","templated":true}]}}