{"id":50370,"date":"2025-11-29T09:59:08","date_gmt":"2025-11-29T09:59:08","guid":{"rendered":"https:\/\/www.europesays.com\/lt\/50370\/"},"modified":"2025-11-29T09:59:08","modified_gmt":"2025-11-29T09:59:08","slug":"karas-ukrainoje-rusijos-dronu-ataka-virs-kyjivo-zuvo-du-suzeista-11-delfi","status":"publish","type":"post","link":"https:\/\/www.europesays.com\/lt\/50370\/","title":{"rendered":"Karas Ukrainoje. Rusijos dron\u0173 ataka vir\u0161 Kyjivo: \u017euvo du, su\u017eeista 11 &#8211; Delfi"},"content":{"rendered":"<ol>\n<li><a href=\"https:\/\/news.google.com\/rss\/articles\/CBMiugFBVV95cUxQbmcwbk1DWEhDQjJyekhpUUUxT3NfeVlzSXoyMFpCVkRtRjE1XzdLM041ckVuV3RQUS1zcTBfS28zNmxKRjJ1Rnd1VnZseVM5TTBDQWhfX1lDLTVrTlNqUkQ2TVRkNGpXZ0cxZE5Ma2NBR0JVVXZTNmNCV3BUdk9saERvTGpacGlvcjVlNGQwVU9BZ2JaVUNoNnV1TjlKczZySGF1UkxSSnJaTGdtenQ4ajJKMm1SVm1SeXc?oc=5\" target=\"_blank\" rel=\"nofollow noopener\">Karas Ukrainoje. Rusijos dron\u0173 ataka vir\u0161 Kyjivo: \u017euvo du, su\u017eeista 11<\/a>&nbsp;&nbsp;Delfi<\/li>\n<li><a href=\"https:\/\/news.google.com\/rss\/articles\/CBMifkFVX3lxTE1ncFBtN1ZWMFVSZ0xQWjNyRnZhYUw5Y2tqVTNVbFctX2NwcWF6aE9FOC1BMHB1QjVTTk1SREFBbUx6NTNudHJSZ0hacGxzaFZtTk9WZFljNHotSWM0Y25iS0dSb2FqWFotNTlQemVzMDczbXdaQlFsa2JDNzFqUQ?oc=5\" target=\"_blank\" rel=\"nofollow noopener\">Karas Ukrainoje. WSJ: Putino reakcija \u012f JAV \u201etaikos plan\u0105\u201c atskleid\u0117 jo tikr\u0105j\u012f tiksl\u0105 Ukrainoje<\/a>&nbsp;&nbsp;15min.lt<\/li>\n<li><a href=\"https:\/\/news.google.com\/rss\/articles\/CBMiiAFBVV95cUxQUHl0THNTTTdjSERvRUN4ZmdEYmFxTGtYVTBVN0ZhOHlOX25SWm1RazZZUG5ERkFpcVRyMU9veks5NFFlX19wLW1BWnhHWXRHTEY2TDFFTk45Z1BTNzVXWVl4LXdqX3NoLWd1T29jcWxWc1c5Mng3QnBoTENUWXB5dG1zZUN1TVI2?oc=5\" target=\"_blank\" rel=\"nofollow noopener\">Putinas paskelb\u0117 s\u0105lyg\u0105 karo pabaigai<\/a>&nbsp;&nbsp;LNK.LT<\/li>\n<li><a href=\"https:\/\/news.google.com\/rss\/articles\/CBMi6AFBVV95cUxONGNQek4tdURCY2IyVjJxTEpqc2hjQmttQ1RjN1VEeDZVTHpEbXoyaG03RHB6R3FRUExKTFVldEFTQWRpZ1FIdkFSR3djd0R2YjAwRjJ3bC1RVzExVkFjd0pwRHRRSXczMk5vMWgyRE5kaTgtX1UybXRvZm5CcllONTYyMXA2ZnljYURYekRxcmY1UXgyLXltdmFqYWVSRjhvcnhDTU1NaGZVZGFLZTZsLWhneENnODNYNW1KVDFkVWlRNkN2SjJ5V3NWdmt0T2N5dWRkMW9WekZ0S2diakhlLWhUZ3MzU2RR?oc=5\" target=\"_blank\" rel=\"nofollow noopener\">Kremliaus migla vir\u0161 \u201etaikos plano\u201c: analitikai i\u0161ai\u0161kino, kam ruo\u0161iasi Rusija<\/a>&nbsp;&nbsp;Lrytas<\/li>\n<li><a href=\"https:\/\/news.google.com\/rss\/articles\/CBMitAFBVV95cUxQSzRuUDVKWmpuSDRDaWZKU2NpWnJkcFdXaS1DS2FiX2xfdTJBZXcwaGwxSzhxbzl6RUxoWHpYb1pOSXZwYXNtVWpCdHQ1M292VEU5ME1vTjJiU3VSZjVPWlZSMVk1aHMzWDRrX0FlVkVGemRlS0JHT0xUUmZPTXladHNxZTRDaTBpOTdCdmdHZEZTa19jcm9HZ1BhTGVwaGtrOXhYNmt1TlRZRzRXaGFEUVEzajA?oc=5\" target=\"_blank\" rel=\"nofollow noopener\">V. Putinas sako, kad Rusija nutrauks kovas, jei Ukraina atsitrauks<\/a>&nbsp;&nbsp;vz.lt<\/li>\n<\/ol>\n","protected":false},"excerpt":{"rendered":"Karas Ukrainoje. Rusijos dron\u0173 ataka vir\u0161 Kyjivo: \u017euvo du, su\u017eeista 11&nbsp;&nbsp;Delfi Karas Ukrainoje. WSJ: Putino reakcija \u012f JAV&hellip;\n","protected":false},"author":2,"featured_media":50371,"comment_status":"","ping_status":"","sticky":false,"template":"","format":"standard","meta":{"footnotes":""},"categories":[15],"tags":[25,30,31,92,34,35,24,121,10693,32,33,37,39,36,38,40,23,22,44,28,29,26,27,8641,74,75,76],"class_list":{"0":"post-50370","1":"post","2":"type-post","3":"status-publish","4":"format-standard","5":"has-post-thumbnail","7":"category-pasaulis","8":"tag-antrastes","9":"tag-breaking-news","10":"tag-breakingnews","11":"tag-dronas","12":"tag-featured-news","13":"tag-featurednews","14":"tag-headlines","15":"tag-karas-ukrainoje","16":"tag-kyjivas","17":"tag-latest-news","18":"tag-latestnews","19":"tag-lietuva","20":"tag-lietuviu","21":"tag-lithuania","22":"tag-lithuanian","23":"tag-lt","24":"tag-naujienos","25":"tag-news","26":"tag-pasaulis","27":"tag-populiariausios-naujienos","28":"tag-populiariausiosnaujienos","29":"tag-top-stories","30":"tag-topstories","31":"tag-ukrainos-prezidentas","32":"tag-world","33":"tag-world-news","34":"tag-worldnews"},"share_on_mastodon":{"url":"https:\/\/pubeurope.com\/@lt\/115632404230880780","error":""},"_links":{"self":[{"href":"https:\/\/www.europesays.com\/lt\/wp-json\/wp\/v2\/posts\/50370","targetHints":{"allow":["GET"]}}],"collection":[{"href":"https:\/\/www.europesays.com\/lt\/wp-json\/wp\/v2\/posts"}],"about":[{"href":"https:\/\/www.europesays.com\/lt\/wp-json\/wp\/v2\/types\/post"}],"author":[{"embeddable":true,"href":"https:\/\/www.europesays.com\/lt\/wp-json\/wp\/v2\/users\/2"}],"replies":[{"embeddable":true,"href":"https:\/\/www.europesays.com\/lt\/wp-json\/wp\/v2\/comments?post=50370"}],"version-history":[{"count":0,"href":"https:\/\/www.europesays.com\/lt\/wp-json\/wp\/v2\/posts\/50370\/revisions"}],"wp:featuredmedia":[{"embeddable":true,"href":"https:\/\/www.europesays.com\/lt\/wp-json\/wp\/v2\/media\/50371"}],"wp:attachment":[{"href":"https:\/\/www.europesays.com\/lt\/wp-json\/wp\/v2\/media?parent=50370"}],"wp:term":[{"taxonomy":"category","embeddable":true,"href":"https:\/\/www.europesays.com\/lt\/wp-json\/wp\/v2\/categories?post=50370"},{"taxonomy":"post_tag","embeddable":true,"href":"https:\/\/www.europesays.com\/lt\/wp-json\/wp\/v2\/tags?post=50370"}],"curies":[{"name":"wp","href":"https:\/\/api.w.org\/{rel}","templated":true}]}}