{"id":50376,"date":"2025-11-29T10:03:13","date_gmt":"2025-11-29T10:03:13","guid":{"rendered":"https:\/\/www.europesays.com\/lt\/50376\/"},"modified":"2025-11-29T10:03:13","modified_gmt":"2025-11-29T10:03:13","slug":"utma-vadovas-paaiskino-kodel-laimejo-kavaliauskas","status":"publish","type":"post","link":"https:\/\/www.europesays.com\/lt\/50376\/","title":{"rendered":"UTMA vadovas paai\u0161kino, kod\u0117l laim\u0117jo Kavaliauskas"},"content":{"rendered":"<p>Vis tik po paskelbto rezultato sausakim\u0161oje arenoje kilo nema\u017eai sumai\u0161ties. <\/p>\n<p>Po kovos prane\u0161\u0117jo paskelbto rezultato i\u0161 prad\u017ei\u0173 \u012f vir\u0161\u0173 kilo ispano ranka. <\/p>\n<p>Vien\u0105 akimirk\u0105 prie ispano \u0161oko jo treneris, ta\u010diau \u012f vir\u0161\u0173 pakilus visgi E. Kavaliausko rankai, oponento komanda negal\u0117jo tuo patik\u0117ti. S. Molina nu\u0161\u010diuvo ir neteko \u017eado, pusvidutinio svorio Europos bokso \u010dempiono dir\u017e\u0105 apsijuos\u0119s ringo \u0161eimininkas g\u016b\u0161\u010diojo pe\u010diais ir kraip\u0117 galv\u0105. <\/p>\n<p>Arbitr\u0173 sprendimu (114:115, 115:113, 115:113) ringe stipresnis buvo lietuvis, tad E. Kavaliauskas (25 pergal\u0117s, 3 pralaim\u0117jimai) \u2013 naujasis pusvidutinio svorio kategorijos Europos bokso (EBU) \u010dempionas.<\/p>\n<p>UTMA vadovas <a rel=\"noopener nofollow\" target=\"_blank\" href=\"https:\/\/www.delfi.lt\/temos\/viktoras-gecas\" tag-id=\"85355661\">Viktoras Gecas<\/a> po turnyro vykusioje spaudos konferencijoje paai\u0161kino, kas buvo atsakingas u\u017e galutin\u012f rezultat\u0105.<\/p>\n<p>\u0160is pabr\u0117\u017e\u0117, kad UTMA organizacija \u012f jok\u012f teis\u0117javim\u0105 nesiki\u0161o, o sprendimus pri\u0117m\u0117 EBU organizacija.<\/p>\n<p>\u201eSmagu u\u017e Egidij\u0173, kuriam lygioje kovoje pavyko i\u0161ne\u0161ti skirting\u0105 teis\u0117j\u0173 sprendim\u0105. Smagu, kad atkeliavo dir\u017eas ir kad Egis tapo bokso \u010dempionu, o tai buvo tikra vy\u0161nia ant torto\u201c, \u2013 lietuvio pergale d\u017eiaug\u0117si V. Gecas <\/p>\n<p>    <img decoding=\"async\" src=\"https:\/\/www.europesays.com\/lt\/wp-content\/uploads\/2025\/11\/73efea15-f46c-4526-bbb4-ffe4a68b85bf.jpg\" loading=\"lazy\" alt=\"UTMA 15 kovinio sporto renginys\"\/>      <\/p>\n<p>Kalb\u0117damas apie teis\u0117j\u0173 verdikt\u0105, jis akcentavo, jog diskusij\u0173 \u0161ioje vietoje b\u016bti negali. UTMA vadovo teigimu, u\u017e rezultat\u0105 visi\u0161kai buvo atsakinga viena  presti\u017ei\u0161kiausi\u0173 Europos bokso organizacij\u0173 EBU. <\/p>\n<p>\u201eJie buvo atsakingi u\u017e rezultat\u0105, nesvarbu, kas kovojo namie, o kas ne. Ant m\u016bs\u0173 absoliu\u010diai nieko n\u0117ra, mes juk rezultat\u0173 nefiksavome, buvo nepriklausomi teis\u0117jai ir mes jais visi tikime\u201c, \u2013 kalb\u0117jo UTMA vadovas.<\/p>\n<p> V. Gecas ai\u0161kino, jog kiekvienas kovotojas turi teis\u0119 sk\u0173sti rezultat\u0105 oficialioms organizacijoms, o UTMA gerbs bet kok\u012f ispano sprendim\u0105.<\/p>\n<p>\u201eKiekvienas kovotojas turi teis\u0119 protestui, turi teis\u0119 sk\u0173stis \u012f tinkamas organizacijas. Tai yra jo laisv\u0117 ir mes gerbsime jo sprendimus. Ne\u017einau, ar revan\u0161as \u010dia ka\u017ek\u0105 vaidint\u0173 ir ar b\u016bt\u0173 labai \u012fdomu. Galb\u016bt, kai S. Molina laim\u0117s ka\u017ek\u0105, o E. Kavaliauskas prie\u0161 ka\u017ek\u0105 dar gint\u0173 dir\u017e\u0105\u201c, \u2013 \u0161nek\u0117jo V. Gecas. <\/p>\n<p> \u2013 Tikrai labai smagu u\u017e Dominyk\u0105, jis yra m\u016bs\u0173 organizacijos veidas. Jis \u012frod\u0117, kad yra geresnis kovotojas, laim\u0117jo dir\u017e\u0105. Kaip ir visi kovotojai, \u012fskaitant S. Maslobojev\u0105, turi mano numer\u012f, jis pasiruo\u0161\u0119s kovoti su bet kuo,  saus\u012f, vasar\u012f.<\/p>\n<p>       <img decoding=\"async\" src=\"https:\/\/www.europesays.com\/lt\/wp-content\/uploads\/2025\/11\/1764410591_738_9cb0a368-b259-4288-97c7-7f05798da038.jpg\" loading=\"lazy\" alt=\"UTMA 15 kovinio sporto renginys\"\/>      <\/p>\n<p> \u2013 Kuri kova \u0161\u012f vakar\u0105 stebino labiausiai? <\/p>\n<p> \u2013 Turb\u016bt, jog \u017dygimanto Kiudelio. Jis tampa mano m\u0117gstamiausiu kovotoju, gal pamedituoti i\u0161mokys. Jis yra karys ir \u0117jo nepaisant nieko. Esu mat\u0119s, kad po toki\u0173 pralaim\u0117jim\u0173 meta sport\u0105, bet pas j\u012f atsirado dar daugiau tos motyvacijos sportuoti. Jis \u0161iandien \u012fveik\u0117 savo lygio var\u017eov\u0105 ir tikrai duosime jam kov\u0173. Svarbiausia, jog sportuot\u0173, tobul\u0117t\u0173 ir grot\u0173 mums visiems.<\/p>\n<p>\u2013 Ar matote Ahavat\u0105 Gordon\u0105 ateities turnyruose?<\/p>\n<p> \u2013 \u017dinoma, jis labai geras kovotojas, labai smagu u\u017e j\u012f. D\u0117l politini\u0173 prie\u017eas\u010di\u0173 jis negali kovoti stipriausioje rinkoje \u2013 \u201eONE Championship\u201c. D\u0117l \u0161ito gaila, bet tikiuosi, kad pavyks \u012fgyvendinti jo kov\u0105, bet tikrai nebus lengva surasti su kuo.<\/p>\n<p> \u2013 O kaip pavyko j\u012f pasikviesti b\u016btent \u012f \u0161i\u0105 kov\u0105? <\/p>\n<p>\u2013 Jo paskutin\u0117s kovos buvo \u201eOne Championship\u201c organizacijoje, kur abi jas laim\u0117jo, ta\u010diau ten kovoti jis negali d\u0117l politini\u0173 prie\u017eas\u010di\u0173. Mes j\u012f \u017einojome jau kur kas seniau, jis pats pas mus atsirado, sportavo Tailande ir gird\u0117jo apie m\u016bs\u0173 organizacij\u0105. Esame patikimi ir neapgaudin\u0117jame savo kovotoj\u0173. Labai smagu, kad jis yra \u010dia ir tik\u0117kim\u0117s, kad artimiausiu metu j\u012f v\u0117l pamatysime \u010dia. <\/p>\n<p>\u2013 Ar organizacija pasist\u016bm\u0117jo \u012f priek\u012f  po <a rel=\"noopener nofollow\" target=\"_blank\" href=\"https:\/\/www.delfi.lt\/temos\/eimantas-stanionis\" tag-id=\"58704989\">E. Stanionio<\/a> ir E. Kavaliausko dvikov\u0173? <\/p>\n<p>\u2013 Turime E. Kavaliausk\u0105 su EBU ir WBC dir\u017eu, turime Dirkst\u012f su UTMA \u010dempiono dir\u017eu, tad tikrai pasist\u016bm\u0117jome \u012f priek\u012f. Dabar reikia gr\u012f\u017eti prie darb\u0173 ir kitais metais Lietuvos lauka viena ar kita istorin\u0117 kova. Jeigu visi parodys \u017eali\u0105 \u0161vies\u0105. <\/p>\n<p> \u2013 Mantvydas Perednis tapo \u010dempionu. Ar matote ilgesn\u0117je perspektyvoje, kad jis \u0161ioje svorio kategorijoje iki 77 kg gint\u0173 dir\u017e\u0105?<\/p>\n<p> \u2013 Jis pats sak\u0117, kad \u010dempionas turi apginti t\u0105 dir\u017e\u0105. Dar pa\u017ei\u016br\u0117sime, kas b\u016bt\u0173 ver\u010diausias prie\u0161 j\u012f stoti. J\u0173 yra daug, bet taip gavosi, kad lapkri\u010dio m\u0117nes\u012f daug toje svorio kategorijoje negal\u0117jo pasirodyti kovotoj\u0173.<\/p>\n<p>Tuo tarpu u\u017e ringo virvi\u0173 dukart virt\u0119s Dominykas Dirkstys tapo kikbokso UTMA \u010dempionu (svorio kat. iki 86 kg). <\/p>\n<p>Lietuvis dukart virto i\u0161 ringo, pirm\u0105kart po bandymo sm\u016bgiuoti keliu, krito nugara ant stal\u0173, antr\u0105kart \u2013 ketvirtame raunde kartu su var\u017eovu. <\/p>\n<p>Latvis R. Ozolas gerai laik\u0117si, bet lemiamu tapo ketvirtas raundas: lietuvis siunt\u0117 var\u017eov\u0105 \u012f nokaut\u0105 ir i\u0161kovojo nelengv\u0105 pergal\u0119, o kartu ir UTMA \u010dempiono dir\u017e\u0105. <\/p>\n<p>Po kovos spaudos konferencijoje sportininkas nesl\u0117p\u0117 emocij\u0173 ir teig\u0117, kad jam \u0161is vakaras buvo ypatingas.<\/p>\n<p>\u201eSmagu, faina. A\u0161 \u017einojau, kad tai nebus lengva kova ir labai j\u012f visi nura\u0161\u0117, bet a\u0161 esu mat\u0119s jo kovas, kaip a\u0161 prad\u0117jau kovoti jaunas, tai taip a\u0161 j\u012f matydavau visur, \u017einojau, kad jis geras, turi charakter\u012f , bet taip pat \u017einojau, jog a\u0161 u\u017e j\u012f esu geresnis\u201c, \u2013 tikino D. Dirkstys. <\/p>\n<p>    <img decoding=\"async\" src=\"https:\/\/www.europesays.com\/lt\/wp-content\/uploads\/2025\/11\/75e2aefc-cdb6-48be-9f33-bd80bdbaa134.jpg\" loading=\"lazy\" alt=\"UTMA 15 kovinio sporto renginys\"\/>      <\/p>\n<p>Vertindamas savo pasirodym\u0105, D. Dirkstys pripa\u017eino, kad savo kova n\u0117ra iki galo patenkintas.  <\/p>\n<p>\u201e\u012evertin\u010diau \u0161e\u0161etu, tikrai gal\u0117jau geriau, buvo klaid\u0173, kurias dar per\u017ei\u016br\u0117sime ir taisysime. Buvau i\u0161va\u017eiav\u0119s \u012f Tailand\u0105 training camp\u0105 (Delfi \u2013 treniruo\u010di\u0173 stovykl\u0105)  ir kai su treneriu statai pasiruo\u0161im\u0105 ir ka\u017ekaip geriau gaunasi negu a\u0161 ten nuva\u017eiavu ir dariau taip, kaip kokios bendros treniruot\u0117s ir \u0161iek tiek manau patrukd\u0117 mano pasiruo\u0161imui kelios detal\u0117s.<\/p>\n<p>Buvo j\u0117gos treniruot\u0117s, kurios buvo su stipriu cardio, tai jau\u010diau, kaip mano j\u0117ga nukrito. Taip pat tur\u0117jau sul\u016b\u017eusi\u0105 nugar\u0105, draug\u0105 laidojau prie\u0161 dvi savaites, tai tokios detal\u0117s susid\u0117jo\u201c, \u2013 savo pasirodym\u0105 vertino D. Dirkstys. <\/p>\n<p>Paklaustas apie akistat\u0105 su Sergejumi Maslobojevu, Dirkstys nesl\u0117p\u0117 pasitik\u0117jimo savimi. <\/p>\n<p>\u201eA\u0161 tau sakiau, kad \u010dia ne tavo reikalas, prisi***ai prie man\u0119s. Duokit j\u016bs j\u012f man saus\u012f. Kur jis yra?\u201c, \u2013 kalb\u0117jo kovotojas.<\/p>\n<p>    <img decoding=\"async\" src=\"https:\/\/www.europesays.com\/lt\/wp-content\/uploads\/2025\/11\/639da1bd-eef5-4d10-8350-9959374ee702.jpg\" loading=\"lazy\" alt=\"Sergejus Maslobojevas-Kuvalda \"\/>    <\/p>\n<p>\u201eBuvau sutik\u0119s S. Maslobojev\u0105, at\u0117jau pas j\u012f, sakau zdarova, jis man tok\u012f parod\u0117 (Delfi \u2013 nyk\u0161t\u012f) ir nedav\u0117 rankos. Kod\u0117l jis taip asmeni\u0161kai pri\u0117m\u0117, jeigu jam ka\u017ekas neai\u0161ku,tai galime saus\u012f i\u0161siai\u0161kinti\u201c, \u2013 atviravo D. Dirkstys.<\/p>\n<p>D. Dirkstys taip pat lygino savo karjeros etap\u0105 su S. Maslobojevo pasiekimais. Sportininkas teig\u0117, kad profesionaliame ringe yra vos 2\u20133 metus, o S. Maslobojevas jau apie 20, tod\u0117l pats tiki galintis j\u012f pranokti, jei i\u0161laikys toki\u0105 form\u0105. <\/p>\n<p>\u201eJisai m\u016bs\u0173 \u0161alyje savo pasiekimais tikrai yra geriausias, bet a\u0161 at\u0117jau perimti \u0161\u012f titul\u0105. Kiek jam met\u0173? 39? Kiek a\u0161 jau esu padar\u0119s, jis turi 15 met\u0173 priekio, tai \u012fsivaizduokite, jeigu a\u0161 tokiu tempu, kaip kovoju \u0161iais metais, kovo\u010diau dar 15 met\u0173, tai suprantante&#8230; Jis geras, bet tur\u0117jo didesn\u012f laiko tarp\u0105 padaryti daugiau negu a\u0161. Profesionaliame ringe a\u0161 2-3 metus, o jis juk 20\u201c,\u2013 d\u0117st\u0117 D. Dirkstys.  <\/p>\n<p>UTMA \u010dempionas \u012fvertino ir E. Kavaliausko bei S. Molinos kov\u0105.<\/p>\n<p>\u201eA\u0161 manau, kad Egidijus laim\u0117jo t\u0105 kov\u0105, puikiai pasirod\u0117, minimaliai tikrai laim\u0117jo, ai\u0161ku n\u0117ra smagu, kai tu pralaimi artimoje kovoje\u201c, \u2013 kalb\u0117jo jis. <\/p>\n","protected":false},"excerpt":{"rendered":"Vis tik po paskelbto rezultato sausakim\u0161oje arenoje kilo nema\u017eai sumai\u0161ties. Po kovos prane\u0161\u0117jo paskelbto rezultato i\u0161 prad\u017ei\u0173 \u012f&hellip;\n","protected":false},"author":2,"featured_media":50377,"comment_status":"","ping_status":"","sticky":false,"template":"","format":"standard","meta":{"footnotes":""},"categories":[19],"tags":[2469,2255,2468,767,37,39,36,38,40,12520,47,104,2536],"class_list":{"0":"post-50376","1":"post","2":"type-post","3":"status-publish","4":"format-standard","5":"has-post-thumbnail","7":"category-sportas","8":"tag-zalgirio-arena","9":"tag-dominykas-dirkstys","10":"tag-egidijus-kavaliauskas","11":"tag-eimantas-stanionis","12":"tag-lietuva","13":"tag-lietuviu","14":"tag-lithuania","15":"tag-lithuanian","16":"tag-lt","17":"tag-samuel-molina","18":"tag-sportas","19":"tag-sports","20":"tag-viktoras-gecas"},"share_on_mastodon":{"url":"https:\/\/pubeurope.com\/@lt\/115632420009429556","error":""},"_links":{"self":[{"href":"https:\/\/www.europesays.com\/lt\/wp-json\/wp\/v2\/posts\/50376","targetHints":{"allow":["GET"]}}],"collection":[{"href":"https:\/\/www.europesays.com\/lt\/wp-json\/wp\/v2\/posts"}],"about":[{"href":"https:\/\/www.europesays.com\/lt\/wp-json\/wp\/v2\/types\/post"}],"author":[{"embeddable":true,"href":"https:\/\/www.europesays.com\/lt\/wp-json\/wp\/v2\/users\/2"}],"replies":[{"embeddable":true,"href":"https:\/\/www.europesays.com\/lt\/wp-json\/wp\/v2\/comments?post=50376"}],"version-history":[{"count":0,"href":"https:\/\/www.europesays.com\/lt\/wp-json\/wp\/v2\/posts\/50376\/revisions"}],"wp:featuredmedia":[{"embeddable":true,"href":"https:\/\/www.europesays.com\/lt\/wp-json\/wp\/v2\/media\/50377"}],"wp:attachment":[{"href":"https:\/\/www.europesays.com\/lt\/wp-json\/wp\/v2\/media?parent=50376"}],"wp:term":[{"taxonomy":"category","embeddable":true,"href":"https:\/\/www.europesays.com\/lt\/wp-json\/wp\/v2\/categories?post=50376"},{"taxonomy":"post_tag","embeddable":true,"href":"https:\/\/www.europesays.com\/lt\/wp-json\/wp\/v2\/tags?post=50376"}],"curies":[{"name":"wp","href":"https:\/\/api.w.org\/{rel}","templated":true}]}}