{"id":50388,"date":"2025-11-29T10:23:09","date_gmt":"2025-11-29T10:23:09","guid":{"rendered":"https:\/\/www.europesays.com\/lt\/50388\/"},"modified":"2025-11-29T10:23:09","modified_gmt":"2025-11-29T10:23:09","slug":"bolsonaro-advokatai-pateike-apeliacini-skunda","status":"publish","type":"post","link":"https:\/\/www.europesays.com\/lt\/50388\/","title":{"rendered":"Bolsonaro advokatai pateik\u0117 apeliacin\u012f skund\u0105"},"content":{"rendered":"<p><a rel=\"noopener nofollow\" target=\"_blank\" href=\"https:\/\/www.delfi.lt\/temos\/brazilija\" tag-id=\"21801190\">Brazilijos<\/a> Auk\u0161\u010diausiasis Teismas antradien\u012f nusprend\u0117, kad 70-metis J. Bolsonaras i\u0161s\u0117m\u0117 visas teisines galimybes ir tod\u0117l tur\u0117s atlikti vis\u0105 27 met\u0173 kal\u0117jimo bausm\u0119.<\/p>\n<p>J. Bolsonaro advokatai dabar argumentavo, kad buvus\u012f prezident\u0105 kaltu pripa\u017eino tik keturi i\u0161 penki\u0173 pirmosios teismo kolegijos teis\u0117j\u0173. Tod\u0117l jie, nurodydami \u012f bals\u0105 \u201eprie\u0161\u201c, reikalauja, kad visi 11 teismo teis\u0117j\u0173 panaikint\u0173 nuosprend\u012f. Kol kas neai\u0161ku, ar apeliacija turi perspektyv\u0173.<\/p>\n<p>Brazilijos Auk\u0161\u010diausiasis Teismas rugs\u0117j\u012f d\u0117l planuoto perversmo skyr\u0117 J. Bolsonarui daugiau kaip 27 met\u0173 laisv\u0117s at\u0117mimo bausm\u0119. J. Bolsonaras, kuris nuo 2019 iki 2022 m. buvo Brazilijos prezidentas, buvo pripa\u017eintas kaltu vadovav\u0119s \u201enusikalstamai organizacijai\u201c, kuri po jo pralaim\u0117jimo 2022 m. rinkimuose siek\u0117 nuversti dabartin\u012f kairi\u0173j\u0173 pa\u017ei\u016br\u0173 prezident\u0105 L. I. Lula da Silv\u0105. <\/p>\n<p>Auk\u0161\u010diausiasis teismas pri\u0117jo prie i\u0161vados, kad J. Bolsonaras 2023 m. sausio 8 d. kurst\u0117 savo \u0161alininkus \u0161turmuoti Auk\u0161\u010diausi\u0105j\u012f teism\u0105, prezidento r\u016bmus ir Kongres\u0105 sostin\u0117je. \u0160imtai jo r\u0117m\u0117j\u0173 tada \u012fsiver\u017e\u0117 \u012f pastatus ir juos smarkiai nuniokojo. Smurto scenos primin\u0117 dvejais metais anks\u010diau vykus\u012f tuomet rinkimus pralaim\u0117jusio JAV prezidento Donaldo Trumpo \u0161alinink\u0173 i\u0161puol\u012f prie\u0161 Kapitolij\u0173 Va\u0161ingtone.<\/p>\n<p>J. Bolsonaras neigia savo kalt\u0119 ir vadina save politinio persekiojimo auka. Ir JAV prezidentas Donaldas Trumpas kalba apie \u201eragan\u0173 med\u017eiokl\u0119\u201c. D\u0117l to jis buvo \u012fved\u0119s Brazilijai baud\u017eiamuosius muitus, ta\u010diau dabar daugelis j\u0173 jau at\u0161aukti.<\/p>\n","protected":false},"excerpt":{"rendered":"Brazilijos Auk\u0161\u010diausiasis Teismas antradien\u012f nusprend\u0117, kad 70-metis J. Bolsonaras i\u0161s\u0117m\u0117 visas teisines galimybes ir tod\u0117l tur\u0117s atlikti vis\u0105&hellip;\n","protected":false},"author":2,"featured_media":50389,"comment_status":"","ping_status":"","sticky":false,"template":"","format":"standard","meta":{"footnotes":""},"categories":[15],"tags":[25,4518,30,31,34,35,24,12550,32,33,37,39,36,38,40,23,22,44,28,29,26,27,74,75,76],"class_list":{"0":"post-50388","1":"post","2":"type-post","3":"status-publish","4":"format-standard","5":"has-post-thumbnail","7":"category-pasaulis","8":"tag-antrastes","9":"tag-brazilija","10":"tag-breaking-news","11":"tag-breakingnews","12":"tag-featured-news","13":"tag-featurednews","14":"tag-headlines","15":"tag-jairo-bolsonaro","16":"tag-latest-news","17":"tag-latestnews","18":"tag-lietuva","19":"tag-lietuviu","20":"tag-lithuania","21":"tag-lithuanian","22":"tag-lt","23":"tag-naujienos","24":"tag-news","25":"tag-pasaulis","26":"tag-populiariausios-naujienos","27":"tag-populiariausiosnaujienos","28":"tag-top-stories","29":"tag-topstories","30":"tag-world","31":"tag-world-news","32":"tag-worldnews"},"share_on_mastodon":{"url":"https:\/\/pubeurope.com\/@lt\/115632498479094291","error":""},"_links":{"self":[{"href":"https:\/\/www.europesays.com\/lt\/wp-json\/wp\/v2\/posts\/50388","targetHints":{"allow":["GET"]}}],"collection":[{"href":"https:\/\/www.europesays.com\/lt\/wp-json\/wp\/v2\/posts"}],"about":[{"href":"https:\/\/www.europesays.com\/lt\/wp-json\/wp\/v2\/types\/post"}],"author":[{"embeddable":true,"href":"https:\/\/www.europesays.com\/lt\/wp-json\/wp\/v2\/users\/2"}],"replies":[{"embeddable":true,"href":"https:\/\/www.europesays.com\/lt\/wp-json\/wp\/v2\/comments?post=50388"}],"version-history":[{"count":0,"href":"https:\/\/www.europesays.com\/lt\/wp-json\/wp\/v2\/posts\/50388\/revisions"}],"wp:featuredmedia":[{"embeddable":true,"href":"https:\/\/www.europesays.com\/lt\/wp-json\/wp\/v2\/media\/50389"}],"wp:attachment":[{"href":"https:\/\/www.europesays.com\/lt\/wp-json\/wp\/v2\/media?parent=50388"}],"wp:term":[{"taxonomy":"category","embeddable":true,"href":"https:\/\/www.europesays.com\/lt\/wp-json\/wp\/v2\/categories?post=50388"},{"taxonomy":"post_tag","embeddable":true,"href":"https:\/\/www.europesays.com\/lt\/wp-json\/wp\/v2\/tags?post=50388"}],"curies":[{"name":"wp","href":"https:\/\/api.w.org\/{rel}","templated":true}]}}