{"id":50467,"date":"2025-11-29T12:53:09","date_gmt":"2025-11-29T12:53:09","guid":{"rendered":"https:\/\/www.europesays.com\/lt\/50467\/"},"modified":"2025-11-29T12:53:09","modified_gmt":"2025-11-29T12:53:09","slug":"venecija-inicijavo-teisini-gretos-tunberg-persekiojima-respublika-lt","status":"publish","type":"post","link":"https:\/\/www.europesays.com\/lt\/50467\/","title":{"rendered":"Venecija inicijavo teisin\u012f Gretos Tunberg persekiojim\u0105 &#8211; Respublika.lt"},"content":{"rendered":"<p>    \u00d7<\/p>\n<p>    (1\/1) Venecija inicijavo teisin\u012f Gretos Tunberg persekiojim\u0105. EPA-Eltos nuotr. <a href=\"https:\/\/www.respublika.lt\/uploads\/img\/catalog\/1\/photo_1_31288513.jpg\" class=\"swiper-photo-download\" download=\"\" rel=\"nofollow noopener\" target=\"_blank\">Atsisi\u0173sti<\/a><\/p>\n<p><img loading=\"lazy\" decoding=\"async\" src=\"https:\/\/www.respublika.lt\/lt\/naujienos\/pasaulis\/kitos_pasaulio_naujienos\/venecija-inicijavo-teisini-gretos-tunberg-persekiojima\/images\/ico_camera_white.gif\" class=\"camera\" width=\"22\" height=\"15\" alt=\"nuotr.\" style=\"position:relative; top:-2px; right:2px;\"\/> 1 nuotr.<\/p>\n<p>Venecija inicijavo teisin\u012f Gretos Tunberg persekiojim\u0105. EPA-Eltos nuotr.<\/p>\n<p>Venecijos prokurat\u016bra prad\u0117jo tyrim\u0105 d\u0117l \u0160vedijos aplinkosaugos aktyvist\u0117s Gretos Tunbegr (Greta Thunberg) ir 36 jos bendra\u017eygi\u0173 i\u0161 klimato jud\u0117jimo \u201eExtinction Rebellion&#8221;, kurie prie\u0161 kelias dienas sureng\u0117 akcij\u0105 Did\u017eiajame kanale.<\/p>\n<p style=\"text-align: justify;\" class=\"desktop_banner\">\u00a0<\/p>\n<p>Pasak teis\u0117saugos institucij\u0173, miesto vandens tramvajumi plauk\u0119 aktyvistai \u012f kanal\u0105 supyl\u0117 aplinkai nekenksmingus ry\u0161kiai \u017ealius da\u017eus.<\/p>\n<p>Po patikrinim\u0173 tyrimas padar\u0117 i\u0161vad\u0105, kad vienintelis kaltinimas, kuris gali b\u016bti pareik\u0161tas ekologiniams aktyvistams, yra nesankcionuotos akcijos surengimas. \u0160iuo pagrindu Venecijos prokurat\u016bra prad\u0117jo byl\u0105.<\/p>\n<p>G.Tunberg bei kiti protestuotojai buvo nubausti 150 eur\u0173 bauda ir jiems 48 val. u\u017edrausta atvykti \u012f Venecij\u0105.<\/p>\n<p>Aplinkosaugos jud\u0117jimo \u201eExtinction Rebellion&#8221; aktyvistai lapkri\u010dio 22 d. \u012f Venecijos Did\u012fj\u012f kanal\u0105 supyl\u0117 da\u017e\u0173, d\u0117l kuri\u0173 vanduo tapo ry\u0161kiai \u017ealias.<\/p>\n<p>Veneto regiono gubernatorius Luka Dzaja (Luca Zaia) pasmerk\u0117 incident\u0105, pabr\u0117\u017edamas, kad toks poelgis yra dar vienas i\u0161puolis prie\u0161 miesto kult\u016bros paveld\u0105.<\/p>\n<p>Jis pa\u017eym\u0117jo, jog tokie veiksmai neprisideda prie aplinkos apsaugos, bet kenkia jai ir brangiai atsieina Venecijai, kuriai tenka valyti \u201esavirai\u0161kos&#8221; pasekmes.<\/p>\n<p>Naujausios \u017einios<\/p>\n<p><\/p>\n<p>        <a href=\"https:\/\/www.respublika.lt\/lt\/naujienos\/gamta\/gamta\/pablogejo-buveiniu-apsaugos-bukle\/\" rel=\"nofollow noopener\" target=\"_blank\"><img decoding=\"async\" oncontextmenu=\"return false\" class=\"block_item_newest_photo\" src=\"https:\/\/www.respublika.lt\/lt\/naujienos\/pasaulis\/kitos_pasaulio_naujienos\/venecija-inicijavo-teisini-gretos-tunberg-persekiojima\/uploads\/img\/catalog\/1\/photo_for_homepage_1_58775610.jpg\" alt=\"\" width=\"240\" height=\"154.45\"\/><\/a><\/p>\n<p>        <a href=\"https:\/\/www.respublika.lt\/lt\/naujienos\/lietuva\/verslas\/ryanair-atsisako-nuolaidu-programos-prime\/\" rel=\"nofollow noopener\" target=\"_blank\"><img decoding=\"async\" oncontextmenu=\"return false\" class=\"block_item_newest_photo\" src=\"https:\/\/www.respublika.lt\/lt\/naujienos\/pasaulis\/kitos_pasaulio_naujienos\/venecija-inicijavo-teisini-gretos-tunberg-persekiojima\/uploads\/img\/catalog\/1\/photo_for_homepage_1_41300614.jpg\" alt=\"\" width=\"240\" height=\"154.45\"\/><\/a><\/p>\n<p>Patiko straipsnis? Leisk mums apie tai su\u017einoti. Nepamir\u0161k pasidalinti Facebook! <\/p>\n<p><img loading=\"lazy\" decoding=\"async\" class=\"p2_social_circle_icon\" src=\"https:\/\/www.respublika.lt\/images\/thumbs_up.svg\" width=\"21\" height=\"22\" alt=\"L\"\/><\/p>\n<p><img loading=\"lazy\" decoding=\"async\" class=\"p2_social_circle_icon\" src=\"https:\/\/www.respublika.lt\/images\/facebook.svg\" alt=\"F\" width=\"22\" height=\"22\" style=\"filter: invert(37%) sepia(55%) saturate(2351%) hue-rotate(187deg) brightness(102%) contrast(106%);\"\/><\/p>\n<p>&#13;<br \/>\n\tNesutinkate &#8211; diskutuokime!<br \/>&#13;<br \/>\n\tNepykite komentatoriai, bet komentarai su keiksma\u017eod\u017eiais bus \u0161alinami automati\u0161kai, be atsipra\u0161ymo.\n    <\/p>\n<p>&#13;<br \/>\n              Respublika.lt pasilieka teis\u0119 pa\u0161alinti nekult\u016bringus, keiksma\u017eod\u017eiais pagardintus, su tema nesusijusius, kito asmens vardu pasira\u0161ytus, \u012fstatymus pa\u017eeid\u017eian\u010dius, \u0161lam\u0161t\u0105 reklamuojan\u010dius ar nusikalsti kurstan\u010dius komentarus. Jei kurstysite smurt\u0105, rasin\u0119, tautin\u0119, religin\u0119 ar kitokio pob\u016bd\u017eio neapykant\u0105, \u017evirbliu i\u0161skrid\u0119 j\u016bs\u0173 \u017eod\u017eiai gr\u012f\u017edami gali virsti ton\u0105 sverian\u010diu jau\u010diu &#8211; specialiosioms Lietuvos tarnyboms pareikalavus suteiksime j\u016bs\u0173 duomenis.\n            <\/p>\n","protected":false},"excerpt":{"rendered":"\u00d7 (1\/1) Venecija inicijavo teisin\u012f Gretos Tunberg persekiojim\u0105. EPA-Eltos nuotr. Atsisi\u0173sti 1 nuotr. Venecija inicijavo teisin\u012f Gretos Tunberg&hellip;\n","protected":false},"author":2,"featured_media":50468,"comment_status":"","ping_status":"","sticky":false,"template":"","format":"standard","meta":{"footnotes":""},"categories":[15],"tags":[6557,6933,25,3534,30,31,34,35,6930,24,965,1353,32,33,37,39,36,38,40,23,22,44,9278,28,29,26,27,12571,1965,74,75,76],"class_list":{"0":"post-50467","1":"post","2":"type-post","3":"status-publish","4":"format-standard","5":"has-post-thumbnail","7":"category-pasaulis","8":"tag-akcija","9":"tag-aktyvistai","10":"tag-antrastes","11":"tag-bauda","12":"tag-breaking-news","13":"tag-breakingnews","14":"tag-featured-news","15":"tag-featurednews","16":"tag-greta","17":"tag-headlines","18":"tag-italija","19":"tag-klimato","20":"tag-latest-news","21":"tag-latestnews","22":"tag-lietuva","23":"tag-lietuviu","24":"tag-lithuania","25":"tag-lithuanian","26":"tag-lt","27":"tag-naujienos","28":"tag-news","29":"tag-pasaulis","30":"tag-persekiojimas","31":"tag-populiariausios-naujienos","32":"tag-populiariausiosnaujienos","33":"tag-top-stories","34":"tag-topstories","35":"tag-tunberg","36":"tag-venecija","37":"tag-world","38":"tag-world-news","39":"tag-worldnews"},"share_on_mastodon":{"url":"https:\/\/pubeurope.com\/@lt\/115633088580379217","error":""},"_links":{"self":[{"href":"https:\/\/www.europesays.com\/lt\/wp-json\/wp\/v2\/posts\/50467","targetHints":{"allow":["GET"]}}],"collection":[{"href":"https:\/\/www.europesays.com\/lt\/wp-json\/wp\/v2\/posts"}],"about":[{"href":"https:\/\/www.europesays.com\/lt\/wp-json\/wp\/v2\/types\/post"}],"author":[{"embeddable":true,"href":"https:\/\/www.europesays.com\/lt\/wp-json\/wp\/v2\/users\/2"}],"replies":[{"embeddable":true,"href":"https:\/\/www.europesays.com\/lt\/wp-json\/wp\/v2\/comments?post=50467"}],"version-history":[{"count":0,"href":"https:\/\/www.europesays.com\/lt\/wp-json\/wp\/v2\/posts\/50467\/revisions"}],"wp:featuredmedia":[{"embeddable":true,"href":"https:\/\/www.europesays.com\/lt\/wp-json\/wp\/v2\/media\/50468"}],"wp:attachment":[{"href":"https:\/\/www.europesays.com\/lt\/wp-json\/wp\/v2\/media?parent=50467"}],"wp:term":[{"taxonomy":"category","embeddable":true,"href":"https:\/\/www.europesays.com\/lt\/wp-json\/wp\/v2\/categories?post=50467"},{"taxonomy":"post_tag","embeddable":true,"href":"https:\/\/www.europesays.com\/lt\/wp-json\/wp\/v2\/tags?post=50467"}],"curies":[{"name":"wp","href":"https:\/\/api.w.org\/{rel}","templated":true}]}}