{"id":50479,"date":"2025-11-29T13:01:14","date_gmt":"2025-11-29T13:01:14","guid":{"rendered":"https:\/\/www.europesays.com\/lt\/50479\/"},"modified":"2025-11-29T13:01:14","modified_gmt":"2025-11-29T13:01:14","slug":"padaugejo-auku-po-rusijos-atakos-kyjive-zuvo-2-zmones-15-suzeista-tarp-ju-vaikas-tv3-lt","status":"publish","type":"post","link":"https:\/\/www.europesays.com\/lt\/50479\/","title":{"rendered":"Padaug\u0117jo auk\u0173 po Rusijos atakos Kyjive: \u017euvo 2 \u017emon\u0117s, 15 su\u017eeista, tarp j\u0173 vaikas &#8211; tv3.lt"},"content":{"rendered":"<ol>\n<li><a href=\"https:\/\/news.google.com\/rss\/articles\/CBMixAFBVV95cUxOSzhiZkJtQkE3WDBCSWFVTzd3XzlHVlptNjF1WDJrR25DU3p1UlhhQ3F5cm5RVmdTS1gwakR6SEd2ak9UcWxJejgyTk0wdUZwWTVZTXEtVnk1MkJJNVJBYmt0c1FjWTNfc0UxMTlHX1NvQWdHOGowRDBNYXJYdmFoSFNnNkEzeUlTQldnV3dKSDliMTBWSGFVdGhOc2FCVmxPdWRnUlhZTFJ6T1VsbnM2WmkwQXNqMnhwOE95QnVEMW5KUzhB?oc=5\" target=\"_blank\" rel=\"nofollow noopener\">Padaug\u0117jo auk\u0173 po Rusijos atakos Kyjive: \u017euvo 2 \u017emon\u0117s, 15 su\u017eeista, tarp j\u0173 vaikas<\/a>&nbsp;&nbsp;tv3.lt<\/li>\n<li><a href=\"https:\/\/news.google.com\/rss\/articles\/CBMiugFBVV95cUxQbmcwbk1DWEhDQjJyekhpUUUxT3NfeVlzSXoyMFpCVkRtRjE1XzdLM041ckVuV3RQUS1zcTBfS28zNmxKRjJ1Rnd1VnZseVM5TTBDQWhfX1lDLTVrTlNqUkQ2TVRkNGpXZ0cxZE5Ma2NBR0JVVXZTNmNCV3BUdk9saERvTGpacGlvcjVlNGQwVU9BZ2JaVUNoNnV1TjlKczZySGF1UkxSSnJaTGdtenQ4ajJKMm1SVm1SeXc?oc=5\" target=\"_blank\" rel=\"nofollow noopener\">Karas Ukrainoje. Rusijos dron\u0173 ataka vir\u0161 Kyjivo: \u017euvo du, su\u017eeista 11<\/a>&nbsp;&nbsp;Delfi<\/li>\n<li><a href=\"https:\/\/news.google.com\/rss\/articles\/CBMi1gFBVV95cUxNbFhKcmx2c0xiQW9PMDNYUzVmTzJ5dTZiRmdqQnZlMzhnOHQ4cEpJRTZoX3ZlbmVUNnZwU2liOHUtVWNEUGt3XzlxUGNuZGtvY0Y4NUtjbHZaV0dVeEc4MGpaNFJ5LTg1bjdoTno1RlVkOVFLVkhwWVlFZklBcldnVXhPcjk4MGpYdlJsTy1zamhLVDMzTEZSVWgzTHBnM1JEVVVQRzVENG5UTzMxNzNFcTZOMUhuWE4yZVh6d0NLSFR1VXVwbWxaRXhhcTU3ejNSdFlqbDl3?oc=5\" target=\"_blank\" rel=\"nofollow noopener\">Per Rusijos dron\u0173 atak\u0105 Kyjive \u017euvo ma\u017eiausiai vienas \u017emogus, dar septyni su\u017eeisti<\/a>&nbsp;&nbsp;15min.lt<\/li>\n<li><a href=\"https:\/\/news.google.com\/rss\/articles\/CBMi2wFBVV95cUxNQ0hXXzFnY25XX2xYdTROODN2ZXBYXzdSajlVX2lFeTlCeEVMSG1FblY2V3htZnMwTU5QQXFqNGd3VWxWQ3RPM05NdFRLbXNMdlBJOU14WXYyR2VEWXdhYzM5cnd3ZE9kbUt2NG5EcFhVOWhBSzhBb2JER1NzdFFQUnEwNGhsVjc2SkJfLUs4OVN0RTNHZE80d1M3dEZFcHUxb1lUYk1MSm9EYmxHbFg3aERxb1ZrdXpMUjBYNTdreEtaNFNjVnVQSUlGc2VMMHVGOTZSMkNING1jTGc?oc=5\" target=\"_blank\" rel=\"nofollow noopener\">Ukraina: po Rusijos atakos be elektros liko daugiau nei 600 t\u016bkst. \u017emoni\u0173<\/a>&nbsp;&nbsp;Kauno diena<\/li>\n<li><a href=\"https:\/\/news.google.com\/rss\/articles\/CBMitgFBVV95cUxQOUlQcXkxZFdrX2hmUjhxMkNVa0Z5MG0yOUw2VEFabS1lcnNFWENrd3E0ZlQtSVp2R3JjcGM1Mm1hMTdQcmd1MktoN3lPQ1hYOWhOTWlLNndLaW5kS1lVSWZCb01nVGlfN2lnWU4xaE9XU0NkdlJjODVoZ1l3YWZnWXF0enZGQWh3LW5JR1FvZUowS28zdXI5WF9TTXFRVkp4TEVkVmVNbHZ5eUs5dzhXTWZOMm5ZQQ?oc=5\" target=\"_blank\" rel=\"nofollow noopener\">Suskai\u010diavo, kiek Kyjive nuo met\u0173 prad\u017eios per rus\u0173 atakas \u017euvo \u017emoni\u0173<\/a>&nbsp;&nbsp;tv3.lt<\/li>\n<\/ol>\n","protected":false},"excerpt":{"rendered":"Padaug\u0117jo auk\u0173 po Rusijos atakos Kyjive: \u017euvo 2 \u017emon\u0117s, 15 su\u017eeista, tarp j\u0173 vaikas&nbsp;&nbsp;tv3.lt Karas Ukrainoje. Rusijos dron\u0173&hellip;\n","protected":false},"author":2,"featured_media":50480,"comment_status":"","ping_status":"","sticky":false,"template":"","format":"standard","meta":{"footnotes":""},"categories":[6],"tags":[12573,25,30,31,57,43,34,35,55,48,24,54,51,49,50,32,33,37,39,36,38,40,45,23,22,44,28,29,53,42,56,47,26,27,41,46,58,52],"class_list":{"0":"post-50479","1":"post","2":"type-post","3":"status-publish","4":"format-standard","5":"has-post-thumbnail","7":"category-antrastes","8":"tag-2025-11-29-075500","9":"tag-antrastes","10":"tag-breaking-news","11":"tag-breakingnews","12":"tag-daiktai","13":"tag-dienos-kronika","14":"tag-featured-news","15":"tag-featurednews","16":"tag-gatves-tekstai","17":"tag-gyvenimas","18":"tag-headlines","19":"tag-interneto-pievos","20":"tag-keliones","21":"tag-kultura","22":"tag-laisvalaikis","23":"tag-latest-news","24":"tag-latestnews","25":"tag-lietuva","26":"tag-lietuviu","27":"tag-lithuania","28":"tag-lithuanian","29":"tag-lt","30":"tag-mokslas-ir-it","31":"tag-naujienos","32":"tag-news","33":"tag-pasaulis","34":"tag-populiariausios-naujienos","35":"tag-populiariausiosnaujienos","36":"tag-projektai","37":"tag-rinktiniai-tekstai","38":"tag-simtmecio-portalas","39":"tag-sportas","40":"tag-top-stories","41":"tag-topstories","42":"tag-tv3-lt","43":"tag-verslas","44":"tag-video","45":"tag-zaidimai"},"share_on_mastodon":{"url":"","error":"Validation failed: Text character limit of 500 exceeded"},"_links":{"self":[{"href":"https:\/\/www.europesays.com\/lt\/wp-json\/wp\/v2\/posts\/50479","targetHints":{"allow":["GET"]}}],"collection":[{"href":"https:\/\/www.europesays.com\/lt\/wp-json\/wp\/v2\/posts"}],"about":[{"href":"https:\/\/www.europesays.com\/lt\/wp-json\/wp\/v2\/types\/post"}],"author":[{"embeddable":true,"href":"https:\/\/www.europesays.com\/lt\/wp-json\/wp\/v2\/users\/2"}],"replies":[{"embeddable":true,"href":"https:\/\/www.europesays.com\/lt\/wp-json\/wp\/v2\/comments?post=50479"}],"version-history":[{"count":0,"href":"https:\/\/www.europesays.com\/lt\/wp-json\/wp\/v2\/posts\/50479\/revisions"}],"wp:featuredmedia":[{"embeddable":true,"href":"https:\/\/www.europesays.com\/lt\/wp-json\/wp\/v2\/media\/50480"}],"wp:attachment":[{"href":"https:\/\/www.europesays.com\/lt\/wp-json\/wp\/v2\/media?parent=50479"}],"wp:term":[{"taxonomy":"category","embeddable":true,"href":"https:\/\/www.europesays.com\/lt\/wp-json\/wp\/v2\/categories?post=50479"},{"taxonomy":"post_tag","embeddable":true,"href":"https:\/\/www.europesays.com\/lt\/wp-json\/wp\/v2\/tags?post=50479"}],"curies":[{"name":"wp","href":"https:\/\/api.w.org\/{rel}","templated":true}]}}