{"id":50491,"date":"2025-11-29T13:17:16","date_gmt":"2025-11-29T13:17:16","guid":{"rendered":"https:\/\/www.europesays.com\/lt\/50491\/"},"modified":"2025-11-29T13:17:16","modified_gmt":"2025-11-29T13:17:16","slug":"advento-kalendoriu-manija-kainuoja-daug-o-kokia-nauda","status":"publish","type":"post","link":"https:\/\/www.europesays.com\/lt\/50491\/","title":{"rendered":"Advento kalendori\u0173 manija: kainuoja daug, o kokia nauda?"},"content":{"rendered":"<p>Apsilankius elektronin\u0117se ir fizin\u0117se parduotuv\u0117se ne\u012fmanoma nepasteb\u0117ti, kokia plati \u0161iais metais advento kalendori\u0173 pasi\u016bla, pradedant nuo tradicini\u0173 kalendori\u0173 su \u0161okoladiniais saldainiais viduje. Remiantis elektronine parduotuve \u201eBarbora\u201c, j\u012f galima \u012fsigyti i\u0161leid\u017eiant nuo 1,99 euro (be nuolaidos 3,49 euro). <\/p>\n<p>Brangiau atsieit\u0173 \u201eReese\u2019s\u201c kalendorius kainuoja (8,99 euro, be nuolaidos tekt\u0173 i\u0161leisti 14,99 euro), \u201eMilka Oreo\u201c \u2013 9,49 euro (\u012fprastu metu 15,99 euro). <\/p>\n<p>    <img decoding=\"async\" src=\"https:\/\/www.europesays.com\/lt\/wp-content\/uploads\/2025\/11\/5c90c794-bb3a-4f3a-ac11-d939ff300057.jpg\" loading=\"lazy\" alt=\"Advento kalendoriai \"\/>    <\/p>\n<p>Vis d\u0117lto socialiniuose tinkluose galima pasteb\u0117ti, kad daug moter\u0173 domisi kosmetikos priemoni\u0173 kalendoriais. <\/p>\n<p>\u201eMamos, pasidalinkite, kur galima \u012fsigyti \u201e<a rel=\"noopener nofollow\" target=\"_blank\" href=\"https:\/\/www.delfi.lt\/temos\/sephora\" tag-id=\"77297067\">Sephora<\/a>\u201c advento kalendori\u0173? Mergait\u0117 pra\u0161o, ne\u017einau, kur u\u017esakyti\u201c, \u2013 vienoje i\u0161 grupi\u0173 ra\u0161\u0117 moteris. <\/p>\n<p>\u201eKokius perkate advento kalendorius savo paaugl\u0117ms mergait\u0117ms \u0161iemet? Gal u\u017emat\u0117t k\u0105 \u012fdomesnio?\u201c, \u2013 klaus\u0117 kita vartotoja. <\/p>\n<p>Tiesa, kai kurios moterys nurod\u0117, kad advento kalendorius savo vaikams kuria pa\u010dios, nes \u012fsigyti ankstesniais metais nepaliko \u012fsp\u016bd\u017eio. <\/p>\n<p>\u201eDelfi\u201c pasidair\u0117, koki\u0173 advento kalendori\u0173 si\u016blo prekybininkai, taip pat paklaus\u0117 eksper\u010di\u0173, kod\u0117l jie tokie populiar\u016bs ir ar tai finansi\u0161kai racionalus pirkinys. <\/p>\n<p>Si\u016blo kalendori\u0173 Nauj\u0173j\u0173 laukimui <\/p>\n<p>Pavyzd\u017eiui, \u201eSephora\u201c advento kalendori\u0173 vienoje i\u0161 lietuvi\u0161k\u0173 elektronini\u0173 parduotuvi\u0173 galima \u012fsigyti u\u017e ma\u017edaug 100 eur\u0173. Tiesa, tai yra kaina su nuolaida, be jos tekt\u0173 mok\u0117ti 119,9 euro. Rinkinyje galima rasti \u012fvairi\u0173 makia\u017eo priemoni\u0173 ir aksesuar\u0173: i\u0161 nuotraukos matyti, kad tarp j\u0173 yra makia\u017eo kempin\u0117, micelinis vanduo ir pana\u0161iai. Teigiama, kad rinkinyje yra ir 12 viso dyd\u017eio produkt\u0173: l\u016bp\u0173 da\u017eai, serumas, aki\u0173 tu\u0161as ir pana\u0161iai. <\/p>\n<p>Kitas \u0161io prek\u0117s \u017eenklo kalendorius gali atsieiti 150 eur\u0173 (be nuolaidos \u2013 180 eur\u0173), tiesa, neai\u0161ku, ar jame yra viso dyd\u017eio produkt\u0173. U\u017e brangiausi\u0105 \u201eSephora\u201c kalendori\u0173 aptariamoje parduotuv\u0117je tekt\u0173 i\u0161leisti 320 eur\u0173 (be nuolaidos \u2013 360 eur\u0173). Nors kaina nema\u017ea, \u012f rinkin\u012f \u012ftrauktos ir tokios prek\u0117s kaip plauk\u0173 gumel\u0117s, segtukai, ta\u010diau yra ir kvepal\u0173. <\/p>\n<p>\u012edomu, kad \u201eSephora\u201c si\u016blo 7 dien\u0173 kalendori\u0173 ir Nauj\u0173j\u0173 met\u0173 laukimui \u2013 pirk\u0117jai kvie\u010diami nuo gruod\u017eio 25 iki gruod\u017eio 31 dienos \u201et\u0119sti \u0161ventin\u0119 nuotaik\u0105\u201c. Rinkinys kainuoja 100 eur\u0173 su nuolaida: tiek tekt\u0173 sumok\u0117ti u\u017e paaki\u0173 kauk\u0119, nag\u0173 lak\u0105, l\u016bp\u0173 da\u017eus, matinius skaistalus ir pana\u0161ias gro\u017eio priemones. <\/p>\n<p>U\u017e 400 eur\u0173 \u2013 12 \u0161ventini\u0173 dien\u0173 <\/p>\n<p>\u012esp\u016bding\u0105 savo kaina ir pakuote advento kalendori\u0173 parduoda elektronin\u0117 parduotuv\u0117 douglas.lt. \u201eLa Mer\u201c prek\u0117s \u017eenklo rinkinys \u012fkainotas 408 eurais, ta\u010diau be teksto ra\u0161ymo metu galiojusios nuolaidos tekt\u0173 mok\u0117ti 510 eur\u0173. <\/p>\n<p>Verta atkreipti d\u0117mes\u012f, kad jame yra 12 \u0161ventini\u0173 dien\u0173, o viso dyd\u017eio produkt\u0173, pana\u0161u, vos keli. \u010cia pirk\u0117jas rast\u0173 30 mililitr\u0173 talpos veido losjon\u0105, 5 mililitr\u0173 veido serum\u0105, 9 gram\u0173 l\u016bp\u0173 balzam\u0105, 15 mililitr\u0173 dr\u0117kinam\u0105j\u012f veido krem\u0105 ir pana\u0161iai. <\/p>\n<p>    <img decoding=\"async\" src=\"https:\/\/www.europesays.com\/lt\/wp-content\/uploads\/2025\/11\/0aa75d8c-5a8f-461b-a66e-c44e519c40b4.jpg\" loading=\"lazy\" alt=\"\u201eLa Mer\u201c Advento kalendorius\"\/>      <\/p>\n<p>Pranc\u016bzijos kosmetikos prek\u0117s \u017eenklo \u201e<a rel=\"noopener nofollow\" target=\"_blank\" href=\"https:\/\/www.delfi.lt\/temos\/loccitane\" tag-id=\"59771099\">L&#8217;Occitane<\/a>\u201c advento kalendorius, kuris, kaip teigiama, yra prabangus, kainuoja 175 eurus, o jo vert\u0117 es\u0105 siekia arti 300 eur\u0173. Rinkinio pakuot\u0117 itin puo\u0161ni, imituojanti Provanso stiliaus regiono namo stilistik\u0105. Jame \u2013 veido serumai ir kremai, du\u0161o aliejai ir \u017eel\u0117s, rank\u0173 kremai, tualetinis vanduo, \u0161amp\u016bnas. Produkt\u0173 dydis svyruoja nuo 7 iki 75 mililitr\u0173. <\/p>\n<p>Tiesa, \u201eL&#8217;Occitane\u201c si\u016blo ir pigesni\u0173 alternatyv\u0173 \u2013 u\u017e 50 eur\u0173 (be nuolaidos 78,5 euro) arba 75 eurus (\u012fprastu metu \u2013 91,5 euro) galima \u012fsigyti kosmetikos rinkini\u0173, kurie yra supakuoti \u012f daugkartin\u0119 pakuot\u0119. <\/p>\n<p>       <img decoding=\"async\" src=\"https:\/\/www.europesays.com\/lt\/wp-content\/uploads\/2025\/11\/a411fce6-1a10-4be2-ba26-77ccde24d394.jpg\" loading=\"lazy\" alt=\"\u201eLoccitane\u201c advento kalendorius\"\/>    <\/p>\n<p>Kita kosmetikos prekybinink\u0117 \u201eBody Shop\u201c si\u016blo dviej\u0173 biud\u017eet\u0173 advento kalendorius: vienas kainuoja 89 eurus, jame \u2013 \u012fvairios k\u016bno prie\u017ei\u016bros priemon\u0117s, rank\u0173 kremai, du\u0161o \u017eel\u0117s ir pana\u0161iai. Produkt\u0173 kiekiai siekia nuo 10 iki 60 mililitr\u0173. <\/p>\n<p>Pasirinkus did\u012fj\u012f \u201eBody Shop\u201c advento kalendori\u0173, tekt\u0173 sumok\u0117ti 175 eurus. I\u0161 pateikto apra\u0161ymo galima suprasti, kad pirk\u0117jas jame rast\u0173 ir viso dyd\u017eio produkt\u0173.   <\/p>\n<p>\u201eDior\u201c kalendorius u\u017e t\u016bkstant\u012f eur\u0173 <\/p>\n<p>Vis d\u0117lto i\u0161vardyti pavyzd\u017eiai toli gra\u017eu n\u0117ra patys brangiausi, lyginti su u\u017esienyje si\u016blomais. Prabangos prek\u0117s \u017eenklai si\u016blo \u012fsigyti ir toki\u0173 advento kalendori\u0173, kuriems tekt\u0173 pakloti daugiau nei vis\u0105 lietuvi\u0161k\u0105 minimali\u0105 m\u0117nesio alg\u0105. <\/p>\n<p>\u0160tai daug d\u0117mesio sulauk\u0117 \u201e<a rel=\"noopener nofollow\" target=\"_blank\" href=\"https:\/\/www.delfi.lt\/temos\/dior\" tag-id=\"64191392\">Dior<\/a>\u201c mados nam\u0173 pasi\u016blytas kalendorius, kuris kainuoja 1 t\u016bkst. eur\u0173. Vis d\u0117lto dalis vartotoj\u0173, pana\u0161u, juo neliko su\u017eav\u0117ti. <\/p>\n<p>Vienas turinio k\u016br\u0117jas \u201eTikTok\u201c \u012fkeltame vaizdo \u012fra\u0161e pasidalijo, kad rinkinyje rado ma\u017e\u0105 makia\u017eo valymo servet\u0117l\u0119, Kal\u0117d\u0173 egl\u0117s papuo\u0161im\u0173, nag\u0173 lak\u0105, skaistalus, nedidel\u012f \u201eDior\u201c kvepal\u0173 buteliuk\u0105, kit\u0173 makia\u017eo priemoni\u0173. <\/p>\n<p>\u201ePrimena dro\u017etuk\u0105. Kas tai, po velni\u0173? Tai ma\u017eiausias kvepal\u0173 buteliukas, kok\u012f kada nors ma\u010diau. Tok\u012f gal\u0117\u010diau gauti nemokamai \u201eSephora\u201c parduotuv\u0117je. Nesupraskite man\u0119s klaidingai, jis mielas, \u017eavus, bet u\u017e 1 t\u016bkst. eur\u0173 gauti tok\u012f\u2026\u201c, \u2013 piktinosi k\u016br\u0117jas. <\/p>\n<p>    <img decoding=\"async\" src=\"https:\/\/www.europesays.com\/lt\/wp-content\/uploads\/2025\/11\/c13f33b8-ae3f-4675-82dd-684189831059.jpg\" loading=\"lazy\" alt=\"\u201eDior\u201c advento kalendorius nesu\u017eav\u0117jo vartotoj\u0173 \"\/>      <\/p>\n<p>Nesidomintys kosmetika taip pat turi daug pasirinkim\u0173. \u0160tai \u201eRedBull\u201c \u0161\u012fmet pasi\u016bl\u0117 energini\u0173 g\u0117rim\u0173 kalendori\u0173, kuriame yra 24 skardin\u0117s populiariojo g\u0117rimo. Pana\u0161u, kad jis sulauk\u0117 populiarumo, lietuviai socialiniuose tinkluose dom\u0117josi, kur j\u012f gal\u0117t\u0173 \u012fsigyti. Kaina skirtingose parduotuv\u0117se lapkri\u010dio prad\u017eioje siek\u0117 40\u201345 eurus. <\/p>\n<p>Dar vien\u0105 \u012fdom\u0173 kalendori\u0173 pasi\u016bl\u0117 \u201ePringles\u201c tra\u0161ku\u010di\u0173 gamintoja. Jame \u2013 24 ma\u017eos \u0161i\u0173 tra\u0161ku\u010di\u0173 pakuot\u0117s. \u0160iuo metu prekyboje jo n\u0117ra, ta\u010diau anks\u010diau \u201eBarbora\u201c j\u012f si\u016bl\u0117 u\u017e 30\u201345 eurus skirtingais laikotarpiais. <\/p>\n<p>Taip pat galima \u012fsigyti arbatos kalendori\u0173 su 24 pakeliais \u012fvairi\u0173 skoni\u0173 arbatos, tokie puslapyje kavosdraugas.lt kainuoja 10 eur\u0173, kavos rinkiniai kiek brangesni \u2013 po ma\u017edaug 30 eur\u0173. <\/p>\n<p>O \u0161tai \u201eLego\u201c advento kalendoriai perkant i\u0161 oficialios prekybinink\u0117s kainuoja po 30\u201338 eurus, j\u0173 tematikos \u012fvairios \u2013 galima rinktis \u201eLedo \u0161alies\u201c, \u201e\u017dvaig\u017ed\u017ei\u0173 kar\u0173\u201c, serialo \u201eDraugai\u201c ar \u201eHario Poterio\u201c rinkinius. <\/p>\n<p>\u012e emocijas besitaikantis pirkinys  <\/p>\n<p>Skaitmenin\u0117s <a rel=\"noopener nofollow\" target=\"_blank\" href=\"https:\/\/www.delfi.lt\/temos\/rinkodara\" tag-id=\"58158218\">rinkodaros<\/a> agent\u016bros \u201eAsteri\u201c vadov\u0117 Joana \u0160aulien\u0117 kalb\u0117dama apie advento kalendorius nurod\u0117, kad tai yra stipri prek\u0117s \u017eenkl\u0173 rinkodaros priemon\u0117, o \u017evelgiant i\u0161 vartotojo perspektyvos \u2013 emocinis pirkinys. <\/p>\n<p>\u201eAdvento kalendorius turi emocin\u0119 vert\u0119, nes \u017emogus laukia ka\u017eko malonaus. Rinkodaros prasme tai yra puikus \u012frankis prek\u0117s \u017eenklui adaptuotis ir gruod\u017eio m\u0117nes\u012f i\u0161naudoti pla\u010diau. Nes tai yra \u201eBlack Friday\u201c laikotarpis, kal\u0117din\u0117 prekyba. Kai kurie verslai per \u0161\u012f laikotarp\u012f u\u017edirba metines pajamas. O prekyboje da\u017eniausiai geriausiai pasiteisina tai, kas eina per emocij\u0105, spontani\u0161kum\u0105. Kai kartais nepagalvojame apie biud\u017eet\u0105 ar kad mums to visai nereikia\u201c, \u2013 \u012f\u017evalgomis dalijosi J. \u0160aulien\u0117. <\/p>\n<p>    <img decoding=\"async\" src=\"https:\/\/www.europesays.com\/lt\/wp-content\/uploads\/2025\/11\/d947e18b-91de-4fa9-9416-3a99b8158335.jpg\" loading=\"lazy\" alt=\"Joana \u0160aulien\u0117\"\/>      <\/p>\n<p>Ji \u012fprot\u012f \u012fsigyti advento kalendori\u0173 lygino su Helovyno tendencijomis \u2013 dar prie\u0161 kelerius metus jis nebuvo pla\u010diai \u0161ven\u010diamas, o \u0161iais metais \u012fvairiose parduotuv\u0117se buvo pilna su tuo susijusi\u0173 preki\u0173. <\/p>\n<p>\u201eAnalogi\u0161kai yra ir su adventu. \u017daismingai pateikiama dar viena prek\u0117, kuri yra labai maloniai priimama. Prek\u0117s \u017eenklams tai yra galimyb\u0117, nes \u017emogus atidaro tiek dien\u0173, tai rei\u0161kia, kad i\u0161bandys nema\u017eai produkt\u0173 ir, tik\u0117tina, pamils t\u0105 prek\u0117s \u017eenkl\u0105\u201c, \u2013 kalb\u0117jo J. \u0160aulien\u0117. <\/p>\n<p>Ji sutiko su pasteb\u0117jimu, kad prek\u0117s \u017eenklai daug investuoja \u012f advento kalendori\u0173 \u012fpakavim\u0105, gra\u017eias d\u0117\u017ees. Ekspert\u0117s teigimu, pakuot\u0117 yra tarsi r\u016bbas, o tarp \u012fmoni\u0173 vyrauja mil\u017eini\u0161ka konkurencija, nes advento rinkinius si\u016blo bene kas antras prek\u0117s \u017eenklas.  <\/p>\n<p>\u201ePakuot\u0117 yra vienas t\u0173 dalyk\u0173, kuris lemia [ar pirkti \u2013 aut. pastaba], nes \u017emogus j\u012f lies kiekvien\u0105 dien\u0105, gro\u017e\u0117sis. Tai turi patikti\u201c, \u2013 vertino ji. <\/p>\n<p>Lietuvi\u0161ki prek\u0117s \u017eenklai, pasak J. \u0160aulien\u0117s, taip pat stengiasi neatsilikti nuo \u0161ios tendencijos, kai kurie si\u016blo elektroninius advento kalendorius, kur skirtingomis dienomis pateikia \u012fvairias naujienas ir nuolaidas. <\/p>\n<p>Ragina susiplanuoti biud\u017eet\u0105, apgalvoti pirkim\u0105 <\/p>\n<p>Ta\u010diau kaip vertinti, kad advento kalendoriai kainuoja nema\u017eai, o j\u0173 viduje da\u017enai \u2013 tik m\u0117gini\u0173 dyd\u017eio pakuot\u0117s? <\/p>\n<p>\u201eKiekvienas vertina pagal savo ki\u0161en\u0119, kiek gali sau leisti. Ka\u017ekam tai proga pasilepinti, ka\u017ekam simbolinis pirkinys, kai kiekvien\u0105 dien\u0105 [iki Kal\u0117d\u0173 \u2013 aut. pastaba] gauni staigmen\u0105. J\u016bs gerai \u012fvardijote, kad kosmetikos, parfumerijos rinkos si\u016blo brangius kalendorius\u201c, \u2013 sutiko skaitmenin\u0117s rinkodaros ekspert\u0117. <\/p>\n<p>Savo ruo\u017etu \u201eSwedbank\u201c Finans\u0173 instituto vadov\u0117 <a rel=\"noopener nofollow\" target=\"_blank\" href=\"https:\/\/www.delfi.lt\/temos\/jurate-cvilikiene\" tag-id=\"73457602\">J\u016brat\u0117 Cvilikien\u0117<\/a> \u201eDelfi\u201c sak\u0117, kad, vis\u0173 pirma, svarbiausia i\u0161 anksto susiplanuoti dovanoms skirt\u0105 biud\u017eet\u0105. Kitu atveju rizikuojama patirti didel\u012f spaudim\u0105 pirkti ir galiausiai i\u0161leisti daugiau nei ketinta. <\/p>\n<p>    <img decoding=\"async\" src=\"https:\/\/www.europesays.com\/lt\/wp-content\/uploads\/2025\/11\/cad29791-16de-4cea-bfb9-c59ede24d64e.jpg\" loading=\"lazy\" alt=\"J\u016brat\u0117 Cvilikien\u0117\"\/>      <\/p>\n<p>\u201eTyrimai rodo, kad lietuviai vis daugiau pinig\u0173 skiria \u0161vent\u0117ms, dovanos ir vai\u0161\u0117s brangsta, daug\u0117ja brangi\u0173 dovan\u0173. Ai\u0161ku, jas sau leisti gali ne visi, da\u017eniau tai yra didmies\u010di\u0173 gyventojai. Bet paskui nutinka, kad \u012f normalias v\u0117\u017ees gr\u012f\u017eti b\u016bna sunku\u201c, \u2013 sak\u0117 J. Cvilikien\u0117. <\/p>\n<p>Atkreipus d\u0117mes\u012f, kad advento kalendorius \u017emon\u0117s, ko gero, perka ne kaip pagrindin\u0119 Kal\u0117d\u0173 dovan\u0105, o tik kaip vien\u0105 i\u0161 j\u0173, ekspert\u0117 akcentavo, kad prad\u0117ti \u0161v\u0119sti norima vis anks\u010diau. <\/p>\n<p>\u201ePrekybininkai specialiai nori i\u0161tempti t\u0105 laikotarp\u012f, prigalvoti, kad \u201e\u017ei\u016br\u0117k, tau dar reikia ka\u017ekokios dovanos\u201c. Lygiai tas pats yra su vestuvi\u0173 \u0161ventimu, dabar be mergvakario ar bernvakario ne\u012fmanoma \u2013 formuojama tokia rinkodaros tradicija, kuri labai pakelia \u0161vent\u0117s kain\u0105. Ger\u0117jantis gyvenimas leid\u017eia tame dalyvauti, labai veikia ir socialiniai tinklai. Jeigu koks nors nuomon\u0117s formuotojas parod\u0117, k\u0105 a\u0161 pati pasteb\u0117jau [su advento kalendoriais \u2013 aut. pastaba], tai tampa nauja mada. Jai daug kas pasiduos ir tai kainuos pinigus\u201c, \u2013 kalb\u0117jo J. Cvilikien\u0117. <\/p>\n<p>Be kita ko, ekspert\u0117 pasteb\u0117jo, kad lietuviai neturi \u012fpro\u010dio dovan\u0173 \u012fteikti kartu su pirkimo kvitu, kad jas b\u016bt\u0173 galima gr\u0105\u017einti, kas yra labai populiaru Jungtin\u0117se Amerikos Valstijose. <\/p>\n<p>Vartotojams ji link\u0117jo s\u0105moningumo ir apgalvoto pirkimo. <\/p>\n<p>\u201eMan li\u016bdna matyti visas tas plastmases, gra\u017eiai \u012fpakuotus vienkartinius dalykus, kurie mums nei reikalingi, nei daugeliu atvej\u0173 bus panaudoti. Labai norisi palink\u0117ti s\u0105moningumo. Suprantu, kad norisi neprarasti tos nuotaikos, bet kartais mes \u012fsisukame pernelyg smarkiai\u201c, \u2013 pabr\u0117\u017e\u0117 pa\u0161nekov\u0117.<\/p>\n","protected":false},"excerpt":{"rendered":"Apsilankius elektronin\u0117se ir fizin\u0117se parduotuv\u0117se ne\u012fmanoma nepasteb\u0117ti, kokia plati \u0161iais metais advento kalendori\u0173 pasi\u016bla, pradedant nuo tradicini\u0173 kalendori\u0173&hellip;\n","protected":false},"author":2,"featured_media":50492,"comment_status":"","ping_status":"","sticky":false,"template":"","format":"standard","meta":{"footnotes":""},"categories":[15],"tags":[12577,25,30,31,12578,12579,34,35,24,12580,11361,12576,32,33,37,39,36,38,40,23,22,44,28,29,9063,12581,26,27,74,75,76],"class_list":{"0":"post-50491","1":"post","2":"type-post","3":"status-publish","4":"format-standard","5":"has-post-thumbnail","7":"category-pasaulis","8":"tag-advento-kalendorius","9":"tag-antrastes","10":"tag-breaking-news","11":"tag-breakingnews","12":"tag-dior","13":"tag-eurokos","14":"tag-featured-news","15":"tag-featurednews","16":"tag-headlines","17":"tag-jurate-cvilikiene","18":"tag-kosmetika","19":"tag-loccitane","20":"tag-latest-news","21":"tag-latestnews","22":"tag-lietuva","23":"tag-lietuviu","24":"tag-lithuania","25":"tag-lithuanian","26":"tag-lt","27":"tag-naujienos","28":"tag-news","29":"tag-pasaulis","30":"tag-populiariausios-naujienos","31":"tag-populiariausiosnaujienos","32":"tag-rinkodara","33":"tag-sephora","34":"tag-top-stories","35":"tag-topstories","36":"tag-world","37":"tag-world-news","38":"tag-worldnews"},"share_on_mastodon":{"url":"https:\/\/pubeurope.com\/@lt\/115633182792001503","error":""},"_links":{"self":[{"href":"https:\/\/www.europesays.com\/lt\/wp-json\/wp\/v2\/posts\/50491","targetHints":{"allow":["GET"]}}],"collection":[{"href":"https:\/\/www.europesays.com\/lt\/wp-json\/wp\/v2\/posts"}],"about":[{"href":"https:\/\/www.europesays.com\/lt\/wp-json\/wp\/v2\/types\/post"}],"author":[{"embeddable":true,"href":"https:\/\/www.europesays.com\/lt\/wp-json\/wp\/v2\/users\/2"}],"replies":[{"embeddable":true,"href":"https:\/\/www.europesays.com\/lt\/wp-json\/wp\/v2\/comments?post=50491"}],"version-history":[{"count":0,"href":"https:\/\/www.europesays.com\/lt\/wp-json\/wp\/v2\/posts\/50491\/revisions"}],"wp:featuredmedia":[{"embeddable":true,"href":"https:\/\/www.europesays.com\/lt\/wp-json\/wp\/v2\/media\/50492"}],"wp:attachment":[{"href":"https:\/\/www.europesays.com\/lt\/wp-json\/wp\/v2\/media?parent=50491"}],"wp:term":[{"taxonomy":"category","embeddable":true,"href":"https:\/\/www.europesays.com\/lt\/wp-json\/wp\/v2\/categories?post=50491"},{"taxonomy":"post_tag","embeddable":true,"href":"https:\/\/www.europesays.com\/lt\/wp-json\/wp\/v2\/tags?post=50491"}],"curies":[{"name":"wp","href":"https:\/\/api.w.org\/{rel}","templated":true}]}}