{"id":50555,"date":"2025-11-29T15:07:09","date_gmt":"2025-11-29T15:07:09","guid":{"rendered":"https:\/\/www.europesays.com\/lt\/50555\/"},"modified":"2025-11-29T15:07:09","modified_gmt":"2025-11-29T15:07:09","slug":"rubio-nevyks-i-nato-uzsienio-reikalu-ministru-susitikima","status":"publish","type":"post","link":"https:\/\/www.europesays.com\/lt\/50555\/","title":{"rendered":"Rubio nevyks \u012f NATO u\u017esienio reikal\u0173 ministr\u0173 susitikim\u0105"},"content":{"rendered":"<p>Vienas \u017eurnalist\u0173 kalbintas auk\u0161to rango Valstyb\u0117s departamento pareig\u016bnas primin\u0117, kad R. Rubio neseniai \u0160veicarijoje buvo susitik\u0119s su keliais Europos atstovais, o jo dienotvark\u0117 \u0161iuo metu gana \u012ftempta.<\/p>\n<p class=\"MsoNormal\">\u201eValstyb\u0117s sekretorius Rubio jau dalyvavo de\u0161imtyse susitikim\u0173 su NATO s\u0105jungininkais. B\u016bt\u0173 nelogi\u0161ka tik\u0117tis, kad dalyvaus visuose susitikimuose\u201c, \u2013 paai\u0161kino \u0161altinis.<\/p>\n<p class=\"MsoNormal\">Komentuodamas situacij\u0105, NATO atstovas paai\u0161kino, kad diplomatijos vadov\u0173 nedalyvavimas tokiuose susitikimuose n\u0117ra ne\u012fprasta praktika, tad Aljansas supratingai vertina tok\u012f JAV pasirinkim\u0105.<\/p>\n<p class=\"MsoNormal\">Informacija, es\u0105, M. Rubio grei\u010diausiai nevyks \u012f  auk\u0161\u010diausiojo lygio susitikim\u0105, pasirod\u0117 deryb\u0173 d\u0117l prezidento Donaldo Trumpo taikos plano Ukrainai fone. Ukrainos ir Europos atstovai baiminasi, jog Kyjivas gali b\u016bti spaud\u017eiamas sutikti su Maskvai palankiu susitarimu.<\/p>\n<p>Prie\u0161taringai vertinamas sprendimas<\/p>\n<p class=\"MsoNormal\">Kaip pa\u017eymi \u201eReuters\u201c, M. Rubio nedalyvavimas gali paskatinti nauj\u0173 klausim\u0173 d\u0117l JAV \u012fsipareigojim\u0173 Europos saugumui. Ch. Landau, kuris, kaip tikimasi, \u0161iame susitikime atstovaus JAV, bir\u017eel\u012f socialiniame tinkle \u201eX\u201c tinkle buvo paskelb\u0119s \u012fra\u0161\u0105, kuriame suabejojo NATO reikalingumu, ta\u010diau v\u0117liau savo nuomon\u0119 i\u0161tryn\u0117.<\/p>\n<p class=\"MsoNormal\">Va\u0161ingtonas tradici\u0161kai laikomas faktiniu aljanso vadovu, tad JAV valstyb\u0117s sekretoriaus nedalyvavimas ministr\u0173 susitikimuose kelia klausim\u0173.<\/p>\n<p class=\"MsoNormal\">Agent\u016bra \u201eReuters\u201c primena, kad paskutin\u012f kart\u0105 pana\u0161i situacija buvo susiklos\u010diusi tik 2017 metais: tuometinis valstyb\u0117s sekretorius Rexas Tillersonas i\u0161 prad\u017ei\u0173 d\u0117l \u012ftemptos dienotvark\u0117s planavo baland\u012f vykus\u012f susitikim\u0105 praleisti, bet galiausiai jo laikas buvo pakeistas, kad tuometinis JAV diplomatijos vadovas gal\u0117t\u0173 jame dalyvauti.<\/p>\n","protected":false},"excerpt":{"rendered":"Vienas \u017eurnalist\u0173 kalbintas auk\u0161to rango Valstyb\u0117s departamento pareig\u016bnas primin\u0117, kad R. Rubio neseniai \u0160veicarijoje buvo susitik\u0119s su keliais&hellip;\n","protected":false},"author":2,"featured_media":50556,"comment_status":"","ping_status":"","sticky":false,"template":"","format":"standard","meta":{"footnotes":""},"categories":[15],"tags":[25,30,31,34,35,24,32,33,37,39,36,38,40,1129,141,23,22,44,28,29,26,27,74,75,76],"class_list":{"0":"post-50555","1":"post","2":"type-post","3":"status-publish","4":"format-standard","5":"has-post-thumbnail","7":"category-pasaulis","8":"tag-antrastes","9":"tag-breaking-news","10":"tag-breakingnews","11":"tag-featured-news","12":"tag-featurednews","13":"tag-headlines","14":"tag-latest-news","15":"tag-latestnews","16":"tag-lietuva","17":"tag-lietuviu","18":"tag-lithuania","19":"tag-lithuanian","20":"tag-lt","21":"tag-marco-rubio","22":"tag-nato","23":"tag-naujienos","24":"tag-news","25":"tag-pasaulis","26":"tag-populiariausios-naujienos","27":"tag-populiariausiosnaujienos","28":"tag-top-stories","29":"tag-topstories","30":"tag-world","31":"tag-world-news","32":"tag-worldnews"},"share_on_mastodon":{"url":"https:\/\/pubeurope.com\/@lt\/115633615234280527","error":""},"_links":{"self":[{"href":"https:\/\/www.europesays.com\/lt\/wp-json\/wp\/v2\/posts\/50555","targetHints":{"allow":["GET"]}}],"collection":[{"href":"https:\/\/www.europesays.com\/lt\/wp-json\/wp\/v2\/posts"}],"about":[{"href":"https:\/\/www.europesays.com\/lt\/wp-json\/wp\/v2\/types\/post"}],"author":[{"embeddable":true,"href":"https:\/\/www.europesays.com\/lt\/wp-json\/wp\/v2\/users\/2"}],"replies":[{"embeddable":true,"href":"https:\/\/www.europesays.com\/lt\/wp-json\/wp\/v2\/comments?post=50555"}],"version-history":[{"count":0,"href":"https:\/\/www.europesays.com\/lt\/wp-json\/wp\/v2\/posts\/50555\/revisions"}],"wp:featuredmedia":[{"embeddable":true,"href":"https:\/\/www.europesays.com\/lt\/wp-json\/wp\/v2\/media\/50556"}],"wp:attachment":[{"href":"https:\/\/www.europesays.com\/lt\/wp-json\/wp\/v2\/media?parent=50555"}],"wp:term":[{"taxonomy":"category","embeddable":true,"href":"https:\/\/www.europesays.com\/lt\/wp-json\/wp\/v2\/categories?post=50555"},{"taxonomy":"post_tag","embeddable":true,"href":"https:\/\/www.europesays.com\/lt\/wp-json\/wp\/v2\/tags?post=50555"}],"curies":[{"name":"wp","href":"https:\/\/api.w.org\/{rel}","templated":true}]}}