{"id":50557,"date":"2025-11-29T15:09:12","date_gmt":"2025-11-29T15:09:12","guid":{"rendered":"https:\/\/www.europesays.com\/lt\/50557\/"},"modified":"2025-11-29T15:09:12","modified_gmt":"2025-11-29T15:09:12","slug":"lietuva-isipareigojo-vykdyti-baltarusijos-teismu-sprendimus-respublika-lt","status":"publish","type":"post","link":"https:\/\/www.europesays.com\/lt\/50557\/","title":{"rendered":"Lietuva \u012fsipareigojo vykdyti Baltarusijos teism\u0173 sprendimus &#8211; Respublika.lt"},"content":{"rendered":"<p><img loading=\"lazy\" decoding=\"async\" src=\"https:\/\/www.respublika.lt\/lt\/naujienos\/lietuva\/lietuvos_politika\/lietuva-isipareigojo-vykdyti-baltarusijos-teismu-sprendimus\/images\/ico_camera_white.gif\" class=\"camera\" width=\"22\" height=\"15\" alt=\"nuotr.\" style=\"position:relative; top:-2px; right:2px;\"\/> 1 nuotr.<\/p>\n<p>Asociatyvi redakcijos archyvo nuotr.<\/p>\n<p style=\"text-align: justify;\" class=\"desktop_banner\">\u00a0<\/p>\n<p>Seimo konservatorius Jurgis Razma i\u0161rei\u0161k\u0117 vilt\u012f, kad premjer\u0117 Inga Ruginien\u0117 susipa\u017eino su  \u017eurnalistiniu tyrimu apie dar galiojan\u010di\u0105 m\u016bs\u0173 teisin\u0117s pagalbos sutart\u012f su Baltarusija.<\/p>\n<p>\u201eJi numato, kad m\u016bs\u0173 teismai bes\u0105lygi\u0161kai vykdyt\u0173 Baltarusijos teism\u0173 nutarimus. Kaip teisin\u0117 valstyb\u0117 mes, nat\u016bralu, tai darome, o Baltarusijos teismai pagal A.Luka\u0161enkos atitinkam\u0105 \u012fsakym\u0105 prie\u0161i\u0161k\u0173 \u0161ali\u0173 teism\u0173 nutarim\u0173 gali visi\u0161kai nevykdyti. Ar galima tik\u0117tis, kad bus greitas j\u016bs\u0173 Vyriausyb\u0117s teikimas Seimui denonsuoti \u0161i\u0105 teisin\u0117s pagalbos sutart\u012f, kad galb\u016bt mes dar sp\u0117tume t\u0105 padaryti iki nauj\u0173 met\u0173?&#8221; &#8211; pasiteiravo J.Razma.<\/p>\n<p>\u201eTikrai dar su tyrimu nesusipa\u017einau, bet tikrai susipa\u017einsiu. Jau gird\u0117jau, gird\u0117jau \u0161it\u0105 problem\u0105 ir man atrodo, kad mes su teisingumo ministre tikrai aptarsime. Teisingumo ministr\u0117 papildys mane&#8221;, &#8211; atsak\u0117 I.Ruginien\u0117.<\/p>\n<p>Tuo metu ministr\u0117 Rita Tama\u0161unien\u0117 tvirtino, kad konservatoriaus klausime yra tik dalis tiesos.<\/p>\n<p>\u201eI\u0161 ties\u0173 dalis tiesos tikrai yra j\u016bs\u0173 klausime. Buvo pasi\u016blymas 2022 metais denonsuoti tiek Rusijos, tiek Baltarusijos sutartis, ta\u010diau palikta \u0161ita vienintel\u0117 sutartis, vertinant, kad yra galimyb\u0117 teikti teisin\u0119 pagalb\u0105 prireikus Lietuvos pilie\u010diams. \u0160iuo metu Baltarusijoje yra 4 t\u016bkst. nuolatos gyvenan\u010di\u0173 ir vir\u0161 500 pilie\u010di\u0173 su leidimu laikinai gyventi. Tod\u0117l, matyt, ir nebuvo imtasi t\u0173 veiksm\u0173 denonsuoti \u0161i\u0105 paskutin\u0119 sutart\u012f, nors visos Lietuvos institucijos suma\u017eino visus santykius iki minimumo.<\/p>\n<p>Taip pat norime pabr\u0117\u017eti, kad teismai tikrai ne 100 proc. aklai \u012fvykdo Baltarusijos teism\u0173 priimtus sprendimus, jie yra vertinami ir tikrai ne visi yra tenkinami. Taip bus ir \u0161iuo atveju tikriausiai, jeigu j\u016bs kalbate apie ve\u017e\u0117j\u0173 situacij\u0105 ir vilkik\u0173 situacij\u0105. Mano vertinimu, pirmiausia bus vertinamas Lietuvos interesas, taip pat nacionalinis saugumas ir tikrai, taikant paritet\u0105, apie kur\u012f mums yra \u017einoma, kad ne visada Baltarusija, taip pat vadovaudamasi \u0161ita sutartimi, priima sprendimus, o kaip tik galimai buvo i\u0161leistas dekretas Europos S\u0105jungos valstybi\u0173 teismo sprendim\u0173 nevykdyti. Tai to pariteto principo bus laikomasi ir Lietuvos pus\u0117je. Tiktai tai svarstytinas klausimas&#8221;, &#8211; teig\u0117 teisingumo ministr\u0117.<\/p>\n","protected":false},"excerpt":{"rendered":"1 nuotr. Asociatyvi redakcijos archyvo nuotr. \u00a0 Seimo konservatorius Jurgis Razma i\u0161rei\u0161k\u0117 vilt\u012f, kad premjer\u0117 Inga Ruginien\u0117 susipa\u017eino&hellip;\n","protected":false},"author":2,"featured_media":50558,"comment_status":"","ping_status":"","sticky":false,"template":"","format":"standard","meta":{"footnotes":""},"categories":[6],"tags":[25,1496,30,31,7275,34,35,24,32,33,37,39,36,38,40,1499,23,22,9080,28,29,2212,3426,3356,12591,8519,26,27],"class_list":{"0":"post-50557","1":"post","2":"type-post","3":"status-publish","4":"format-standard","5":"has-post-thumbnail","7":"category-antrastes","8":"tag-antrastes","9":"tag-baltarusija","10":"tag-breaking-news","11":"tag-breakingnews","12":"tag-denonsavimas","13":"tag-featured-news","14":"tag-featurednews","15":"tag-headlines","16":"tag-latest-news","17":"tag-latestnews","18":"tag-lietuva","19":"tag-lietuviu","20":"tag-lithuania","21":"tag-lithuanian","22":"tag-lt","23":"tag-lukasenka","24":"tag-naujienos","25":"tag-news","26":"tag-pagalba","27":"tag-populiariausios-naujienos","28":"tag-populiariausiosnaujienos","29":"tag-razma","30":"tag-sutartis","31":"tag-tamasuniene","32":"tag-teisine","33":"tag-teismai","34":"tag-top-stories","35":"tag-topstories"},"share_on_mastodon":{"url":"https:\/\/pubeurope.com\/@lt\/115633623137149959","error":""},"_links":{"self":[{"href":"https:\/\/www.europesays.com\/lt\/wp-json\/wp\/v2\/posts\/50557","targetHints":{"allow":["GET"]}}],"collection":[{"href":"https:\/\/www.europesays.com\/lt\/wp-json\/wp\/v2\/posts"}],"about":[{"href":"https:\/\/www.europesays.com\/lt\/wp-json\/wp\/v2\/types\/post"}],"author":[{"embeddable":true,"href":"https:\/\/www.europesays.com\/lt\/wp-json\/wp\/v2\/users\/2"}],"replies":[{"embeddable":true,"href":"https:\/\/www.europesays.com\/lt\/wp-json\/wp\/v2\/comments?post=50557"}],"version-history":[{"count":0,"href":"https:\/\/www.europesays.com\/lt\/wp-json\/wp\/v2\/posts\/50557\/revisions"}],"wp:featuredmedia":[{"embeddable":true,"href":"https:\/\/www.europesays.com\/lt\/wp-json\/wp\/v2\/media\/50558"}],"wp:attachment":[{"href":"https:\/\/www.europesays.com\/lt\/wp-json\/wp\/v2\/media?parent=50557"}],"wp:term":[{"taxonomy":"category","embeddable":true,"href":"https:\/\/www.europesays.com\/lt\/wp-json\/wp\/v2\/categories?post=50557"},{"taxonomy":"post_tag","embeddable":true,"href":"https:\/\/www.europesays.com\/lt\/wp-json\/wp\/v2\/tags?post=50557"}],"curies":[{"name":"wp","href":"https:\/\/api.w.org\/{rel}","templated":true}]}}