{"id":50561,"date":"2025-11-29T15:15:13","date_gmt":"2025-11-29T15:15:13","guid":{"rendered":"https:\/\/www.europesays.com\/lt\/50561\/"},"modified":"2025-11-29T15:15:13","modified_gmt":"2025-11-29T15:15:13","slug":"profesorius-landsbergis-valstybeje-viespatauja-melagiai-smurtininkai-ir-nepraustaburniai-respublika-lt","status":"publish","type":"post","link":"https:\/\/www.europesays.com\/lt\/50561\/","title":{"rendered":"Profesorius Landsbergis: valstyb\u0117je vie\u0161patauja melagiai, smurtininkai ir nepraustaburniai &#8211; Respublika.lt"},"content":{"rendered":"<p><img loading=\"lazy\" decoding=\"async\" src=\"https:\/\/www.respublika.lt\/lt\/naujienos\/lietuva\/lietuvos_politika\/profesorius-landsbergis-valstybeje-viespatauja-melagiai-smurtininkai-ir-nepraustaburniai\/images\/ico_camera_white.gif\" class=\"camera\" width=\"22\" height=\"15\" alt=\"nuotr.\" style=\"position:relative; top:-2px; right:2px;\"\/> 1 nuotr.<\/p>\n<p>Eltos nuotr.<\/p>\n<p style=\"text-align: left;\">Auk\u0161\u010diausiosios Tarybos-Atkuriamojo Seimo pirmininkas, konservatori\u0173 garb\u0117s pirmininkas Vytautas Landsbergis sako, kad Lietuv\u0105 yra u\u017evald\u017eiusi baim\u0117, o valstyb\u0117je vie\u0161patauja melagiai, smurtininkai ir nepraustaburniai.\u00a0<\/p>\n<p style=\"text-align: justify;\" class=\"desktop_banner\">\u00a0<\/p>\n<p style=\"text-align: left;\">\u00a0<\/p>\n<p style=\"text-align: left;\">\u201eMelagiai, smurtininkai, nepraustaburniai vie\u0161patauja ir spjauna \u012f barzd\u0105 visiems padoriems \u017emon\u0117ms, o pador\u016bs \u017emon\u0117s stovi susig\u016b\u017e\u0119 ir nepasako \u2013 eikit j\u016bs po velni\u0173\u201c, \u2013 konservatori\u0173 Tarybos pos\u0117dyje kalb\u0117jo V. Landsbergis.\u00a0<\/p>\n<p style=\"text-align: left;\">\u201eMes nesame i\u0161sivadav\u0119, jeigu mes leid\u017eiame Lietuvoje tokias kalbas prie\u0161 Nepriklausomyb\u0119, prie\u0161 Lietuv\u0105, raginimus nuversti ir t\u0105 Lietuv\u0105 panaikinti. Ir ragintojai \u2013 nes\u0117di kal\u0117jime. Ne, jie d\u017eiaugiasi demokratija ir ty\u010diojasi. Taip, kaip (Vladimiras \u2013 ELTA) Putinas ty\u010diojasi i\u0161 demokratijos\u201c, \u2013 referuodamas \u012f dabartin\u0119 vald\u017ei\u0105 kalb\u0117jo profesorius.\u00a0<\/p>\n<p style=\"text-align: left;\">Kaip skelbta, \u0161e\u0161tadien\u012f opozicin\u0117s T\u0117vyn\u0117s s\u0105jungos-Lietuvos krik\u0161\u010dioni\u0173 demokrat\u0173 (TS-LKD) partija rinkosi \u012f tarybos pos\u0117d\u012f, kuriame aptar\u0117 politines aktualijas.\u00a0<\/p>\n<p style=\"text-align: left;\">Partijos lyderis Laurynas Kas\u010di\u016bnas teig\u0117, kad Lietuvos socialdemokrat\u0173 partijos (LSDP) sprendimas toliau t\u0119sti darb\u0105 su \u201eNemuno au\u0161ra\u201c pana\u0161\u0117ja \u012f Stokholmo sindrom\u0105. Anot jo valdan\u010dioji \u201eau\u0161rie\u010di\u0173\u201c partija toliau kelia sumai\u0161t\u012f valstyb\u0117je.\u00a0<\/p>\n<p>Patiko straipsnis? Leisk mums apie tai su\u017einoti. Nepamir\u0161k pasidalinti Facebook! <\/p>\n<p><img loading=\"lazy\" decoding=\"async\" class=\"p2_social_circle_icon\" src=\"https:\/\/www.respublika.lt\/images\/thumbs_up.svg\" width=\"21\" height=\"22\" alt=\"L\"\/><\/p>\n<p><img loading=\"lazy\" decoding=\"async\" class=\"p2_social_circle_icon\" src=\"https:\/\/www.respublika.lt\/images\/facebook.svg\" alt=\"F\" width=\"22\" height=\"22\" style=\"filter: invert(37%) sepia(55%) saturate(2351%) hue-rotate(187deg) brightness(102%) contrast(106%);\"\/><\/p>\n<p>&#13;<br \/>\n\tNesutinkate &#8211; diskutuokime!<br \/>&#13;<br \/>\n\tNepykite komentatoriai, bet komentarai su keiksma\u017eod\u017eiais bus \u0161alinami automati\u0161kai, be atsipra\u0161ymo.\n    <\/p>\n<p>&#13;<br \/>\n              Respublika.lt pasilieka teis\u0119 pa\u0161alinti nekult\u016bringus, keiksma\u017eod\u017eiais pagardintus, su tema nesusijusius, kito asmens vardu pasira\u0161ytus, \u012fstatymus pa\u017eeid\u017eian\u010dius, \u0161lam\u0161t\u0105 reklamuojan\u010dius ar nusikalsti kurstan\u010dius komentarus. Jei kurstysite smurt\u0105, rasin\u0119, tautin\u0119, religin\u0119 ar kitokio pob\u016bd\u017eio neapykant\u0105, \u017evirbliu i\u0161skrid\u0119 j\u016bs\u0173 \u017eod\u017eiai gr\u012f\u017edami gali virsti ton\u0105 sverian\u010diu jau\u010diu &#8211; specialiosioms Lietuvos tarnyboms pareikalavus suteiksime j\u016bs\u0173 duomenis.\n            <\/p>\n","protected":false},"excerpt":{"rendered":"1 nuotr. Eltos nuotr. Auk\u0161\u010diausiosios Tarybos-Atkuriamojo Seimo pirmininkas, konservatori\u0173 garb\u0117s pirmininkas Vytautas Landsbergis sako, kad Lietuv\u0105 yra u\u017evald\u017eiusi&hellip;\n","protected":false},"author":2,"featured_media":50562,"comment_status":"","ping_status":"","sticky":false,"template":"","format":"standard","meta":{"footnotes":""},"categories":[6],"tags":[25,30,31,34,35,24,2369,32,33,37,39,36,38,40,23,22,28,29,26,27,5219],"class_list":{"0":"post-50561","1":"post","2":"type-post","3":"status-publish","4":"format-standard","5":"has-post-thumbnail","7":"category-antrastes","8":"tag-antrastes","9":"tag-breaking-news","10":"tag-breakingnews","11":"tag-featured-news","12":"tag-featurednews","13":"tag-headlines","14":"tag-landsbergis","15":"tag-latest-news","16":"tag-latestnews","17":"tag-lietuva","18":"tag-lietuviu","19":"tag-lithuania","20":"tag-lithuanian","21":"tag-lt","22":"tag-naujienos","23":"tag-news","24":"tag-populiariausios-naujienos","25":"tag-populiariausiosnaujienos","26":"tag-top-stories","27":"tag-topstories","28":"tag-ts-lkd"},"share_on_mastodon":{"url":"https:\/\/pubeurope.com\/@lt\/115633646836566296","error":""},"_links":{"self":[{"href":"https:\/\/www.europesays.com\/lt\/wp-json\/wp\/v2\/posts\/50561","targetHints":{"allow":["GET"]}}],"collection":[{"href":"https:\/\/www.europesays.com\/lt\/wp-json\/wp\/v2\/posts"}],"about":[{"href":"https:\/\/www.europesays.com\/lt\/wp-json\/wp\/v2\/types\/post"}],"author":[{"embeddable":true,"href":"https:\/\/www.europesays.com\/lt\/wp-json\/wp\/v2\/users\/2"}],"replies":[{"embeddable":true,"href":"https:\/\/www.europesays.com\/lt\/wp-json\/wp\/v2\/comments?post=50561"}],"version-history":[{"count":0,"href":"https:\/\/www.europesays.com\/lt\/wp-json\/wp\/v2\/posts\/50561\/revisions"}],"wp:featuredmedia":[{"embeddable":true,"href":"https:\/\/www.europesays.com\/lt\/wp-json\/wp\/v2\/media\/50562"}],"wp:attachment":[{"href":"https:\/\/www.europesays.com\/lt\/wp-json\/wp\/v2\/media?parent=50561"}],"wp:term":[{"taxonomy":"category","embeddable":true,"href":"https:\/\/www.europesays.com\/lt\/wp-json\/wp\/v2\/categories?post=50561"},{"taxonomy":"post_tag","embeddable":true,"href":"https:\/\/www.europesays.com\/lt\/wp-json\/wp\/v2\/tags?post=50561"}],"curies":[{"name":"wp","href":"https:\/\/api.w.org\/{rel}","templated":true}]}}