{"id":50588,"date":"2025-11-29T16:07:14","date_gmt":"2025-11-29T16:07:14","guid":{"rendered":"https:\/\/www.europesays.com\/lt\/50588\/"},"modified":"2025-11-29T16:07:14","modified_gmt":"2025-11-29T16:07:14","slug":"po-kruvinos-dramos-kretoje-baiminamasi-kersto-paprociu-atgimimo","status":"publish","type":"post","link":"https:\/\/www.europesays.com\/lt\/50588\/","title":{"rendered":"Po kruvinos dramos Kretoje \u2013 baiminamasi ker\u0161to papro\u010di\u0173 atgimimo"},"content":{"rendered":"<p>Po kruvino i\u0161puolio Kretoje \u2013 d\u0117mesys \u0161imtme\u010dius gyvavusiam ker\u0161to papro\u010diui<\/p>\n<p>Spalio pabaigoje kaln\u0173 kaimelyje Vorizijoje, Kretoje, \u012fvyk\u0119s susi\u0161audymas, per kur\u012f \u017euvo du \u017emon\u0117s \u2013 49 met\u0173 vyras ir 56 met\u0173 moteris \u2013 ir dar keturi buvo sunkiai su\u017eeisti, v\u0117l atkreip\u0117 visuomen\u0117s d\u0117mes\u012f \u012f \u0161imtme\u010dius gyvuojant\u012f vendetos rei\u0161kin\u012f \u2013 ginkluot\u0105 \u0161eim\u0173 ker\u0161to tradicij\u0105, prane\u0161a Graikijos naujien\u0173 portalas \u201eEfsyn\u201c.<\/p>\n<p>Policijos  duomenimis, konfliktas kilo tarp dviej\u0173 \u0161eim\u0173, o susi\u0161audymo metu naudoti automatiniai ginklai bei pistoletai. V\u0117liau vieno i\u0161 \u0161eimos nari\u0173 namuose aptiktas ir sprogmuo. Siekiant u\u017ekirsti keli\u0105 tolesnei eskalacijai, kaime sustiprintos policijos paj\u0117gos, ligonin\u0117se buvo padidinta apsauga. Po incidento sulaikyti septyni asmenys, visi i\u0161 dviej\u0173 \u0161eim\u0173.  <\/p>\n<p>Vietos institucijos \u0161\u012f \u012fvyk\u012f vadina tipi\u0161ka \u0161iuolaikin\u0117s vendetos forma, kurioje vis dar veikia istoriniai ker\u0161to ir teroro pusiausvyros principai.<\/p>\n<p>    <img decoding=\"async\" src=\"https:\/\/www.europesays.com\/lt\/wp-content\/uploads\/2025\/11\/cc6bc1c0-9e5b-44c0-9fec-3c18084241c9.jpg\" loading=\"lazy\" alt=\"Policija Kretoje \"\/>    <\/p>\n<p>Istorinis rei\u0161kinys, fiksuojamas ir \u0161iuolaikin\u0117je visuomen\u0117je<\/p>\n<p>\u201eEfsyn\u201c paai\u0161kina, kad <a rel=\"noopener nofollow\" target=\"_blank\" href=\"https:\/\/www.delfi.lt\/temos\/vendeta\" tag-id=\"61952197\">vendeta<\/a> yra ker\u0161to u\u017e \u0161eimos nario nu\u017eudym\u0105 ar garb\u0117s \u012f\u017eeidim\u0105 paprotys, kai kiti \u0161eimos nariai \u012fsipareigoja atker\u0161yti u\u017e padaryt\u0105 skriaud\u0105. Tokie ker\u0161to ciklai gali t\u0119stis de\u0161imtme\u010dius. <\/p>\n<p>Vendetos fenomenas n\u0117ra vien Graikijai b\u016bdingas rei\u0161kinys \u2013 mirtinos vendetos dokumentuotos ir kituose regionuose, pavyzd\u017eiui, Sicilijoje, Korsikoje. Graikijoje vendetos atvejai daugiausia fiksuoti Kretoje ir Mani regione.<\/p>\n<p>Istoriniai Kretos atvejai rodo, kad \u0161is rei\u0161kinys yra giliai \u012fsi\u0161aknij\u0119s vietos kult\u016broje.<\/p>\n<p>1940\u20131985 m. trukusi Sartzetaki\u0173 ir Pentaraki\u0173 vendeta Chanijoje nusine\u0161\u0117 daugiau nei 110 gyvybi\u0173, susitarimas d\u0117l taikos pasiekas tik 1985 m. 1955 m. Vorizijoje per kelias valandas buvo nu\u017eudyti \u0161e\u0161i \u017emon\u0117s, dar 14 su\u017eeista. Sfakijoje, Aradainos kaime, 1940-\u0173j\u0173 pabaigoje d\u0117l prarastos o\u017ekos ir varpelio kil\u0119s gin\u010das virto septyni\u0173 \u017emoni\u0173 \u017e\u016btimi. 2020 m. Anogios kaime \u012fvykdyta dviguba \u017emog\u017eudyst\u0117 buvo i\u0161 naujo pa\u017eadinusi baimes d\u0117l vendetos atgimimo.<\/p>\n<p>\u0160ie pavyzd\u017eiai rodo, kad vendeta yra istorines rei\u0161kinys, kurio aprai\u0161kos stebimos ir \u0161iuolaikin\u0117je visuomen\u0117je \u2013 ypa\u010d kaln\u0173 bendruomen\u0117se, kur tradicijos, \u0161eimos garb\u0117 ir vietos socialin\u0117 sanglauda stipriai lemia \u017emoni\u0173 elges\u012f bei reakcijas.<\/p>\n<p>    <img decoding=\"async\" src=\"https:\/\/www.europesays.com\/lt\/wp-content\/uploads\/2025\/11\/a6477990-73aa-11ed-8648-fb1c7b25b37b.jpg\" loading=\"lazy\" alt=\"Kreta\"\/>    <\/p>\n<p>Mokslininkai pabr\u0117\u017eia, kad vendeta n\u0117ra paprastas ker\u0161to aktas \u2013 tai socialin\u0117 sistema, paremta garb\u0117s, \u0161eimos presti\u017eo ir nera\u0161yt\u0173 taisykli\u0173 samprata.<\/p>\n<p>Pasak Panteion universiteto sociologijos daktaro ir Graikijos policijos atsargos generolo leitenanto Evangelos Stergioulio, kretie\u010diai, vieni kovodami u\u017e i\u0161likim\u0105 ir laisv\u0119, i\u0161siugd\u0117 kitok\u012f po\u017ei\u016br\u012f \u012f ginkl\u0173 tur\u0117jim\u0105 ir naudojim\u0105, tod\u0117l susiformavo visi\u0161kai kitokia kult\u016bra, palyginti su likusia Graikija. <\/p>\n<p>\u201eGinklai tapo dr\u0105sos, garb\u0117s ir narsumo simboliu\u201c, \u2013 pa\u017eymi jis. <\/p>\n<p>Ker\u0161to tradicijos fiksuojamos ir kitose Europos dalyse<\/p>\n<p>Albanijoje iki \u0161iol gyvas kanun \u2013 tai \u017eod\u017eiu perduodama paprotin\u0117 teis\u0117, kuri i\u0161 esm\u0117s rei\u0161kia ker\u0161to paprot\u012f, ra\u0161o Italijoje veikiantis tyrim\u0173 ir \u017eurnalistikos centras OBCT. Kanun nustato veiksmus, kuri\u0173 gali imtis nu\u017eudytojo giminai\u010diai. \u012eprastai ker\u0161ijama dviem b\u016bdais: fizi\u0161kai pa\u0161alinant \u017eudik\u0105 arba priverstinai j\u012f izoliuojant namuose. <\/p>\n<p>       <img decoding=\"async\" src=\"https:\/\/www.europesays.com\/lt\/wp-content\/uploads\/2025\/11\/88a81080-7dbd-11ed-a628-f15cb6709fa2.jpg\" loading=\"lazy\" alt=\"Asociatyvi nuotrauka\"\/>    <\/p>\n<p>Rei\u0161kinys daugiausia stebimas \u0161alies \u0161iaur\u0117je, nors pasitaiko, kad jo pasekm\u0117s pasiekia ir kitas \u0161alis. \u012eprasta, kad pagal \u0161\u012f ker\u0161to paprot\u012f persekiojami asmenys b\u0117ga i\u0161 \u0161alies, ta\u010diau pab\u0117gimas neb\u016btinai rei\u0161kia i\u0161gelb\u0117jim\u0105. Pavyzd\u017eiui, fiksuojami atvejai, kai kanun aukos buvo nu\u017eudytos u\u017e Albanijos rib\u0173, taip pat kai albanai, b\u0117go \u012f kitas \u0161alis, pra\u0161ydami prieglobs\u010dio, ta\u010diau pra\u0161ymai buvo atmesti, o gr\u012f\u017e\u0119 \u012f Albanij\u0105 jie buvo nu\u017eudyti. <\/p>\n<p>Vienas i\u0161 ry\u0161kiausi\u0173 pastar\u0173j\u0173 met\u0173 pavyzd\u017ei\u0173 \u2013 2023 m. rugpj\u016bt\u012f Toskanoje \u012fvyk\u0119s Elsono Kalaverio nu\u017eudymas, laikomas ker\u0161to aktu, pagr\u012fstu tradiciniu alban\u0173 garb\u0117s kodeksu kanun. 2014 m. Kalaveri pats nu\u017eud\u0117 vyr\u0105 Albanijoje, o jo nu\u017eudymo u\u017esakovas, kaip manoma, yra ankstesn\u0117s aukos brolis.<\/p>\n<p>Kitas atvejis susij\u0119s su Mario Majollari, kuris i\u0161vyko \u012f \u0160vedij\u0105, baimindamasis ker\u0161to d\u0117l t\u0117vo \u012fvykdytos \u017emog\u017eudyst\u0117s. 2014 m. jis pateik\u0117 pra\u0161ym\u0105 suteikti prieglobst\u012f, ta\u010diau jam buvo atsakyta. D\u0117l to 2016 m. jis buvo priverstas gr\u012f\u017eti \u012f Albanij\u0105, kur netrukus po gr\u012f\u017eimo buvo nu\u017eudytas.<\/p>\n<p>OBCT primena, kad Italijoje taip pat egzistuoja savita paprotin\u0117 teis\u0117, primenanti alban\u0173 kanun \u2013 codice barbaricino, tradici\u0161kai ji taikoma kai kuriuose Sardinijos regionuose. Kaip ir kanun, tai nera\u0161ytas, i\u0161 kartos \u012f kart\u0105 \u017eod\u017eiu perduodamas kodeksas, kuriame ker\u0161tas u\u017eima centrin\u0119 viet\u0105. Jis laikomas priemone atkurti garb\u0119 ir i\u0161taisyti patirt\u0105 skriaud\u0105 \u2013 tiek d\u0117l paprasto \u012f\u017eeidimo, tiek d\u0117l rimto nusikaltimo.<\/p>\n<p>\u0160is kodeksas atsirado reguliuoti \u017eem\u0117s \u016bkio ir gyvulininkyst\u0117s bendruomeni\u0173 gyvenim\u0105 ir iki \u0161iol n\u0117ra visi\u0161kai i\u0161nyk\u0119s. Naujausias pavyzdys \u2013 Marco Pusceddu nu\u017eudymas, \u012fvyk\u0119s 2025 m. prad\u017eioje. Ker\u0161to motyvais grind\u017eiamas ir Marco Mameli nu\u017eudymas. Vyras buvo vos 22 met\u0173, kai 2024 m. kovo 1 d. Bari Sarde, per karnavalo \u0161ventes, buvo nu\u017eudytas.<\/p>\n","protected":false},"excerpt":{"rendered":"Po kruvino i\u0161puolio Kretoje \u2013 d\u0117mesys \u0161imtme\u010dius gyvavusiam ker\u0161to papro\u010diui Spalio pabaigoje kaln\u0173 kaimelyje Vorizijoje, Kretoje, \u012fvyk\u0119s susi\u0161audymas,&hellip;\n","protected":false},"author":2,"featured_media":50589,"comment_status":"","ping_status":"","sticky":false,"template":"","format":"standard","meta":{"footnotes":""},"categories":[15],"tags":[283,25,30,31,34,35,24,32,33,37,39,36,38,40,23,22,44,28,29,26,27,12597,74,75,76],"class_list":{"0":"post-50588","1":"post","2":"type-post","3":"status-publish","4":"format-standard","5":"has-post-thumbnail","7":"category-pasaulis","8":"tag-pulseurope","9":"tag-antrastes","10":"tag-breaking-news","11":"tag-breakingnews","12":"tag-featured-news","13":"tag-featurednews","14":"tag-headlines","15":"tag-latest-news","16":"tag-latestnews","17":"tag-lietuva","18":"tag-lietuviu","19":"tag-lithuania","20":"tag-lithuanian","21":"tag-lt","22":"tag-naujienos","23":"tag-news","24":"tag-pasaulis","25":"tag-populiariausios-naujienos","26":"tag-populiariausiosnaujienos","27":"tag-top-stories","28":"tag-topstories","29":"tag-vendeta","30":"tag-world","31":"tag-world-news","32":"tag-worldnews"},"share_on_mastodon":{"url":"https:\/\/pubeurope.com\/@lt\/115633851359939442","error":""},"_links":{"self":[{"href":"https:\/\/www.europesays.com\/lt\/wp-json\/wp\/v2\/posts\/50588","targetHints":{"allow":["GET"]}}],"collection":[{"href":"https:\/\/www.europesays.com\/lt\/wp-json\/wp\/v2\/posts"}],"about":[{"href":"https:\/\/www.europesays.com\/lt\/wp-json\/wp\/v2\/types\/post"}],"author":[{"embeddable":true,"href":"https:\/\/www.europesays.com\/lt\/wp-json\/wp\/v2\/users\/2"}],"replies":[{"embeddable":true,"href":"https:\/\/www.europesays.com\/lt\/wp-json\/wp\/v2\/comments?post=50588"}],"version-history":[{"count":0,"href":"https:\/\/www.europesays.com\/lt\/wp-json\/wp\/v2\/posts\/50588\/revisions"}],"wp:featuredmedia":[{"embeddable":true,"href":"https:\/\/www.europesays.com\/lt\/wp-json\/wp\/v2\/media\/50589"}],"wp:attachment":[{"href":"https:\/\/www.europesays.com\/lt\/wp-json\/wp\/v2\/media?parent=50588"}],"wp:term":[{"taxonomy":"category","embeddable":true,"href":"https:\/\/www.europesays.com\/lt\/wp-json\/wp\/v2\/categories?post=50588"},{"taxonomy":"post_tag","embeddable":true,"href":"https:\/\/www.europesays.com\/lt\/wp-json\/wp\/v2\/tags?post=50588"}],"curies":[{"name":"wp","href":"https:\/\/api.w.org\/{rel}","templated":true}]}}