{"id":50605,"date":"2025-11-29T16:26:21","date_gmt":"2025-11-29T16:26:21","guid":{"rendered":"https:\/\/www.europesays.com\/lt\/50605\/"},"modified":"2025-11-29T16:26:21","modified_gmt":"2025-11-29T16:26:21","slug":"laimejus-byla-pries-veiseja-konfiskavo-39-sunis-respublika-lt","status":"publish","type":"post","link":"https:\/\/www.europesays.com\/lt\/50605\/","title":{"rendered":"Laim\u0117jus byl\u0105 prie\u0161 veis\u0117j\u0105, konfiskavo 39 \u0161unis &#8211; Respublika.lt"},"content":{"rendered":"<p style=\"text-align: justify;\" class=\"desktop_banner\">\u00a0<\/p>\n<p style=\"text-align: left;\">\u00a0<\/p>\n<p style=\"text-align: left;\">Dar \u0161i\u0173 met\u0173 baland\u017eio m\u0117nes\u012f tarnyba gavo prane\u0161im\u0105 apie galimai alkanus, u\u017edarytuose pastatuose laikomus \u0161unis.\u00a0<\/p>\n<p style=\"text-align: left;\">Prane\u0161ime buvo minimas ir galimas grubus laikytojo elgesys su gyv\u016bnais.\u00a0<\/p>\n<p style=\"text-align: left;\">Reaguojant \u012f gaut\u0105 informacij\u0105, inspektoriai atliko patikrinim\u0105 gyv\u016bn\u0173 laikymo vietose.<\/p>\n<p style=\"text-align: left;\">Jo metu nustatyta, kad gyv\u016bnai buvo nesocializuoti, akivaizd\u017eiai rod\u0117 baim\u0117s po\u017eymius \u012f savo \u0161eiminink\u0105, dalis j\u0173 neregistruoti, ne\u017eenklinti, \u0161unys nevakcinuoti nuo pasiutlig\u0117s.<\/p>\n<p style=\"text-align: left;\">Ta\u010diau rim\u010diausi \u012ftarimai, anot tarnybos, kilo d\u0117l veis\u0117jo galimai \u017eiauraus elgesio su gyv\u016bnais.\u00a0<\/p>\n<p style=\"text-align: left;\">\u201e\u012e\u0117jus veis\u0117jui \u012f voljerus, daugelis \u0161un\u0173, tarp j\u0173 ir visai jauni, demonstruodavo akivaizd\u017eius streso po\u017eymius: g\u016b\u017edavosi prie \u017eem\u0117s, traukdavosi \u012f b\u016bdas, sustingdavo, pabrukdavo uodegas, dreb\u0117davo. Tai buvo traktuota kaip \u017eiaurus elgesys su gyv\u016bnais. Nor\u0117dami \u012fsitikinti, kad tai pagr\u012fstai manome, jog gyv\u016bnams yra sutrikusi elgsena, kreip\u0117m\u0117s \u012f kinologijos specialist\u0105, jo i\u0161vada buvo nedviprasmi\u0161ka, \u2013 gyv\u016bnai smarkiai i\u0161g\u0105sdinti ir psichologi\u0161kai suluo\u0161inti\u201c,\u00a0 \u2013 prane\u0161ime nurod\u0117 VMVT Panev\u0117\u017eio apygardos prie\u017ei\u016bros skyriaus ved\u0117jas Alvydas Stukas\u00a0<\/p>\n<p style=\"text-align: left;\">VMVT sprendim\u0105 paimti \u0161unis i\u0161 veis\u0117jo pri\u0117m\u0117 patikrinimo metu. Vis d\u0117l to savivaldyb\u0117s sprendimu visi \u0161unys buvo palikti j\u0173 laikymo vietose, sudarius sutart\u012f d\u0117l j\u0173 prie\u017ei\u016bros su kitu asmeniu.<\/p>\n<p style=\"text-align: left;\">Be to, veis\u0117jas netrukus apskund\u0117\u00a0 VMVT nutarim\u0105 d\u0117l \u0161un\u0173 konfiskavimo teismui.\u00a0<\/p>\n<p style=\"text-align: left;\">Ta\u010diau, tarnybos teigimu, teismui buvo \u012frodyta, kad pa\u017eeid\u0117jas padar\u0117 itin daug pa\u017eeidim\u0173, susijusi\u0173 su gyv\u016bn\u0173 laikymu, j\u0173 veisimu, prie\u017ei\u016bra, veterinarin\u0117s pagalbos nesuteikimu.<\/p>\n<p style=\"text-align: left;\">Spalio pabaigoje tarnyba gavo palanki\u0105 Utenos apylink\u0117s teismo Ignalinos r\u016bm\u0173 nutart\u012f, kurioje pa\u017eeid\u0117jo skundas buvo atmestas pilna apimti.\u00a0<\/p>\n","protected":false},"excerpt":{"rendered":"\u00a0 \u00a0 Dar \u0161i\u0173 met\u0173 baland\u017eio m\u0117nes\u012f tarnyba gavo prane\u0161im\u0105 apie galimai alkanus, u\u017edarytuose pastatuose laikomus \u0161unis.\u00a0 Prane\u0161ime&hellip;\n","protected":false},"author":2,"featured_media":50606,"comment_status":"","ping_status":"","sticky":false,"template":"","format":"standard","meta":{"footnotes":""},"categories":[13],"tags":[25,30,31,3158,34,35,24,32,33,37,39,36,38,40,23,22,28,29,2994,255,26,27,12602,1073,8950],"class_list":{"0":"post-50605","1":"post","2":"type-post","3":"status-publish","4":"format-standard","5":"has-post-thumbnail","7":"category-lietuva","8":"tag-antrastes","9":"tag-breaking-news","10":"tag-breakingnews","11":"tag-byla","12":"tag-featured-news","13":"tag-featurednews","14":"tag-headlines","15":"tag-latest-news","16":"tag-latestnews","17":"tag-lietuva","18":"tag-lietuviu","19":"tag-lithuania","20":"tag-lithuanian","21":"tag-lt","22":"tag-naujienos","23":"tag-news","24":"tag-populiariausios-naujienos","25":"tag-populiariausiosnaujienos","26":"tag-sunys","27":"tag-teismas","28":"tag-top-stories","29":"tag-topstories","30":"tag-veisejas","31":"tag-vmvt","32":"tag-zarasai"},"share_on_mastodon":{"url":"https:\/\/pubeurope.com\/@lt\/115633925899613275","error":""},"_links":{"self":[{"href":"https:\/\/www.europesays.com\/lt\/wp-json\/wp\/v2\/posts\/50605","targetHints":{"allow":["GET"]}}],"collection":[{"href":"https:\/\/www.europesays.com\/lt\/wp-json\/wp\/v2\/posts"}],"about":[{"href":"https:\/\/www.europesays.com\/lt\/wp-json\/wp\/v2\/types\/post"}],"author":[{"embeddable":true,"href":"https:\/\/www.europesays.com\/lt\/wp-json\/wp\/v2\/users\/2"}],"replies":[{"embeddable":true,"href":"https:\/\/www.europesays.com\/lt\/wp-json\/wp\/v2\/comments?post=50605"}],"version-history":[{"count":0,"href":"https:\/\/www.europesays.com\/lt\/wp-json\/wp\/v2\/posts\/50605\/revisions"}],"wp:featuredmedia":[{"embeddable":true,"href":"https:\/\/www.europesays.com\/lt\/wp-json\/wp\/v2\/media\/50606"}],"wp:attachment":[{"href":"https:\/\/www.europesays.com\/lt\/wp-json\/wp\/v2\/media?parent=50605"}],"wp:term":[{"taxonomy":"category","embeddable":true,"href":"https:\/\/www.europesays.com\/lt\/wp-json\/wp\/v2\/categories?post=50605"},{"taxonomy":"post_tag","embeddable":true,"href":"https:\/\/www.europesays.com\/lt\/wp-json\/wp\/v2\/tags?post=50605"}],"curies":[{"name":"wp","href":"https:\/\/api.w.org\/{rel}","templated":true}]}}