{"id":50615,"date":"2025-11-29T16:37:10","date_gmt":"2025-11-29T16:37:10","guid":{"rendered":"https:\/\/www.europesays.com\/lt\/50615\/"},"modified":"2025-11-29T16:37:10","modified_gmt":"2025-11-29T16:37:10","slug":"trumpas-venesuelos-oro-erdve-turetu-buti-visiskai-uzdaryta","status":"publish","type":"post","link":"https:\/\/www.europesays.com\/lt\/50615\/","title":{"rendered":"Trumpas: Venesuelos oro erdv\u0117 tur\u0117t\u0173 b\u016bti visi\u0161kai u\u017edaryta"},"content":{"rendered":"<p>\u201eVisiems pilotams, narkotik\u0173 prekeiviams ir prekiautojams \u017emon\u0117mis \u2013 pra\u0161ome laikyti oro erdv\u0119 vir\u0161 Venesuelos ir aplink j\u0105 visi\u0161kai u\u017edaryta\u201c, \u2013 savo socialiniame tinkle \u201eTruth Social\u201c ra\u0161\u0117 D. Trumpas. JAV vadovas nedetalizavo.<\/p>\n<p>D. Trumpo administracija daro spaudim\u0105 Venesuelai, kurio akivaizdoje Karib\u0173 j\u016broje buvo dislokuoti dideli kariniai paj\u0117gumai, \u012fskaitant did\u017eiausi\u0105 pasaulyje l\u0117ktuvne\u0161\u012f. Va\u0161ingtonas teigia, kad tikslas yra pa\u017eaboti narkotik\u0173 kontraband\u0105, ta\u010diau Karakasas savo ruo\u017etu primygtinai tvirtina, jog galutinis u\u017emojis yra pakeisti re\u017eim\u0105.<\/p>\n<p>JAV paj\u0117gos nuo rugs\u0117jo prad\u017eios Karib\u0173 j\u016broje ir rytin\u0117je Ramiojo vandenyno dalyje sureng\u0117 sm\u016bgius, nukreiptus prie\u0161 daugiau kaip 20 \u012ftariam\u0173 Venesuelos narkotik\u0173 kontrabandos laiv\u0173, ir nukov\u0117 per 80 \u017emoni\u0173.<\/p>\n<p>Va\u0161ingtonas dar nepateik\u0117 \u012frodym\u0173, kad laivai, \u012f kuriuos jis taik\u0117si, buvo naudojami narkotik\u0173 kontrabandai ar k\u0117l\u0117 gr\u0117sm\u0119 Jungtin\u0117ms Valstijoms. D\u0117l \u0161ios kampanijos ir j\u0105 lydin\u010dio karini\u0173 paj\u0117gum\u0173 telkimo regione i\u0161augo \u012ftampa.<\/p>\n<p>JAV aviacijos tarnybos pra\u0117jusi\u0105 savait\u0119 paragino Venesuelos oro erdv\u0117je skraidan\u010dius civilinius orlaivius \u201eelgtis atsargiai\u201c d\u0117l \u201eblog\u0117jan\u010dios saugumo pad\u0117ties ir padid\u0117jusios karin\u0117s veiklos Venesueloje ir aplink j\u0105\u201c.<\/p>\n<p>D\u0117l \u0161io \u012fsp\u0117jimo \u0161e\u0161ios oro linijos sustabd\u0117 skryd\u017eius \u012f Venesuel\u0105. Toks \u0117jimas papiktino Karakas\u0105 ir paskatino j\u012f u\u017edrausti \u0161ias bendroves \u2013 Ispanijos \u201eIberia\u201c, Portugalijos TAP, Kolumbijos \u201eAvianca\u201c, \u010cil\u0117s ir Brazilijos LATAM, Brazilijos GOL ir \u201eTurkish Airlines\u201c, nes jos \u201eprisijung\u0117 prie JAV vyriausyb\u0117s skatinam\u0173 valstybinio terorizmo veiksm\u0173\u201c.<\/p>\n<p>\u201eThe New York Times\u201c penktadien\u012f prane\u0161\u0117, kad D. Trumpas ir N. Maduro pra\u0117jusi\u0105 savait\u0119 pasikalb\u0117jo telefonu ir aptar\u0117 galim\u0105 susitikim\u0105 Jungtin\u0117se Valstijose. Prane\u0161imas apie D. Trumpo ir N. Maduro pokalb\u012f pasirod\u0117 pra\u0117jus dienai po to, kai JAV prezidentas parei\u0161k\u0117, kad netrukus bus imtasi veiksm\u0173, kuriais siekiama sustabdyti narkotik\u0173 kontraband\u0105 i\u0161 Venesuelos sausuma, o tai dar labiau padidino \u012ftamp\u0105 su Karakasu.<\/p>\n","protected":false},"excerpt":{"rendered":"\u201eVisiems pilotams, narkotik\u0173 prekeiviams ir prekiautojams \u017emon\u0117mis \u2013 pra\u0161ome laikyti oro erdv\u0119 vir\u0161 Venesuelos ir aplink j\u0105 visi\u0161kai&hellip;\n","protected":false},"author":2,"featured_media":50616,"comment_status":"","ping_status":"","sticky":false,"template":"","format":"standard","meta":{"footnotes":""},"categories":[15],"tags":[25,30,31,194,3346,34,35,24,223,32,33,37,39,36,38,40,23,22,818,44,28,29,26,27,694,74,75,76],"class_list":{"0":"post-50615","1":"post","2":"type-post","3":"status-publish","4":"format-standard","5":"has-post-thumbnail","7":"category-pasaulis","8":"tag-antrastes","9":"tag-breaking-news","10":"tag-breakingnews","11":"tag-donaldas-trumpas","12":"tag-elta-uzsienio-naujiena","13":"tag-featured-news","14":"tag-featurednews","15":"tag-headlines","16":"tag-jav","17":"tag-latest-news","18":"tag-latestnews","19":"tag-lietuva","20":"tag-lietuviu","21":"tag-lithuania","22":"tag-lithuanian","23":"tag-lt","24":"tag-naujienos","25":"tag-news","26":"tag-oro-erdve","27":"tag-pasaulis","28":"tag-populiariausios-naujienos","29":"tag-populiariausiosnaujienos","30":"tag-top-stories","31":"tag-topstories","32":"tag-venesuela","33":"tag-world","34":"tag-world-news","35":"tag-worldnews"},"share_on_mastodon":{"url":"https:\/\/pubeurope.com\/@lt\/115633969139756274","error":""},"_links":{"self":[{"href":"https:\/\/www.europesays.com\/lt\/wp-json\/wp\/v2\/posts\/50615","targetHints":{"allow":["GET"]}}],"collection":[{"href":"https:\/\/www.europesays.com\/lt\/wp-json\/wp\/v2\/posts"}],"about":[{"href":"https:\/\/www.europesays.com\/lt\/wp-json\/wp\/v2\/types\/post"}],"author":[{"embeddable":true,"href":"https:\/\/www.europesays.com\/lt\/wp-json\/wp\/v2\/users\/2"}],"replies":[{"embeddable":true,"href":"https:\/\/www.europesays.com\/lt\/wp-json\/wp\/v2\/comments?post=50615"}],"version-history":[{"count":0,"href":"https:\/\/www.europesays.com\/lt\/wp-json\/wp\/v2\/posts\/50615\/revisions"}],"wp:featuredmedia":[{"embeddable":true,"href":"https:\/\/www.europesays.com\/lt\/wp-json\/wp\/v2\/media\/50616"}],"wp:attachment":[{"href":"https:\/\/www.europesays.com\/lt\/wp-json\/wp\/v2\/media?parent=50615"}],"wp:term":[{"taxonomy":"category","embeddable":true,"href":"https:\/\/www.europesays.com\/lt\/wp-json\/wp\/v2\/categories?post=50615"},{"taxonomy":"post_tag","embeddable":true,"href":"https:\/\/www.europesays.com\/lt\/wp-json\/wp\/v2\/tags?post=50615"}],"curies":[{"name":"wp","href":"https:\/\/api.w.org\/{rel}","templated":true}]}}