{"id":50637,"date":"2025-11-29T17:01:09","date_gmt":"2025-11-29T17:01:09","guid":{"rendered":"https:\/\/www.europesays.com\/lt\/50637\/"},"modified":"2025-11-29T17:01:09","modified_gmt":"2025-11-29T17:01:09","slug":"sudegintame-automobilyje-rastas-21-eriu-ukrainietis","status":"publish","type":"post","link":"https:\/\/www.europesays.com\/lt\/50637\/","title":{"rendered":"sudegintame automobilyje rastas 21-eri\u0173 ukrainietis"},"content":{"rendered":"<p>Kaip prane\u0161a vietos leidinys \u201eKronen Zeitung\u201c, tyr\u0117jai mano, kad prie\u0161 mirt\u012f jis buvo u\u017epultas keli\u0173 asmen\u0173 prabangaus\u00a0vie\u0161bu\u010dio gara\u017eo pastate prie Dunojaus kanalo. Pasak leidinio, po suduot\u0173 sm\u016bgi\u0173 jaunuolis buvo buvo sumu\u0161tas ir paguldytas ant galin\u0117s s\u0117dyn\u0117s, tada sudegintas.<\/p>\n<p>Autopsija parod\u0117, kad k\u016bne buvo smurto \u017eymi\u0173, ta\u010diau tiksliausia ir realiausia mirties prie\u017eastis \u2013 u\u017edusimas. Automobilyje rasta degi\u0173 med\u017eiag\u0173, \u012ftariama padegimo naudojimas.<\/p>\n<p>Policija prad\u0117jo tyrim\u0105 d\u0117l \u017emog\u017eudyst\u0117s, apklausia aukos artimuosius ir draugus. Motyvai bei \u012ftariamieji kol kas ne\u017einomi. Jaunuolis \u012f Austrij\u0105 atvyko anks\u010diau ir tur\u0117jo laikin\u0105 apsaugos status\u0105.<\/p>\n","protected":false},"excerpt":{"rendered":"Kaip prane\u0161a vietos leidinys \u201eKronen Zeitung\u201c, tyr\u0117jai mano, kad prie\u0161 mirt\u012f jis buvo u\u017epultas keli\u0173 asmen\u0173 prabangaus\u00a0vie\u0161bu\u010dio gara\u017eo&hellip;\n","protected":false},"author":2,"featured_media":50638,"comment_status":"","ping_status":"","sticky":false,"template":"","format":"standard","meta":{"footnotes":""},"categories":[15],"tags":[25,30,31,34,35,24,32,33,37,39,36,38,40,23,22,44,28,29,26,27,74,75,76],"class_list":{"0":"post-50637","1":"post","2":"type-post","3":"status-publish","4":"format-standard","5":"has-post-thumbnail","7":"category-pasaulis","8":"tag-antrastes","9":"tag-breaking-news","10":"tag-breakingnews","11":"tag-featured-news","12":"tag-featurednews","13":"tag-headlines","14":"tag-latest-news","15":"tag-latestnews","16":"tag-lietuva","17":"tag-lietuviu","18":"tag-lithuania","19":"tag-lithuanian","20":"tag-lt","21":"tag-naujienos","22":"tag-news","23":"tag-pasaulis","24":"tag-populiariausios-naujienos","25":"tag-populiariausiosnaujienos","26":"tag-top-stories","27":"tag-topstories","28":"tag-world","29":"tag-world-news","30":"tag-worldnews"},"share_on_mastodon":{"url":"https:\/\/pubeurope.com\/@lt\/115634063488511997","error":""},"_links":{"self":[{"href":"https:\/\/www.europesays.com\/lt\/wp-json\/wp\/v2\/posts\/50637","targetHints":{"allow":["GET"]}}],"collection":[{"href":"https:\/\/www.europesays.com\/lt\/wp-json\/wp\/v2\/posts"}],"about":[{"href":"https:\/\/www.europesays.com\/lt\/wp-json\/wp\/v2\/types\/post"}],"author":[{"embeddable":true,"href":"https:\/\/www.europesays.com\/lt\/wp-json\/wp\/v2\/users\/2"}],"replies":[{"embeddable":true,"href":"https:\/\/www.europesays.com\/lt\/wp-json\/wp\/v2\/comments?post=50637"}],"version-history":[{"count":0,"href":"https:\/\/www.europesays.com\/lt\/wp-json\/wp\/v2\/posts\/50637\/revisions"}],"wp:featuredmedia":[{"embeddable":true,"href":"https:\/\/www.europesays.com\/lt\/wp-json\/wp\/v2\/media\/50638"}],"wp:attachment":[{"href":"https:\/\/www.europesays.com\/lt\/wp-json\/wp\/v2\/media?parent=50637"}],"wp:term":[{"taxonomy":"category","embeddable":true,"href":"https:\/\/www.europesays.com\/lt\/wp-json\/wp\/v2\/categories?post=50637"},{"taxonomy":"post_tag","embeddable":true,"href":"https:\/\/www.europesays.com\/lt\/wp-json\/wp\/v2\/tags?post=50637"}],"curies":[{"name":"wp","href":"https:\/\/api.w.org\/{rel}","templated":true}]}}