{"id":50694,"date":"2025-11-29T18:44:06","date_gmt":"2025-11-29T18:44:06","guid":{"rendered":"https:\/\/www.europesays.com\/lt\/50694\/"},"modified":"2025-11-29T18:44:06","modified_gmt":"2025-11-29T18:44:06","slug":"po-renovacijos-maximoje-vyras-pasigedo-vieno-dalyko","status":"publish","type":"post","link":"https:\/\/www.europesays.com\/lt\/50694\/","title":{"rendered":"Po renovacijos \u201eMaximoje\u201c vyras pasigedo vieno dalyko"},"content":{"rendered":"<p>Bronislovas (vardas pakeistas) sako, kad neseniai atidaryta \u201e<a rel=\"noopener nofollow\" target=\"_blank\" href=\"https:\/\/www.delfi.lt\/temos\/maxima\" tag-id=\"46583293\">Maxima<\/a>\u201c <a rel=\"noopener nofollow\" target=\"_blank\" href=\"https:\/\/www.delfi.lt\/temos\/parduotuve\" tag-id=\"61609013\">parduotuv\u0117<\/a> Gabijos gatv\u0117je liko be suoliuk\u0173 ar pavir\u0161i\u0173, kuriuos galima naudoti susid\u0117ti prekes. Jis argumentuoja, jog esama ir pensinio am\u017eiaus arba sunkiau vaik\u0161tan\u010di\u0173 \u017emoni\u0173 ir j\u0173 apsipirkimas bus nepatogus. <\/p>\n<p>\u201ePasibais\u0117jau \u2013 neliko nei suoliuk\u0173, nei pavir\u0161i\u0173, kuriuos b\u016bt\u0173 galima panaudoti, kad susipakuotum prekes. Tai ypa\u010d \u017eiauru, turint galvoje kad rytais \u012f parduotuv\u0119 ateina pensininkai i\u0161 aplinkinio gyvenamojo rajono. \u017dmon\u0117s, kurie i\u0161 paskutini\u0173 j\u0117g\u0173 \u0161lubuoja, nesustodami\u201c, \u2013 teigia susir\u016bpin\u0119s pilietis.<\/p>\n<p>Jis prid\u016br\u0117 ir savo versij\u0105 d\u0117l esamos pad\u0117ties.<\/p>\n<p>\u201eMan pa\u010diam, be lig\u0173 ir be jud\u0117jimo sutrikim\u0173 irgi g\u0117da, \u2013 nejaugi mes, kaip visuomen\u0117, taip baisiai bijome benami\u0173 \u017emoni\u0173 (\u2026). \u010cia puiki proga pakalb\u0117ti apie prie\u0161i\u0161k\u0105 architekt\u016br\u0105, ir apie vis bais\u0117jan\u010dias vie\u0161as erdves\u201c, \u2013 svarsto jis.<\/p>\n<p>Bronislovo u\u017efiksuota erdv\u0117 atnaujintoje parduotuv\u0117je: <\/p>\n<p>    <img decoding=\"async\" src=\"https:\/\/www.europesays.com\/lt\/wp-content\/uploads\/2025\/11\/da8f6203-b6a8-4f88-b8ff-fd34f31f34d2.jpg\" loading=\"lazy\" alt=\"Parduotuv\u0117je \u017emogus pasigedo suoliuk\u0173, prekybos tinklas \u017eada, kad j\u0173 bus\"\/>    <\/p>\n<p>Ta\u010diau \u201eMaxima\u201c paai\u0161kino, kad viskas kur kas papras\u010diau ir joki\u0173 pirk\u0117j\u0173 neketinama pamir\u0161ti. Tiesiog \u012fvyk\u0119s tiekimo v\u0117lavimas.<\/p>\n<p>\u201eGalime nuraminti \u2013 rekonstravus \u201eMaximos\u201c parduotuv\u0119, esan\u010di\u0105 Gabijos g. 30 Vilniuje, suoliuk\u0173 neliko tik laikinai. Dar atliekant rekonstrukcij\u0105, buvo u\u017esakyti nauji, ta\u010diau jie dar neatkeliavo.<\/p>\n<p>Atsipra\u0161ome klient\u0173 u\u017e laikinus nepatogumus \u2013 primename, kad pirk\u0117jai neskubant gali prekes patogiai susid\u0117ti prie kas\u0173\u201c, \u2013 \u201eDelfi\u201c komentuoja \u201eMaximos\u201c atstovas ry\u0161iams su \u017einiasklaida Titas Atra\u0161kevi\u010dius.<\/p>\n<p>Pasak jo, kalbant apie kitas \u0161io prekybos tinklo parduotuves, \u0161iuo metu interjero poky\u010di\u0173 neplanuojama.<\/p>\n<p>\u201eVis d\u0117lto, jeigu ateityje matysime poreik\u012f, ie\u0161kosime papildom\u0173 sprendim\u0173, kad apsipirkimo patirtis b\u016bt\u0173 dar malonesn\u0117 ir atliept\u0173 \u012fvairi\u0173 klient\u0173 poreikius\u201c, \u2013 teigia atstovas.<\/p>\n<p>       <img decoding=\"async\" src=\"https:\/\/www.europesays.com\/lt\/wp-content\/uploads\/2025\/11\/dee24340-70e7-11ed-a2fa-3bb4637005e2.jpg\" loading=\"lazy\" alt=\"\u201eMaximos\u201c savitarnos kasos\"\/>    <\/p>\n<p>Kaip skelb\u0117 pats prekybos tinklas, min\u0117ta parduotuv\u0117 Pa\u0161ilai\u010diuose duris atv\u0117r\u0117 lapkri\u010dio 18 dien\u0105, po beveik tris m\u0117nesius trukusi\u0173 atnaujinimo darb\u0173. Vieno X parduotuv\u0117 veikia daugiau nei du de\u0161imtme\u010dius.<\/p>\n<p>\u201eDabar tai i\u0161 esm\u0117s nauja parduotuv\u0117, kurioje pirk\u0117jai ras dar patogesn\u0119 erdv\u0119 bei didesn\u012f \u0161vie\u017eio maisto pasirinkim\u0105\u201c, \u2013 prane\u0161ime sak\u0117 \u201eMaximos\u201c Komunikacijos ir korporatyvini\u0173 ry\u0161i\u0173 departamento direktor\u0117 Snieguol\u0117 Valiaugait\u0117.<\/p>\n<p>\u0160ios parduotuv\u0117s prekybos plotas yra beveik 1050 kv. metr\u0173. Vieno X \u201eMaximos\u201c yra ma\u017eiausios tinklo parduotuv\u0117s. Did\u017eiausia yra keturi\u0173 X \u201eMaxima\u201c Vilniaus \u201eAkropolyje\u201c, ji atidaryta 2019 metais.<\/p>\n<p>\u0160iuo metu Lietuvoje veikia apie pustre\u010dio \u0161imto \u201eMaximos\u201c parduotuvi\u0173.<\/p>\n","protected":false},"excerpt":{"rendered":"Bronislovas (vardas pakeistas) sako, kad neseniai atidaryta \u201eMaxima\u201c parduotuv\u0117 Gabijos gatv\u0117je liko be suoliuk\u0173 ar pavir\u0161i\u0173, kuriuos galima&hellip;\n","protected":false},"author":2,"featured_media":50695,"comment_status":"","ping_status":"","sticky":false,"template":"","format":"standard","meta":{"footnotes":""},"categories":[13],"tags":[25,524,30,31,34,35,24,32,33,37,39,36,38,40,1349,23,22,10322,28,29,7798,26,27],"class_list":{"0":"post-50694","1":"post","2":"type-post","3":"status-publish","4":"format-standard","5":"has-post-thumbnail","7":"category-lietuva","8":"tag-antrastes","9":"tag-atnaujinimas","10":"tag-breaking-news","11":"tag-breakingnews","12":"tag-featured-news","13":"tag-featurednews","14":"tag-headlines","15":"tag-latest-news","16":"tag-latestnews","17":"tag-lietuva","18":"tag-lietuviu","19":"tag-lithuania","20":"tag-lithuanian","21":"tag-lt","22":"tag-maxima","23":"tag-naujienos","24":"tag-news","25":"tag-parduotuve","26":"tag-populiariausios-naujienos","27":"tag-populiariausiosnaujienos","28":"tag-remontas","29":"tag-top-stories","30":"tag-topstories"},"share_on_mastodon":{"url":"https:\/\/pubeurope.com\/@lt\/115634468679005464","error":""},"_links":{"self":[{"href":"https:\/\/www.europesays.com\/lt\/wp-json\/wp\/v2\/posts\/50694","targetHints":{"allow":["GET"]}}],"collection":[{"href":"https:\/\/www.europesays.com\/lt\/wp-json\/wp\/v2\/posts"}],"about":[{"href":"https:\/\/www.europesays.com\/lt\/wp-json\/wp\/v2\/types\/post"}],"author":[{"embeddable":true,"href":"https:\/\/www.europesays.com\/lt\/wp-json\/wp\/v2\/users\/2"}],"replies":[{"embeddable":true,"href":"https:\/\/www.europesays.com\/lt\/wp-json\/wp\/v2\/comments?post=50694"}],"version-history":[{"count":0,"href":"https:\/\/www.europesays.com\/lt\/wp-json\/wp\/v2\/posts\/50694\/revisions"}],"wp:featuredmedia":[{"embeddable":true,"href":"https:\/\/www.europesays.com\/lt\/wp-json\/wp\/v2\/media\/50695"}],"wp:attachment":[{"href":"https:\/\/www.europesays.com\/lt\/wp-json\/wp\/v2\/media?parent=50694"}],"wp:term":[{"taxonomy":"category","embeddable":true,"href":"https:\/\/www.europesays.com\/lt\/wp-json\/wp\/v2\/categories?post=50694"},{"taxonomy":"post_tag","embeddable":true,"href":"https:\/\/www.europesays.com\/lt\/wp-json\/wp\/v2\/tags?post=50694"}],"curies":[{"name":"wp","href":"https:\/\/api.w.org\/{rel}","templated":true}]}}