{"id":50707,"date":"2025-11-29T19:43:23","date_gmt":"2025-11-29T19:43:23","guid":{"rendered":"https:\/\/www.europesays.com\/lt\/50707\/"},"modified":"2025-11-29T19:43:23","modified_gmt":"2025-11-29T19:43:23","slug":"zelenskis-ukrainos-derybininkai-vyksta-i-jav-deretis-del-taikos-plano","status":"publish","type":"post","link":"https:\/\/www.europesays.com\/lt\/50707\/","title":{"rendered":"Zelenskis: Ukrainos derybininkai vyksta \u012f JAV der\u0117tis d\u0117l taikos plano"},"content":{"rendered":"\n<p>\u201eUkrainos nacionalinio saugumo ir gynybos tarybos sekretorius ir Ukrainos delegacijos vadovas Rustemas Umerovas kartu su komanda jau keliauja \u012f Jungtines Valstijas\u201c, \u2013 socialiniame tinkle \u201eX\u201c nurod\u0117 V. Zelenskis.\u00a0<\/p>\n<p> \u0160altinis: savaitgal\u012f Ukrainos derybininkai lankysis JAV <\/p>\n<p>Kyjivo derybininkai \u0161\u012f savaitgal\u012f lankysis JAV, kur aptars Va\u0161ingtono si\u016blom\u0105 taikos plan\u0105, penktadien\u012f nurod\u0117 \u0161iuo klausimu informuotas auk\u0161to rango pareig\u016bnas.<\/p>\n<p>\u201eDelegacija planuoja susitikti su JAV atstovais \u0161ios savait\u0117s pabaigoje\u201c, \u2013 sak\u0117 \u0161altinis, kalb\u0117damas su anonimi\u0161kumo s\u0105lyga.\u00a0<\/p>\n<p>\u0160altinio teigimu, \u0161ios Ukrainos ir JAV derybos gal\u0117t\u0173 \u012fvykti Floridoje.\u00a0<\/p>\n<p>Pareig\u016bnas prid\u016br\u0117, kad derybose taip pat tur\u0117jo dalyvauti Ukrainos prezidento Volodymyro Zelenskio administracijos vadovas Andrijus Jermakas, ta\u010diau po penktadien\u012f atlikt\u0173 krat\u0173 jis buvo atleistas.\u00a0<\/p>\n<p>\n                                        \u0160altinis:<br \/>\n                                                                                    BNS\n                                                                                <\/p>\n<p>Kvie\u010diame atrasti nauj\u0105 tv3.lt turin\u012f! Nuo \u0161iol portale j\u016bs\u0173 laukia <a href=\"https:\/\/www.tv3.lt\/testai\" rel=\"nofollow noopener\" target=\"_blank\">kasdien nauji testai<\/a> \u2013 i\u0161bandykite savo \u017einias ir smagiai praleiskite laik\u0105.<\/p>\n","protected":false},"excerpt":{"rendered":"\u201eUkrainos nacionalinio saugumo ir gynybos tarybos sekretorius ir Ukrainos delegacijos vadovas Rustemas Umerovas kartu su komanda jau keliauja&hellip;\n","protected":false},"author":2,"featured_media":50708,"comment_status":"","ping_status":"","sticky":false,"template":"","format":"standard","meta":{"footnotes":""},"categories":[15],"tags":[12622,25,30,31,57,43,34,35,55,48,24,54,51,49,50,32,33,37,39,36,38,40,45,23,22,44,28,29,53,42,56,47,26,27,41,46,58,74,75,76,52],"class_list":{"0":"post-50707","1":"post","2":"type-post","3":"status-publish","4":"format-standard","5":"has-post-thumbnail","7":"category-pasaulis","8":"tag-2025-11-29-144817","9":"tag-antrastes","10":"tag-breaking-news","11":"tag-breakingnews","12":"tag-daiktai","13":"tag-dienos-kronika","14":"tag-featured-news","15":"tag-featurednews","16":"tag-gatves-tekstai","17":"tag-gyvenimas","18":"tag-headlines","19":"tag-interneto-pievos","20":"tag-keliones","21":"tag-kultura","22":"tag-laisvalaikis","23":"tag-latest-news","24":"tag-latestnews","25":"tag-lietuva","26":"tag-lietuviu","27":"tag-lithuania","28":"tag-lithuanian","29":"tag-lt","30":"tag-mokslas-ir-it","31":"tag-naujienos","32":"tag-news","33":"tag-pasaulis","34":"tag-populiariausios-naujienos","35":"tag-populiariausiosnaujienos","36":"tag-projektai","37":"tag-rinktiniai-tekstai","38":"tag-simtmecio-portalas","39":"tag-sportas","40":"tag-top-stories","41":"tag-topstories","42":"tag-tv3-lt","43":"tag-verslas","44":"tag-video","45":"tag-world","46":"tag-world-news","47":"tag-worldnews","48":"tag-zaidimai"},"share_on_mastodon":{"url":"","error":"Validation failed: Text character limit of 500 exceeded"},"_links":{"self":[{"href":"https:\/\/www.europesays.com\/lt\/wp-json\/wp\/v2\/posts\/50707","targetHints":{"allow":["GET"]}}],"collection":[{"href":"https:\/\/www.europesays.com\/lt\/wp-json\/wp\/v2\/posts"}],"about":[{"href":"https:\/\/www.europesays.com\/lt\/wp-json\/wp\/v2\/types\/post"}],"author":[{"embeddable":true,"href":"https:\/\/www.europesays.com\/lt\/wp-json\/wp\/v2\/users\/2"}],"replies":[{"embeddable":true,"href":"https:\/\/www.europesays.com\/lt\/wp-json\/wp\/v2\/comments?post=50707"}],"version-history":[{"count":0,"href":"https:\/\/www.europesays.com\/lt\/wp-json\/wp\/v2\/posts\/50707\/revisions"}],"wp:featuredmedia":[{"embeddable":true,"href":"https:\/\/www.europesays.com\/lt\/wp-json\/wp\/v2\/media\/50708"}],"wp:attachment":[{"href":"https:\/\/www.europesays.com\/lt\/wp-json\/wp\/v2\/media?parent=50707"}],"wp:term":[{"taxonomy":"category","embeddable":true,"href":"https:\/\/www.europesays.com\/lt\/wp-json\/wp\/v2\/categories?post=50707"},{"taxonomy":"post_tag","embeddable":true,"href":"https:\/\/www.europesays.com\/lt\/wp-json\/wp\/v2\/tags?post=50707"}],"curies":[{"name":"wp","href":"https:\/\/api.w.org\/{rel}","templated":true}]}}