{"id":50758,"date":"2025-11-29T22:33:16","date_gmt":"2025-11-29T22:33:16","guid":{"rendered":"https:\/\/www.europesays.com\/lt\/50758\/"},"modified":"2025-11-29T22:33:16","modified_gmt":"2025-11-29T22:33:16","slug":"taikos-plana-sumane-ne-trumpas-cia-kalbama-apie-versla","status":"publish","type":"post","link":"https:\/\/www.europesays.com\/lt\/50758\/","title":{"rendered":"Taikos plan\u0105 suman\u0117 ne Trumpas: \u201e\u010cia kalbama apie versl\u0105\u201c"},"content":{"rendered":"<p>Rusijos ekonomikos atk\u016brimo programa?<\/p>\n<p class=\"MsoNormal\">Anot \u0161altini\u0173, Rusijos derybininkas ir \u0161alies tiesiogini\u0173 investicij\u0173 fondo vadovas K. Dmitrijevas amerikie\u010diams pristat\u0117 did\u017eiul\u0119 2 trilijon\u0173 JAV doleri\u0173 vert\u0117s Rusijos ekonomikos atk\u016brimo program\u0105.<\/p>\n<p class=\"MsoNormal\">Jos pagrind\u0105 sudaro bendri JAV ir Rusijos projektai, galimyb\u0117 naudotis Arkties i\u0161tekliais ir apie 300 mlrd. doleri\u0173 vert\u0117s \u012f\u0161aldytu Rusijos turtu Europoje. Anot K. Dmitrijevo, b\u016btent \u0161ios l\u0117\u0161os gal\u0117t\u0173 tapti investiciniu pagrindu ir \u201eJAV vadovaujamo Ukrainos atstatymo\u201c finansavimui.<\/p>\n<p class=\"MsoNormal\">Slaptame susitikime Majami Bi\u010de dalyvavo ir \u201eAffinity Partners\u201c savininkas J. Kushneris. Kartu su S. Whitkoffu jis tur\u0117jo pasir\u016bpinti, kad versl\u0105 b\u016bsimuose Rusijos ir Arkties projektuose JAV verslas tur\u0117t\u0173 nenugin\u010dijam\u0105 prana\u0161um\u0105 prie\u0161 europie\u010dius.<\/p>\n<p class=\"MsoNormal\">K. Dmitrijevo plane numatyta ir dar ambicingesni\u0173 u\u017emoj\u0173: pavyzd\u017eiui, bendras JAV ir Rusijos kosmoso technologij\u0173 vystymas (verta pamin\u0117ti ir bendradarbiavim\u0105 su \u201eSpaceX\u201c d\u0117l misijos Marse). Kremlius viliasi, kad tai pad\u0117t\u0173 \u012ftikinti Va\u0161ington\u0105 \u012f Rusij\u0105 pa\u017evelgti ne kaip \u012f gr\u0117sm\u0119, o \u012f kaip ekonomin\u0119 galimyb\u0119 \u2013 to Maskva siek\u0117 dar prie\u0161 D. Trumpui pradedant darbus antroje kadencijoje.<\/p>\n","protected":false},"excerpt":{"rendered":"Rusijos ekonomikos atk\u016brimo programa? Anot \u0161altini\u0173, Rusijos derybininkas ir \u0161alies tiesiogini\u0173 investicij\u0173 fondo vadovas K. Dmitrijevas amerikie\u010diams pristat\u0117&hellip;\n","protected":false},"author":2,"featured_media":50759,"comment_status":"","ping_status":"","sticky":false,"template":"","format":"standard","meta":{"footnotes":""},"categories":[6],"tags":[25,30,31,194,34,35,24,32,33,37,39,36,38,40,23,22,28,29,4761,26,27],"class_list":{"0":"post-50758","1":"post","2":"type-post","3":"status-publish","4":"format-standard","5":"has-post-thumbnail","7":"category-antrastes","8":"tag-antrastes","9":"tag-breaking-news","10":"tag-breakingnews","11":"tag-donaldas-trumpas","12":"tag-featured-news","13":"tag-featurednews","14":"tag-headlines","15":"tag-latest-news","16":"tag-latestnews","17":"tag-lietuva","18":"tag-lietuviu","19":"tag-lithuania","20":"tag-lithuanian","21":"tag-lt","22":"tag-naujienos","23":"tag-news","24":"tag-populiariausios-naujienos","25":"tag-populiariausiosnaujienos","26":"tag-taikos-planas","27":"tag-top-stories","28":"tag-topstories"},"share_on_mastodon":{"url":"https:\/\/pubeurope.com\/@lt\/115635368956921920","error":""},"_links":{"self":[{"href":"https:\/\/www.europesays.com\/lt\/wp-json\/wp\/v2\/posts\/50758","targetHints":{"allow":["GET"]}}],"collection":[{"href":"https:\/\/www.europesays.com\/lt\/wp-json\/wp\/v2\/posts"}],"about":[{"href":"https:\/\/www.europesays.com\/lt\/wp-json\/wp\/v2\/types\/post"}],"author":[{"embeddable":true,"href":"https:\/\/www.europesays.com\/lt\/wp-json\/wp\/v2\/users\/2"}],"replies":[{"embeddable":true,"href":"https:\/\/www.europesays.com\/lt\/wp-json\/wp\/v2\/comments?post=50758"}],"version-history":[{"count":0,"href":"https:\/\/www.europesays.com\/lt\/wp-json\/wp\/v2\/posts\/50758\/revisions"}],"wp:featuredmedia":[{"embeddable":true,"href":"https:\/\/www.europesays.com\/lt\/wp-json\/wp\/v2\/media\/50759"}],"wp:attachment":[{"href":"https:\/\/www.europesays.com\/lt\/wp-json\/wp\/v2\/media?parent=50758"}],"wp:term":[{"taxonomy":"category","embeddable":true,"href":"https:\/\/www.europesays.com\/lt\/wp-json\/wp\/v2\/categories?post=50758"},{"taxonomy":"post_tag","embeddable":true,"href":"https:\/\/www.europesays.com\/lt\/wp-json\/wp\/v2\/tags?post=50758"}],"curies":[{"name":"wp","href":"https:\/\/api.w.org\/{rel}","templated":true}]}}