{"id":50790,"date":"2025-11-30T02:57:08","date_gmt":"2025-11-30T02:57:08","guid":{"rendered":"https:\/\/www.europesays.com\/lt\/50790\/"},"modified":"2025-11-30T02:57:08","modified_gmt":"2025-11-30T02:57:08","slug":"karas-ukrainoje-jav-ir-ukraina-surengs-naujas-derybas-del-karo-uzbaigimo-delfi","status":"publish","type":"post","link":"https:\/\/www.europesays.com\/lt\/50790\/","title":{"rendered":"Karas Ukrainoje. JAV ir Ukraina surengs naujas derybas d\u0117l karo u\u017ebaigimo &#8211; Delfi"},"content":{"rendered":"<ol>\n<li><a href=\"https:\/\/news.google.com\/rss\/articles\/CBMiwAFBVV95cUxORG5pSTAzQlNMU241NW9CSjc4emlBXzJsQk5ERUtKSkdsRTkyakt4ZU1hd0tLN3FrOFJUZjREelRLZVpqcUtYTy1CVXlOeUlJWE9WX18yVk1rcjhNYWhDWm56RjhXdkxENEg3bW9EbzliYTl4V05kSkhDUV9xWm1IRkRZYVRmbmJPeEpsZC1hdm1VOGRzSGJKSXN2MHZtTTNCM09pMUNsSnRtQzBNaXNBNWZObHFXblh6RklsNnpVZmE?oc=5\" target=\"_blank\" rel=\"nofollow noopener\">Karas Ukrainoje. JAV ir Ukraina surengs naujas derybas d\u0117l karo u\u017ebaigimo<\/a>&nbsp;&nbsp;Delfi<\/li>\n<li><a href=\"https:\/\/news.google.com\/rss\/articles\/CBMi1gFBVV95cUxQWks2eW5YV2Y4Z0ZpUF84anF4ZkFMOWJxRmhiWTBaMElicGlrMG9RZ1lPV05sQkgybjNHRm1HMzFaZk9UZFZCNzBfemp2S2FhNmZXUm91bTBMZ080Rmd0NUhsdnNRYjh0VzlwMHllcnlUdU1uYnlRUW5YTGw3Wmtid1dnbW5Bc2otRzBSbHhub3VPSEoxUUFVREJZMlp6Q1JZSE92RVZvTzlJd1dkRHF2OVF0UldWcmZSVGI4Mmd4UEZMdllyRDFwVGcyUGtVREhQN3ZxN093?oc=5\" target=\"_blank\" rel=\"nofollow noopener\">Volodymyras Zelenskis: Ukrainos derybininkai vyksta \u012f JAV der\u0117tis d\u0117l karo pabaigos plano<\/a>&nbsp;&nbsp;vz.lt<\/li>\n<li><a href=\"https:\/\/news.google.com\/rss\/articles\/CBMiuwFBVV95cUxNYkdBeGhMam9uanM0OG9JZmpkOGpwR0U3VXhNU2dhd0tLWnRYc2cxYUVtZTNobE5RUEpZVV9VbWRnbDhHeHlJRVhMVHJVd0l3czlYT0lrWlNvUEhkN0dNQ3Y1XzJsdFlXUThNZGo5WjAwczdtV0lOVTFISVBBODNSTDFZbVJrRl9UNmIxX016emtQRUxzZERvaU94ZXZrUGdVdlVRM2s3Y1JwRldtYVE0X19QTS0wdHZrWkJF?oc=5\" target=\"_blank\" rel=\"nofollow noopener\">Zelenskis atskleid\u0117, kas vietoje Jermako atstovaus Ukrain\u0105 derybose su JAV<\/a>&nbsp;&nbsp;tv3.lt<\/li>\n<li><a href=\"https:\/\/news.google.com\/rss\/articles\/CBMi_gFBVV95cUxQTE41eWlSblIwV0ZVWHlYWlQweHE5RE16Q21fZ3hwa0NzRmVxS2sxNXp3VVNoQndvWUFtbk1NWGpoa1FJVXhUaHZ3S001LUt3UEFvd0Jvd09rZmplN1dmM1pnLXJ0TUZIWkVSdXRIZzhSZnFKY211LUQ1MEFCM08zYm9CaVJFb3pZMTZzRzZ5aVBjLW5MbGJvMHFtV1YwQkVPVWFoRzFTR1RSVHRLaXhWbTZqeEljbXUwdmtQZ1c5MnQtN2NleUloeWdDNzlmUXF1bEZva1Y2NlRFRV9NVUhfb09hU21qSk1oTzA4V2I0S1B3VkI1R1VUaTI2c3U4dw?oc=5\" target=\"_blank\" rel=\"nofollow noopener\">Karas Ukrainoje. V. Zelenskis paskelb\u0117 apie naujas sankcijas Rusijai<\/a>&nbsp;&nbsp;Lrytas<\/li>\n<li><a href=\"https:\/\/news.google.com\/rss\/articles\/CBMifkFVX3lxTE1ncFBtN1ZWMFVSZ0xQWjNyRnZhYUw5Y2tqVTNVbFctX2NwcWF6aE9FOC1BMHB1QjVTTk1SREFBbUx6NTNudHJSZ0hacGxzaFZtTk9WZFljNHotSWM0Y25iS0dSb2FqWFotNTlQemVzMDczbXdaQlFsa2JDNzFqUQ?oc=5\" target=\"_blank\" rel=\"nofollow noopener\">Karas Ukrainoje. JAV ir Ukraina surengs naujas derybas d\u0117l karo pabaigos: \u201eReuters\u201c atskleid\u0117 dat\u0105 ir viet\u0105<\/a>&nbsp;&nbsp;15min.lt<\/li>\n<\/ol>\n","protected":false},"excerpt":{"rendered":"Karas Ukrainoje. JAV ir Ukraina surengs naujas derybas d\u0117l karo u\u017ebaigimo&nbsp;&nbsp;Delfi Volodymyras Zelenskis: Ukrainos derybininkai vyksta \u012f JAV&hellip;\n","protected":false},"author":2,"featured_media":27533,"comment_status":"","ping_status":"","sticky":false,"template":"","format":"standard","meta":{"footnotes":""},"categories":[6],"tags":[25,30,31,92,34,35,24,121,10693,32,33,37,39,36,38,40,23,22,28,29,26,27,8641],"class_list":{"0":"post-50790","1":"post","2":"type-post","3":"status-publish","4":"format-standard","5":"has-post-thumbnail","7":"category-antrastes","8":"tag-antrastes","9":"tag-breaking-news","10":"tag-breakingnews","11":"tag-dronas","12":"tag-featured-news","13":"tag-featurednews","14":"tag-headlines","15":"tag-karas-ukrainoje","16":"tag-kyjivas","17":"tag-latest-news","18":"tag-latestnews","19":"tag-lietuva","20":"tag-lietuviu","21":"tag-lithuania","22":"tag-lithuanian","23":"tag-lt","24":"tag-naujienos","25":"tag-news","26":"tag-populiariausios-naujienos","27":"tag-populiariausiosnaujienos","28":"tag-top-stories","29":"tag-topstories","30":"tag-ukrainos-prezidentas"},"share_on_mastodon":{"url":"https:\/\/pubeurope.com\/@lt\/115636406957120114","error":""},"_links":{"self":[{"href":"https:\/\/www.europesays.com\/lt\/wp-json\/wp\/v2\/posts\/50790","targetHints":{"allow":["GET"]}}],"collection":[{"href":"https:\/\/www.europesays.com\/lt\/wp-json\/wp\/v2\/posts"}],"about":[{"href":"https:\/\/www.europesays.com\/lt\/wp-json\/wp\/v2\/types\/post"}],"author":[{"embeddable":true,"href":"https:\/\/www.europesays.com\/lt\/wp-json\/wp\/v2\/users\/2"}],"replies":[{"embeddable":true,"href":"https:\/\/www.europesays.com\/lt\/wp-json\/wp\/v2\/comments?post=50790"}],"version-history":[{"count":0,"href":"https:\/\/www.europesays.com\/lt\/wp-json\/wp\/v2\/posts\/50790\/revisions"}],"wp:featuredmedia":[{"embeddable":true,"href":"https:\/\/www.europesays.com\/lt\/wp-json\/wp\/v2\/media\/27533"}],"wp:attachment":[{"href":"https:\/\/www.europesays.com\/lt\/wp-json\/wp\/v2\/media?parent=50790"}],"wp:term":[{"taxonomy":"category","embeddable":true,"href":"https:\/\/www.europesays.com\/lt\/wp-json\/wp\/v2\/categories?post=50790"},{"taxonomy":"post_tag","embeddable":true,"href":"https:\/\/www.europesays.com\/lt\/wp-json\/wp\/v2\/tags?post=50790"}],"curies":[{"name":"wp","href":"https:\/\/api.w.org\/{rel}","templated":true}]}}