{"id":50861,"date":"2025-11-30T07:19:11","date_gmt":"2025-11-30T07:19:11","guid":{"rendered":"https:\/\/www.europesays.com\/lt\/50861\/"},"modified":"2025-11-30T07:19:11","modified_gmt":"2025-11-30T07:19:11","slug":"kruvina-naktis-kalifornijoje-kulkos-pakirto-14-zmoniu-uzpuolikai-veike-tikslingai","status":"publish","type":"post","link":"https:\/\/www.europesays.com\/lt\/50861\/","title":{"rendered":"Kruvina naktis Kalifornijoje: kulkos pakirto 14 \u017emoni\u0173, u\u017epuolikai veik\u0117 tikslingai"},"content":{"rendered":"<p>\u201eKulkos pakirto 14 \u017emoni\u0173, patvirtintais duomenimis, keturi i\u0161 j\u0173 \u017euvo\u201c, \u2013 socialiniuose tinkluose prane\u0161\u0117 San Choakino apygardos \u0161erifo biuras, pridurdamas, kad informacijos apie Stoktono mieste aid\u0117jusius \u0161\u016bvius n\u0117ra daug.<\/p>\n<p>\u0160erifo biuras prane\u0161\u0117, kad detektyvai \u201estengiasi nustatyti aplinkybes, kurios l\u0117m\u0117 \u0161i\u0105 tragedij\u0105\u201c.<\/p>\n<p>\u201ePirmieji po\u017eymiai rodo, kad tai gal\u0117jo b\u016bti tikslingas incidentas ir tyr\u0117jai nagrin\u0117ja visus variantus\u201c, \u2013 teigiama prane\u0161ime.<\/p>\n<p>\u201eRaginame visus, turin\u010dius kokios nors informacijos, vaizdo \u012fra\u0161\u0173 ar gal\u0117jusius b\u016bti \u0161io incidento liudininkais, nedelsiant susisiekti su San Choakino apygardos \u0161erifo biuru\u201c, \u2013 ra\u0161oma policijos prane\u0161ime.<\/p>\n<p>Kalifornijos gubernatoriaus Gavino Newsomo kanceliarija socialiniuose tinkluose prane\u0161\u0117, kad gubernatoriui buvo prane\u0161ta apie \u012fvykus\u012f incident\u0105.<\/p>\n","protected":false},"excerpt":{"rendered":"\u201eKulkos pakirto 14 \u017emoni\u0173, patvirtintais duomenimis, keturi i\u0161 j\u0173 \u017euvo\u201c, \u2013 socialiniuose tinkluose prane\u0161\u0117 San Choakino apygardos \u0161erifo&hellip;\n","protected":false},"author":2,"featured_media":50862,"comment_status":"","ping_status":"","sticky":false,"template":"","format":"standard","meta":{"footnotes":""},"categories":[15],"tags":[25,30,31,3346,34,35,24,9011,223,32,33,37,39,36,38,40,23,22,44,28,29,26,27,74,75,76],"class_list":{"0":"post-50861","1":"post","2":"type-post","3":"status-publish","4":"format-standard","5":"has-post-thumbnail","7":"category-pasaulis","8":"tag-antrastes","9":"tag-breaking-news","10":"tag-breakingnews","11":"tag-elta-uzsienio-naujiena","12":"tag-featured-news","13":"tag-featurednews","14":"tag-headlines","15":"tag-ispuolis","16":"tag-jav","17":"tag-latest-news","18":"tag-latestnews","19":"tag-lietuva","20":"tag-lietuviu","21":"tag-lithuania","22":"tag-lithuanian","23":"tag-lt","24":"tag-naujienos","25":"tag-news","26":"tag-pasaulis","27":"tag-populiariausios-naujienos","28":"tag-populiariausiosnaujienos","29":"tag-top-stories","30":"tag-topstories","31":"tag-world","32":"tag-world-news","33":"tag-worldnews"},"share_on_mastodon":{"url":"https:\/\/pubeurope.com\/@lt\/115637437198768912","error":""},"_links":{"self":[{"href":"https:\/\/www.europesays.com\/lt\/wp-json\/wp\/v2\/posts\/50861","targetHints":{"allow":["GET"]}}],"collection":[{"href":"https:\/\/www.europesays.com\/lt\/wp-json\/wp\/v2\/posts"}],"about":[{"href":"https:\/\/www.europesays.com\/lt\/wp-json\/wp\/v2\/types\/post"}],"author":[{"embeddable":true,"href":"https:\/\/www.europesays.com\/lt\/wp-json\/wp\/v2\/users\/2"}],"replies":[{"embeddable":true,"href":"https:\/\/www.europesays.com\/lt\/wp-json\/wp\/v2\/comments?post=50861"}],"version-history":[{"count":0,"href":"https:\/\/www.europesays.com\/lt\/wp-json\/wp\/v2\/posts\/50861\/revisions"}],"wp:featuredmedia":[{"embeddable":true,"href":"https:\/\/www.europesays.com\/lt\/wp-json\/wp\/v2\/media\/50862"}],"wp:attachment":[{"href":"https:\/\/www.europesays.com\/lt\/wp-json\/wp\/v2\/media?parent=50861"}],"wp:term":[{"taxonomy":"category","embeddable":true,"href":"https:\/\/www.europesays.com\/lt\/wp-json\/wp\/v2\/categories?post=50861"},{"taxonomy":"post_tag","embeddable":true,"href":"https:\/\/www.europesays.com\/lt\/wp-json\/wp\/v2\/tags?post=50861"}],"curies":[{"name":"wp","href":"https:\/\/api.w.org\/{rel}","templated":true}]}}