{"id":50881,"date":"2025-11-30T07:40:10","date_gmt":"2025-11-30T07:40:10","guid":{"rendered":"https:\/\/www.europesays.com\/lt\/50881\/"},"modified":"2025-11-30T07:40:10","modified_gmt":"2025-11-30T07:40:10","slug":"po-20-metu-netiketa-danges-ispazintis-pasake-kodel-paliko-kelia-i-zvaigzdes","status":"publish","type":"post","link":"https:\/\/www.europesays.com\/lt\/50881\/","title":{"rendered":"Po 20 met\u0173 \u2013 netik\u0117ta Dang\u0117s i\u0161pa\u017eintis: pasak\u0117, kod\u0117l paliko \u201eKeli\u0105 \u012f \u017evaig\u017edes\u201c"},"content":{"rendered":"<p>2005-aisiais paskelbus atrank\u0105 \u012f muzikin\u012f realyb\u0117s \u0161ou \u201eKelias \u012f \u017evaig\u017edes\u201c, Dang\u0117 Miniauskait\u0117 jau k\u016br\u0117, dainavo ir \u017einojo, ko nori.<\/p>\n<p>\u201eJausmas buvo tik\u0117tas, nes labai savimi tik\u0117jau. Kai paskambino, buvo daug euforijos ir laim\u0117s iki a\u0161ar\u0173\u201c, \u2013 pasakojo Dang\u0117 laidoje \u201eLabas vakaras, Lietuva\u201c.<\/p>\n<p>\u201eKelias \u012f \u017evaig\u017edes. Po dvide\u0161imties met\u0173\u201c koncertas Palangoje:<\/p>\n<p>Visgi trumpai pabuvusi kultinio \u0161ou dalimi, Dang\u0117 pati panoro j\u012f palikti. Dabar ji d\u0117kinga prodiuseriams ir u\u017e tai, kad j\u0105 pasteb\u0117jo, ir u\u017e tai, kad nevert\u0117 pasilikti.<\/p>\n<p>\u201eKomanda man atv\u0117r\u0117 visus kelius ir dar\u0117 visk\u0105, kad tik ei\u010diau \u012f priek\u012f. Bet a\u0161 buvau jauna, be patirties, vaikas \u2013 nepasinaudojau ta galimybe\u201c, \u2013 prisimin\u0117 daininink\u0117.<\/p>\n<p>Anot jos, projekte jai tr\u016bko laisv\u0117s.<\/p>\n<p>\u201eMan tr\u016bko oro, nor\u0117jau pab\u0117gti, nes esu laisva k\u016br\u0117ja, meninink\u0117. M\u0117gdavau lakstyti prie j\u016bros, o kai patekau \u012f u\u017edar\u0105 patalp\u0105, man ten nebuvo gera. Nemok\u0117jau vaidinti, kad man ten gerai \u2013 d\u0117l to ir pab\u0117gau\u201c, \u2013 pasakojo Dang\u0117.<\/p>\n<p>    <img decoding=\"async\" src=\"https:\/\/www.europesays.com\/lt\/wp-content\/uploads\/2025\/11\/aff9b26d-9be7-4604-97b0-775427ee6294.jpg\" loading=\"lazy\" alt=\"\u201eKelias \u012f \u017evaig\u017edes\u201c dalyv\u0117 Dang\u0117\"\/>      <\/p>\n<p>Paklausta, ar dabar elgt\u0173si taip pat, ji atskleid\u0117, jog su \u012fgyta patirtimi at\u0117jo ir kitokie suvokimai.<\/p>\n<p>\u201eSu suvokimu, k\u0105 duoda televizija ir tokie projektai, manau, kad kovo\u010diau ir bandy\u010diau likti. Gyvenime nieko neprigail\u0117si, bet kaskart pagalvoju, kaip b\u016bt\u0173 pasisuk\u0119s mano muzikinis kelias, jei b\u016b\u010diau pasilikusi\u201c, \u2013 \u0161ypsojosi Dang\u0117.<\/p>\n<p>Visgi pagrindin\u012f savo tiksl\u0105 ji sako \u012fgyvendinusi.<\/p>\n<p>\u201eTai buvo atsine\u0161ti ir parodyti savo k\u016brybos dainas, k\u0105 ir padariau \u2013 jos 20 met\u0173 skamba. Esu labai laiminga, turiu klausytoj\u0173 rat\u0105\u201c, \u2013 d\u017eiaug\u0117si ji.<\/p>\n<p>Dang\u0117 pasirodys ir jubiliejiniame koncertiniame ture \u201eKelias \u012f \u017evaig\u017edes. Po 20 met\u0173\u201c. Net ir pab\u0117gusi\u0105 i\u0161 projekto, j\u0105 k\u016br\u0117jai prisimin\u0117 ir tebevertina.<\/p>\n<p>\u201eLenkiu galv\u0105 organizatoriams ir esu d\u0117kinga, kad nepamir\u0161o. Galvojau, kad jei pab\u0117gau, man\u0119s nebekvies, pamir\u0161. Buvau maloniai nustebinta, kai paskambino prodiuseris ir prad\u0117jo dainuoti mano dain\u0105 \u201eA\u0161 at\u0117jau ir i\u0161einu\u201c. Tai buvo kaip \u0161irdies eliksyras. Jau\u010diu \u0161ilum\u0105 ir esu labai laiminga, kad nepamir\u0161o ir pakviet\u0117 dalyvauti kartu\u201c, \u2013 laidoje \u201eLabas vakaras, Lietuva\u201c d\u017eiaug\u0117si atlik\u0117ja Dang\u0117.<\/p>\n","protected":false},"excerpt":{"rendered":"2005-aisiais paskelbus atrank\u0105 \u012f muzikin\u012f realyb\u0117s \u0161ou \u201eKelias \u012f \u017evaig\u017edes\u201c, Dang\u0117 Miniauskait\u0117 jau k\u016br\u0117, dainavo ir \u017einojo, ko&hellip;\n","protected":false},"author":2,"featured_media":50882,"comment_status":"","ping_status":"","sticky":false,"template":"","format":"standard","meta":{"footnotes":""},"categories":[21],"tags":[5739,113,5740,37,39,36,38,40,114],"class_list":{"0":"post-50881","1":"post","2":"type-post","3":"status-publish","4":"format-standard","5":"has-post-thumbnail","7":"category-pramogos","8":"tag-dange","9":"tag-entertainment","10":"tag-kelias-i-zvaigzdes","11":"tag-lietuva","12":"tag-lietuviu","13":"tag-lithuania","14":"tag-lithuanian","15":"tag-lt","16":"tag-pramogos"},"share_on_mastodon":{"url":"https:\/\/pubeurope.com\/@lt\/115637519854115832","error":""},"_links":{"self":[{"href":"https:\/\/www.europesays.com\/lt\/wp-json\/wp\/v2\/posts\/50881","targetHints":{"allow":["GET"]}}],"collection":[{"href":"https:\/\/www.europesays.com\/lt\/wp-json\/wp\/v2\/posts"}],"about":[{"href":"https:\/\/www.europesays.com\/lt\/wp-json\/wp\/v2\/types\/post"}],"author":[{"embeddable":true,"href":"https:\/\/www.europesays.com\/lt\/wp-json\/wp\/v2\/users\/2"}],"replies":[{"embeddable":true,"href":"https:\/\/www.europesays.com\/lt\/wp-json\/wp\/v2\/comments?post=50881"}],"version-history":[{"count":0,"href":"https:\/\/www.europesays.com\/lt\/wp-json\/wp\/v2\/posts\/50881\/revisions"}],"wp:featuredmedia":[{"embeddable":true,"href":"https:\/\/www.europesays.com\/lt\/wp-json\/wp\/v2\/media\/50882"}],"wp:attachment":[{"href":"https:\/\/www.europesays.com\/lt\/wp-json\/wp\/v2\/media?parent=50881"}],"wp:term":[{"taxonomy":"category","embeddable":true,"href":"https:\/\/www.europesays.com\/lt\/wp-json\/wp\/v2\/categories?post=50881"},{"taxonomy":"post_tag","embeddable":true,"href":"https:\/\/www.europesays.com\/lt\/wp-json\/wp\/v2\/tags?post=50881"}],"curies":[{"name":"wp","href":"https:\/\/api.w.org\/{rel}","templated":true}]}}