{"id":50953,"date":"2025-11-30T09:50:12","date_gmt":"2025-11-30T09:50:12","guid":{"rendered":"https:\/\/www.europesays.com\/lt\/50953\/"},"modified":"2025-11-30T09:50:12","modified_gmt":"2025-11-30T09:50:12","slug":"sukciais-patikeje-vilnieciai-neteko-beveik-32-tukst-euru","status":"publish","type":"post","link":"https:\/\/www.europesays.com\/lt\/50953\/","title":{"rendered":"Suk\u010diais patik\u0117j\u0119 vilnie\u010diai neteko beveik 32 t\u016bkst. eur\u0173"},"content":{"rendered":"<p>Policija informuoja, kad lapkri\u010dio 28 dien\u0105 22 val. 27 min. \u012f Vilniaus apskr. VPK kreip\u0117si vyras (gim. 1954 m.), kuris parei\u0161k\u0117, kad t\u0105 pa\u010di\u0105 dien\u0105, apie 12 val. 15 min., <a rel=\"noopener nofollow\" target=\"_blank\" href=\"https:\/\/www.delfi.lt\/temos\/vilnius\" tag-id=\"36207967\">Vilniuje<\/a>, b\u016bnant namuose, jam paskambino nepa\u017e\u012fstami asmenys (bendravo rus\u0173 kalba), kurie, prisistat\u0119 telekomunikacij\u0173 bendrov\u0117s ir banko darbuotojais bei policijos pareig\u016bnais, apgaul\u0117s b\u016bdu i\u0161viliojo 15 000 eur\u0173. <\/p>\n<p>Prad\u0117tas ikiteisminis tyrimas pagal LR BK 215 str. 1 d. (Neteis\u0117tas elektronin\u0117s mok\u0117jimo priemon\u0117s ar jos duomen\u0173 panaudojimas).<\/p>\n<p>Taip pat prane\u0161ama, kad \u012f pareig\u016bnus kreip\u0117si ir 1947 metais gim\u0119s vyras, kuris parei\u0161k\u0117, jog lapkri\u010dio 28 dien\u0105, apie 12 val. 40 min., Vilniuje, b\u016bnant namuose, jam paskambino nepa\u017e\u012fstami asmenys (bendravo rus\u0173 kalba), kurie, prisistat\u0119 telekomunikacij\u0173 bendrov\u0117s ir banko darbuotojais bei policijos pareig\u016bnais, apgaul\u0117s b\u016bdu i\u0161viliojo 16 300 eur\u0173.<\/p>\n<p>Prad\u0117tas ikiteisminis tyrimas pagal LR BK 182 str. 1 d. (<a rel=\"noopener nofollow\" target=\"_blank\" href=\"https:\/\/www.delfi.lt\/temos\/sukciavimas\" tag-id=\"53919337\">suk\u010diavimas<\/a>).<\/p>\n","protected":false},"excerpt":{"rendered":"Policija informuoja, kad lapkri\u010dio 28 dien\u0105 22 val. 27 min. \u012f Vilniaus apskr. VPK kreip\u0117si vyras (gim. 1954&hellip;\n","protected":false},"author":2,"featured_media":50954,"comment_status":"","ping_status":"","sticky":false,"template":"","format":"standard","meta":{"footnotes":""},"categories":[13],"tags":[25,30,31,34,35,24,32,33,37,39,36,38,40,23,22,28,29,1153,26,27,626],"class_list":{"0":"post-50953","1":"post","2":"type-post","3":"status-publish","4":"format-standard","5":"has-post-thumbnail","7":"category-lietuva","8":"tag-antrastes","9":"tag-breaking-news","10":"tag-breakingnews","11":"tag-featured-news","12":"tag-featurednews","13":"tag-headlines","14":"tag-latest-news","15":"tag-latestnews","16":"tag-lietuva","17":"tag-lietuviu","18":"tag-lithuania","19":"tag-lithuanian","20":"tag-lt","21":"tag-naujienos","22":"tag-news","23":"tag-populiariausios-naujienos","24":"tag-populiariausiosnaujienos","25":"tag-sukciavimas","26":"tag-top-stories","27":"tag-topstories","28":"tag-vilnius"},"share_on_mastodon":{"url":"https:\/\/pubeurope.com\/@lt\/115638030926860767","error":""},"_links":{"self":[{"href":"https:\/\/www.europesays.com\/lt\/wp-json\/wp\/v2\/posts\/50953","targetHints":{"allow":["GET"]}}],"collection":[{"href":"https:\/\/www.europesays.com\/lt\/wp-json\/wp\/v2\/posts"}],"about":[{"href":"https:\/\/www.europesays.com\/lt\/wp-json\/wp\/v2\/types\/post"}],"author":[{"embeddable":true,"href":"https:\/\/www.europesays.com\/lt\/wp-json\/wp\/v2\/users\/2"}],"replies":[{"embeddable":true,"href":"https:\/\/www.europesays.com\/lt\/wp-json\/wp\/v2\/comments?post=50953"}],"version-history":[{"count":0,"href":"https:\/\/www.europesays.com\/lt\/wp-json\/wp\/v2\/posts\/50953\/revisions"}],"wp:featuredmedia":[{"embeddable":true,"href":"https:\/\/www.europesays.com\/lt\/wp-json\/wp\/v2\/media\/50954"}],"wp:attachment":[{"href":"https:\/\/www.europesays.com\/lt\/wp-json\/wp\/v2\/media?parent=50953"}],"wp:term":[{"taxonomy":"category","embeddable":true,"href":"https:\/\/www.europesays.com\/lt\/wp-json\/wp\/v2\/categories?post=50953"},{"taxonomy":"post_tag","embeddable":true,"href":"https:\/\/www.europesays.com\/lt\/wp-json\/wp\/v2\/tags?post=50953"}],"curies":[{"name":"wp","href":"https:\/\/api.w.org\/{rel}","templated":true}]}}