{"id":50963,"date":"2025-11-30T10:02:09","date_gmt":"2025-11-30T10:02:09","guid":{"rendered":"https:\/\/www.europesays.com\/lt\/50963\/"},"modified":"2025-11-30T10:02:09","modified_gmt":"2025-11-30T10:02:09","slug":"ugniagesiai-skubejo-i-ligonine-kaune-medike-pranese-apie-gaisra","status":"publish","type":"post","link":"https:\/\/www.europesays.com\/lt\/50963\/","title":{"rendered":"Ugniagesiai skub\u0117jo \u012f ligonin\u0119 Kaune \u2013 medik\u0117 prane\u0161\u0117 apie gaisr\u0105"},"content":{"rendered":"<p>Kauno prie\u0161gaisrin\u0117 gelb\u0117jimo valdyba informuoja, kad lapkri\u010dio 29 dien\u0105, apie 8.17 val., buvo gautas gydytojos prane\u0161imas, kad <a rel=\"noopener nofollow\" target=\"_blank\" href=\"https:\/\/www.delfi.lt\/temos\/kaunas\" tag-id=\"39300323\">Kaune<\/a>, S. Dariaus ir S. Gir\u0117no g., ligonin\u0117s 3 auk\u0161te gaisras, u\u017ed\u016bminta patalpa, kas dega \u2013 neai\u0161ku. <\/p>\n<p>Atvykus ugniagesiams, 3 auk\u0161to patalpos buvo nestipriai u\u017ed\u016bmintos, r\u016bkomojoje patalpoje, ventiliacijos angoje, deg\u0117 \u0161iuk\u0161l\u0117s. <\/p>\n<p>\u201eI\u0161ard\u017eius 2 m\u00b2 sienos apdailos ir pasiekus ventiliacijos ang\u0105 u\u017egesintos viduje degusios \u0161iuk\u0161l\u0117s. <\/p>\n<p>Sudeg\u0117 \u0161iuk\u0161l\u0117s, i\u0161v\u0117dintos patalpos\u201c, \u2013 skelbia ugniagesiai.<\/p>\n<p>Teigiama, kad pacientai evakuoti nebuvo.<\/p>\n<p>\u012etariama, kad incidento prie\u017eastis yra neatsargus r\u016bkymas.<\/p>\n","protected":false},"excerpt":{"rendered":"Kauno prie\u0161gaisrin\u0117 gelb\u0117jimo valdyba informuoja, kad lapkri\u010dio 29 dien\u0105, apie 8.17 val., buvo gautas gydytojos prane\u0161imas, kad Kaune,&hellip;\n","protected":false},"author":2,"featured_media":50964,"comment_status":"","ping_status":"","sticky":false,"template":"","format":"standard","meta":{"footnotes":""},"categories":[13],"tags":[25,30,31,34,35,144,24,1061,32,33,37,39,492,36,38,40,23,22,28,29,26,27],"class_list":{"0":"post-50963","1":"post","2":"type-post","3":"status-publish","4":"format-standard","5":"has-post-thumbnail","7":"category-lietuva","8":"tag-antrastes","9":"tag-breaking-news","10":"tag-breakingnews","11":"tag-featured-news","12":"tag-featurednews","13":"tag-gaisras","14":"tag-headlines","15":"tag-kaunas","16":"tag-latest-news","17":"tag-latestnews","18":"tag-lietuva","19":"tag-lietuviu","20":"tag-ligonine","21":"tag-lithuania","22":"tag-lithuanian","23":"tag-lt","24":"tag-naujienos","25":"tag-news","26":"tag-populiariausios-naujienos","27":"tag-populiariausiosnaujienos","28":"tag-top-stories","29":"tag-topstories"},"share_on_mastodon":{"url":"https:\/\/pubeurope.com\/@lt\/115638078417754287","error":""},"_links":{"self":[{"href":"https:\/\/www.europesays.com\/lt\/wp-json\/wp\/v2\/posts\/50963","targetHints":{"allow":["GET"]}}],"collection":[{"href":"https:\/\/www.europesays.com\/lt\/wp-json\/wp\/v2\/posts"}],"about":[{"href":"https:\/\/www.europesays.com\/lt\/wp-json\/wp\/v2\/types\/post"}],"author":[{"embeddable":true,"href":"https:\/\/www.europesays.com\/lt\/wp-json\/wp\/v2\/users\/2"}],"replies":[{"embeddable":true,"href":"https:\/\/www.europesays.com\/lt\/wp-json\/wp\/v2\/comments?post=50963"}],"version-history":[{"count":0,"href":"https:\/\/www.europesays.com\/lt\/wp-json\/wp\/v2\/posts\/50963\/revisions"}],"wp:featuredmedia":[{"embeddable":true,"href":"https:\/\/www.europesays.com\/lt\/wp-json\/wp\/v2\/media\/50964"}],"wp:attachment":[{"href":"https:\/\/www.europesays.com\/lt\/wp-json\/wp\/v2\/media?parent=50963"}],"wp:term":[{"taxonomy":"category","embeddable":true,"href":"https:\/\/www.europesays.com\/lt\/wp-json\/wp\/v2\/categories?post=50963"},{"taxonomy":"post_tag","embeddable":true,"href":"https:\/\/www.europesays.com\/lt\/wp-json\/wp\/v2\/tags?post=50963"}],"curies":[{"name":"wp","href":"https:\/\/api.w.org\/{rel}","templated":true}]}}