{"id":51050,"date":"2025-11-30T12:44:19","date_gmt":"2025-11-30T12:44:19","guid":{"rendered":"https:\/\/www.europesays.com\/lt\/51050\/"},"modified":"2025-11-30T12:44:19","modified_gmt":"2025-11-30T12:44:19","slug":"indre-bareikiene-grizo-i-vieta-kur-uzgime-jos-ir-vido-bareikio-meile","status":"publish","type":"post","link":"https:\/\/www.europesays.com\/lt\/51050\/","title":{"rendered":"Indr\u0117 Bareikien\u0117 gr\u012f\u017eo \u012f viet\u0105, kur u\u017egim\u0117 jos ir Vido Bareikio meil\u0117"},"content":{"rendered":"<p>\u201eO proga specialiam vakarui neeilin\u0117. Esu gr\u012f\u017eusi \u012f savo meil\u0117s miest\u0105 \u2013 <a rel=\"noopener nofollow\" target=\"_blank\" href=\"https:\/\/www.delfi.lt\/temos\/marijampole\" tag-id=\"43152723\">Marijampol\u0119<\/a>\u201c, \u2013 \u012f publik\u0105 renginio metu kreip\u0117si I. Bareikien\u0117. B\u016btent \u010dia prie\u0161 ma\u017edaug nei \u0161e\u0161erius metus u\u017egim\u0117 Indr\u0117s ir jos vyro <a rel=\"noopener nofollow\" target=\"_blank\" href=\"https:\/\/www.delfi.lt\/temos\/vidas-bareikis\" tag-id=\"62421441\">Vido Bareikio<\/a> meil\u0117s istorija, ra\u0161oma spaudos prane\u0161ime. <\/p>\n<p>Garsi moteris prisimin\u0117, kad t\u0105 kart\u0105 ji taip pat organizavo savo autorin\u012f vakar\u0105, o jo muzikine staigmena tapo Vidas.<\/p>\n<p> \u201eTaip jau \u012fvyko, kad po to karto Marijampol\u0117je mes daugiau ir nebei\u0161siskyr\u0117me, tad \u0161is miestas yra m\u016bs\u0173 meil\u0117s. Kas smagiausia, \u017einau jau nema\u017eai istorij\u0173, kad po m\u016bs\u0173 renginio atsipalaidavusios moterys i\u0161dr\u012fsta \u017eengti pirm\u0105 \u017eingsn\u012f ar net susitaikyti su savo meil\u0117m, yra jau net keli \u201erenginio\u201c vaikai. Tai geras \u012frodymas, kad atsipalaidavusi, pozityvi\u0173 emocij\u0173 pasikrovusi moteris yra did\u017eiul\u0117 energija\u201c.<\/p>\n<p>Indr\u0117s Bareikien\u0117s renginio akimirkos: <\/p>\n<p>Paklausta, ar apskritai dar reikia rengini\u0173, skirt\u0173 tik moterims, I. Bareikien\u0117 mintimis dalijosi atvirai. \u201eKai prad\u0117jau \u0161i\u0105 veikl\u0105 prie\u0161 beveik dekad\u0105, tai buvo didel\u0117 naujiena ir netik\u0117tumas. K\u0105 j\u016bs ten vien tik moterys veiksit? Esu gird\u0117jusi ir atmetimo reakcij\u0173. Dabar kartu su manimi renginiai kei\u010diasi, transformuojasi ir perauga \u012f visuotinius geros energijos mainus. Nors ir dabar da\u017enas vyras man\u0119s paklausia, kas tuose mano renginiuose vyksta, turiu pasid\u017eiaugti, kad  yra \u017eymiai daugiau palaikymo. Esu \u012fsitikinusi, kad moterims visuomet reikia laiko sau, su savomis\u201c. <\/p>\n<p>Pasak visuomeninink\u0117s, \u012f komedijos vakarus susirenka paties \u012fvairiausio am\u017eiaus publika. \u201e\u012e renginius da\u017enai ateina trys ar net keturios kartos moter\u0173. Taip pat labai smagu, kad ateina mamos su savo dukromis, kolegi\u0173 kompanijos, mergvakariai, seniai nesima\u010diusios bendramoksl\u0117s. Ry\u0161i\u0173 s\u0105sajos auditorijoje pa\u010dios \u012fvairiausios, o b\u016btent tai ir daro kiekvien\u0105 rengin\u012f visi\u0161kai i\u0161skirtin\u012f ir unikal\u0173. Pati juokaudama atsispiriu nuo susirinkusios auditorijos, programa visuomet pritaikau pagal j\u0105\u201c, \u2013 pasakojo I. Bareikien\u0117.<\/p>\n<p>\u012evairi\u0173 socialini\u0173 iniciatyv\u0173 autor\u0117 ketina toliau keliauti po Lietuvos ir u\u017esienio miestus: \u201eMan svarbu kokyb\u0117, o ne kiekyb\u0117. \u0160iemet dar sumatysime tik gruod\u017eio 12 d. Panev\u0117\u017eyje, o toliau \u0161ou laukia tik kitais metais\u201c.<\/p>\n","protected":false},"excerpt":{"rendered":"\u201eO proga specialiam vakarui neeilin\u0117. Esu gr\u012f\u017eusi \u012f savo meil\u0117s miest\u0105 \u2013 Marijampol\u0119\u201c, \u2013 \u012f publik\u0105 renginio metu&hellip;\n","protected":false},"author":2,"featured_media":51051,"comment_status":"","ping_status":"","sticky":false,"template":"","format":"standard","meta":{"footnotes":""},"categories":[13],"tags":[25,30,31,34,35,24,1141,32,33,37,39,36,38,40,6417,23,22,28,29,26,27,2955],"class_list":{"0":"post-51050","1":"post","2":"type-post","3":"status-publish","4":"format-standard","5":"has-post-thumbnail","7":"category-lietuva","8":"tag-antrastes","9":"tag-breaking-news","10":"tag-breakingnews","11":"tag-featured-news","12":"tag-featurednews","13":"tag-headlines","14":"tag-indre-bareikiene","15":"tag-latest-news","16":"tag-latestnews","17":"tag-lietuva","18":"tag-lietuviu","19":"tag-lithuania","20":"tag-lithuanian","21":"tag-lt","22":"tag-marijampole","23":"tag-naujienos","24":"tag-news","25":"tag-populiariausios-naujienos","26":"tag-populiariausiosnaujienos","27":"tag-top-stories","28":"tag-topstories","29":"tag-vidas-bareikis"},"share_on_mastodon":{"url":"https:\/\/pubeurope.com\/@lt\/115638715299705435","error":""},"_links":{"self":[{"href":"https:\/\/www.europesays.com\/lt\/wp-json\/wp\/v2\/posts\/51050","targetHints":{"allow":["GET"]}}],"collection":[{"href":"https:\/\/www.europesays.com\/lt\/wp-json\/wp\/v2\/posts"}],"about":[{"href":"https:\/\/www.europesays.com\/lt\/wp-json\/wp\/v2\/types\/post"}],"author":[{"embeddable":true,"href":"https:\/\/www.europesays.com\/lt\/wp-json\/wp\/v2\/users\/2"}],"replies":[{"embeddable":true,"href":"https:\/\/www.europesays.com\/lt\/wp-json\/wp\/v2\/comments?post=51050"}],"version-history":[{"count":0,"href":"https:\/\/www.europesays.com\/lt\/wp-json\/wp\/v2\/posts\/51050\/revisions"}],"wp:featuredmedia":[{"embeddable":true,"href":"https:\/\/www.europesays.com\/lt\/wp-json\/wp\/v2\/media\/51051"}],"wp:attachment":[{"href":"https:\/\/www.europesays.com\/lt\/wp-json\/wp\/v2\/media?parent=51050"}],"wp:term":[{"taxonomy":"category","embeddable":true,"href":"https:\/\/www.europesays.com\/lt\/wp-json\/wp\/v2\/categories?post=51050"},{"taxonomy":"post_tag","embeddable":true,"href":"https:\/\/www.europesays.com\/lt\/wp-json\/wp\/v2\/tags?post=51050"}],"curies":[{"name":"wp","href":"https:\/\/api.w.org\/{rel}","templated":true}]}}