{"id":51064,"date":"2025-11-30T13:08:27","date_gmt":"2025-11-30T13:08:27","guid":{"rendered":"https:\/\/www.europesays.com\/lt\/51064\/"},"modified":"2025-11-30T13:08:27","modified_gmt":"2025-11-30T13:08:27","slug":"nakti-pasienyje-aptikti-keturi-balionai-su-kontrabanda","status":"publish","type":"post","link":"https:\/\/www.europesays.com\/lt\/51064\/","title":{"rendered":"Nakt\u012f pasienyje aptikti keturi balionai su kontrabanda"},"content":{"rendered":"\n<p>\u201e\u0160i\u0105nakt pasienio rajonuose vykusi\u0173 bendr\u0173 policijos, Valstyb\u0117s sienos apsaugos tarnybos, Muitin\u0117s kriminalin\u0117s tarnybos ir Karo policijos reid\u0173 metu pareig\u016bnai patikrino daugiau kaip 700 automobili\u0173 ir beveik 750 \u012ftartin\u0173 asmen\u0173, sura\u0161yti 8 protokolai u\u017e \u012fvairius KET pa\u017eeidimus.<\/p>\n<p>Vilniaus (2), Trak\u0173 (1), Var\u0117nos (1) rajonuose pareig\u016bnai aptiko 4 meteorologinius balionus su 3000 pakeli\u0173 kontrabandini\u0173 cigare\u010di\u0173.<\/p>\n<p>\u0160i\u0105 savait\u0119 teis\u0117saugos pareig\u016bnai prad\u0117jo sustiprint\u0105 patruliavim\u0105 \u0161alies pasienio rajonuose, aktyvios prevencin\u0117s priemon\u0117s pasienyje vyks ir toliau\u201c, \u2013 skelbia policija.<\/p>\n<p>       <img decoding=\"async\" src=\"https:\/\/www.europesays.com\/lt\/wp-content\/uploads\/2025\/11\/523ef54d-2ccd-49f7-91fb-868b842a615d.jpg\" loading=\"lazy\" alt=\"Reidai pasienyje\"\/>    <\/p>\n<p>Delfi primena, kad vakar, lapkri\u010dio 28 d. 23.15 val., vir\u0161 Vilniaus oro uosto buvo \u012fvesti laikini oro erdv\u0117s ribojimai. Pirminiais duomenimis, \u0161\u012f sprendim\u0105 l\u0117m\u0117 navigacin\u0117s at\u017eymos, b\u016bdingos balionams, judan\u010dios oro uosto kryptimi.<\/p>\n<p>Ribojimai buvo panaikinti 07:03 val. Kaip prane\u0161a Vilniaus oro uostas, \u0161iuo metu \u010dia visos operacijos vyksta \u012fprastai.<\/p>\n<p>D\u0117l laikin\u0173 ribojim\u0173 buvo paveikta daugiau kaip 3000 keleivi\u0173 ir 22 skryd\u017eiai, 3 skryd\u017eiai at\u0161aukti, o 9 skryd\u017eiai nukreipti \u012f Kauno ir Rygos oro uostus. 10 skryd\u017ei\u0173 i\u0161vykimo ar atvykimo laikai pakito.<\/p>\n<p>Primenama, kad dienos eigoje gali pasitaikyti pavieni\u0173 v\u0117lavim\u0173 d\u0117l sutrikusios \u012fgul\u0173 ir orlaivi\u0173 rotacijos.<\/p>\n<p>Keleiviai, kuri\u0173 kelion\u0117s planus paveik\u0117 ribojimai, raginami tiesiogiai kreiptis \u012f savo oro bendroves d\u0117l detalesn\u0117s informacijos.<\/p>\n<p>NKVC apie naujausi\u0105 kontrabandini\u0173 balion\u0173 antpl\u016bd\u012f: \u0161i\u0105nakt buvo cinizmo vir\u0161\u016bn\u0117<\/p>\n<p>Pastar\u0105j\u0105 par\u0105 Lietuvos oro erdv\u0117je fiksuotas i\u0161skirtinis i\u0161 Baltarusijos leid\u017eiam\u0173 kontrabandini\u0173 balion\u0173 aktyvumas, sako Nacionalinio krizi\u0173 valdymo centro (NKVC) vadovas Vilmantas Vitkauskas. Pasak jo, tokie ty\u010diniai Minsko veiksmai yra cinizmo vir\u0161\u016bn\u0117.<\/p>\n<p>\u201eGalime konstatuoti, kad \u0161i\u0105nakt buvo cinizmo vir\u0161\u016bn\u0117. Mes prad\u0117jome vakar vakare nuo beveik 19 val. vakaro steb\u0117ti pirmus meteorologini\u0173 balion\u0173 paleidimus ir tas t\u0119s\u0117si iki 6.30 val. ryto \u2013 tai labai ilgas laiko tarpas, tokio niekada nesame tur\u0117j\u0119. Dabar skai\u010diuojame per 60 \u017eym\u0173, skai\u010dius gali b\u016bti ir didesnis, kai visk\u0105 susumuosime\u201c, \u2013 LRT radijui \u0161e\u0161tadien\u012f komentavo V. Vitkauskas.<\/p>\n<p>Pasak NKVC vadovo, kontrabandiniai balionai ty\u010dia buvo leid\u017eiami \u012f pavojingas aviacijai zonas.<\/p>\n<p>\u201eKryptis ir periodi\u0161kumas, kuris buvo fiksuotas \u0161i\u0105nakt buvo unikalus tuo, kad buvo kas pusvaland\u012f (balionai \u2013 ELTA) leid\u017eiami \u012f t\u0105 viet\u0105, kur yra labai pavojinga m\u016bs\u0173 skryd\u017eiams. Matome ty\u010din\u012f veikim\u0105\u201c, \u2013 sak\u0117 NKVC vadovas.<\/p>\n<p>\u201ePirmasis fiksavimas vakar apie 19 val. buvo ties Druskininkais ir \u0161i kryptis n\u0117ra pavojinga, bet toliau mat\u0117me, kad geografija pasikeit\u0117, pakrypo \u012f vakarus nuo Druskinink\u0173 ir ties \u0160al\u010dininkais. Tai buvo tos vietos, kurios k\u0117l\u0117 did\u017eiausi\u0105 nerim\u0105, nes tie balionai art\u0117jo link Vilniaus oro uosto kontroliuojamos zonos, kuri yra labai pavojinga m\u016bs\u0173 orlaiviams\u201c, \u2013 LRT radijui teig\u0117 V. Vitkauskas.<\/p>\n<p>Kaip skelbta, penktadienio v\u0117l\u0173 vakar\u0105 laikinai sustabdytas Vilniaus oro uosto darbas \u0161e\u0161tadien\u012f v\u0117l buvo atnaujintas.<\/p>\n<p>I\u0161 prad\u017ei\u0173 buvo skelbta, kad oro erdv\u0117s ribojimai \u012fvedami iki \u0161e\u0161tadienio 02.15 val. nakties, v\u0117liau \u0161is laikas buvo prat\u0119stas kelis kartus.<\/p>\n<p>ELTA primena, kad suaktyv\u0117jus kontrabandini\u0173 balion\u0173 i\u0161 Baltarusijos antpl\u016bd\u017eiams, Vyriausyb\u0117 spalio pabaigoje nusprend\u0117 u\u017edaryti sien\u0105, ji atverta pra\u0117jusi\u0105 savait\u0119.<\/p>\n<p>D\u0117l kontrabandini\u0173 balion\u0173 jud\u0117jimo nuo to laiko daugel\u012f kart\u0173 sutrikdytas \u0161alies oro uost\u0173 darbas, paskutin\u012f kart\u0105 \u2013 \u0161\u012f savaitgal\u012f, sekmadienio nakt\u012f d\u0117l to Vilniaus oro uostas u\u017edarytas du kartus.<\/p>\n<p>D\u0117l susidariusios situacijos pastaruoju metu \u0161auktas ne vienas Nacionalinio saugumo komisijos (NSK) pos\u0117dis, Balatrusijos hibridin\u0117s atakos klausimas aptarin\u0117jamas \u012fvairiais formatais \u0161alies ir tarptautiniu lygiu.        <\/p>\n<p>Delfi primena, kad daugelis orlaivi\u0173, kurie tur\u0117jo leistis Vilniaus oro uoste, nukreipiami \u012f Kauno oro uost\u0105, kiti skryd\u017eiai pakoreguoti taip, kad orlaiviai \u012f Vilni\u0173 i\u0161skris v\u0117liau, tad tur\u0117t\u0173 leistis tik pary\u010diais.<\/p>\n<p>Dienos eigoje gali b\u016bti fiksuojami pavieniai skryd\u017ei\u0173 v\u0117lavimai d\u0117l sutrikusios \u012fgul\u0173 ir orlaivi\u0173 rotacijos.<\/p>\n<p>Keleiviai, kuri\u0173 skryd\u017eius sutrikd\u0117 ribojimai ar skryd\u017eiai buvo at\u0161aukti, kvie\u010diami tiesiogiai susisiekti su savo oro bendrov\u0117mis d\u0117l detalesn\u0117s informacijos. Informacij\u0105 apie skryd\u017eius kvie\u010diame sekti Vilniaus oro uosto svetain\u0117je.  <\/p>\n<p>Informacij\u0105 apie skryd\u017eius galima sekti Vilniaus oro uosto svetain\u0117je www.vilnius-airport.lt<\/p>\n","protected":false},"excerpt":{"rendered":"\u201e\u0160i\u0105nakt pasienio rajonuose vykusi\u0173 bendr\u0173 policijos, Valstyb\u0117s sienos apsaugos tarnybos, Muitin\u0117s kriminalin\u0117s tarnybos ir Karo policijos reid\u0173 metu&hellip;\n","protected":false},"author":2,"featured_media":51065,"comment_status":"","ping_status":"","sticky":false,"template":"","format":"standard","meta":{"footnotes":""},"categories":[13],"tags":[25,30,31,34,35,24,2960,32,33,37,39,36,38,40,4467,23,22,4059,28,29,26,27],"class_list":{"0":"post-51064","1":"post","2":"type-post","3":"status-publish","4":"format-standard","5":"has-post-thumbnail","7":"category-lietuva","8":"tag-antrastes","9":"tag-breaking-news","10":"tag-breakingnews","11":"tag-featured-news","12":"tag-featurednews","13":"tag-headlines","14":"tag-kontrabanda","15":"tag-latest-news","16":"tag-latestnews","17":"tag-lietuva","18":"tag-lietuviu","19":"tag-lithuania","20":"tag-lithuanian","21":"tag-lt","22":"tag-meteorologinis-balionas","23":"tag-naujienos","24":"tag-news","25":"tag-pasienis","26":"tag-populiariausios-naujienos","27":"tag-populiariausiosnaujienos","28":"tag-top-stories","29":"tag-topstories"},"share_on_mastodon":{"url":"https:\/\/pubeurope.com\/@lt\/115638809698779927","error":""},"_links":{"self":[{"href":"https:\/\/www.europesays.com\/lt\/wp-json\/wp\/v2\/posts\/51064","targetHints":{"allow":["GET"]}}],"collection":[{"href":"https:\/\/www.europesays.com\/lt\/wp-json\/wp\/v2\/posts"}],"about":[{"href":"https:\/\/www.europesays.com\/lt\/wp-json\/wp\/v2\/types\/post"}],"author":[{"embeddable":true,"href":"https:\/\/www.europesays.com\/lt\/wp-json\/wp\/v2\/users\/2"}],"replies":[{"embeddable":true,"href":"https:\/\/www.europesays.com\/lt\/wp-json\/wp\/v2\/comments?post=51064"}],"version-history":[{"count":0,"href":"https:\/\/www.europesays.com\/lt\/wp-json\/wp\/v2\/posts\/51064\/revisions"}],"wp:featuredmedia":[{"embeddable":true,"href":"https:\/\/www.europesays.com\/lt\/wp-json\/wp\/v2\/media\/51065"}],"wp:attachment":[{"href":"https:\/\/www.europesays.com\/lt\/wp-json\/wp\/v2\/media?parent=51064"}],"wp:term":[{"taxonomy":"category","embeddable":true,"href":"https:\/\/www.europesays.com\/lt\/wp-json\/wp\/v2\/categories?post=51064"},{"taxonomy":"post_tag","embeddable":true,"href":"https:\/\/www.europesays.com\/lt\/wp-json\/wp\/v2\/tags?post=51064"}],"curies":[{"name":"wp","href":"https:\/\/api.w.org\/{rel}","templated":true}]}}