{"id":51076,"date":"2025-11-30T13:26:28","date_gmt":"2025-11-30T13:26:28","guid":{"rendered":"https:\/\/www.europesays.com\/lt\/51076\/"},"modified":"2025-11-30T13:26:28","modified_gmt":"2025-11-30T13:26:28","slug":"raseiniu-rajone-girtas-ir-beteisis-vairuotojas-rezesi-i-bentley","status":"publish","type":"post","link":"https:\/\/www.europesays.com\/lt\/51076\/","title":{"rendered":"Raseini\u0173 rajone girtas ir \u201ebeteisis\u201c vairuotojas r\u0117\u017e\u0117si \u012f \u201eBentley\u201c"},"content":{"rendered":"<p>Policija prane\u0161a, kad lapkri\u010dio 28 d. 15.15 val. <a rel=\"noopener nofollow\" target=\"_blank\" href=\"https:\/\/www.delfi.lt\/temos\/raseiniu-rajonas\" tag-id=\"60080357\">Raseini\u0173 rajone<\/a>, Gab\u0161i\u0173 k., <a rel=\"noopener nofollow\" target=\"_blank\" href=\"https:\/\/www.delfi.lt\/temos\/neblaivus\" tag-id=\"58344944\">neblaivaus<\/a> (2,33 prom.), neturin\u010dio teis\u0117s vairuoti vyro, gim. 1992 m., vairuojamas automobilis \u201eVolkswagen Passat\u201c, atsitrenk\u0117 \u012f automobil\u012f \u201e<a rel=\"noopener nofollow\" target=\"_blank\" href=\"https:\/\/www.delfi.lt\/temos\/bentley\" tag-id=\"54291873\">Bentley<\/a> Bentayga V8\u201c, vairuojam\u0105 blaivaus vyro, gim. 1965 m. <\/p>\n<p>Eismo \u012fvykio metu \u017emon\u0117s nenukent\u0117jo. <\/p>\n<p>Pas automobilio \u201eVolkswagen Passat\u201c vairuotoj\u0105 rastas cigare\u010di\u0173 pakelis, su augalin\u0117s kilm\u0117s, \u012ftariama <a rel=\"noopener nofollow\" target=\"_blank\" href=\"https:\/\/www.delfi.lt\/temos\/narkotikai\" tag-id=\"42147591\">narkotine<\/a> med\u017eiaga. <\/p>\n<p>Vyras u\u017edarytas \u012f are\u0161tin\u0119.<\/p>\n<p>D\u0117l \u012fvykio prad\u0117ti ikiteisminiai tyrimai pagal LR BK 281-1 str.  (Transporto priemoni\u0173 vairavimas, kai vairuoja neblaivus asmuo) ir LR BK 259 str. (Neteis\u0117tas disponavimas narkotin\u0117mis ar psichotropin\u0117mis med\u017eiagomis be tikslo jas platinti).<\/p>\n","protected":false},"excerpt":{"rendered":"Policija prane\u0161a, kad lapkri\u010dio 28 d. 15.15 val. Raseini\u0173 rajone, Gab\u0161i\u0173 k., neblaivaus (2,33 prom.), neturin\u010dio teis\u0117s vairuoti&hellip;\n","protected":false},"author":2,"featured_media":51077,"comment_status":"","ping_status":"","sticky":false,"template":"","format":"standard","meta":{"footnotes":""},"categories":[13],"tags":[25,155,12675,30,31,34,35,24,32,33,37,39,36,38,40,2899,23,4265,22,28,29,12676,26,27],"class_list":{"0":"post-51076","1":"post","2":"type-post","3":"status-publish","4":"format-standard","5":"has-post-thumbnail","7":"category-lietuva","8":"tag-antrastes","9":"tag-avarija","10":"tag-bentley","11":"tag-breaking-news","12":"tag-breakingnews","13":"tag-featured-news","14":"tag-featurednews","15":"tag-headlines","16":"tag-latest-news","17":"tag-latestnews","18":"tag-lietuva","19":"tag-lietuviu","20":"tag-lithuania","21":"tag-lithuanian","22":"tag-lt","23":"tag-narkotikai","24":"tag-naujienos","25":"tag-neblaivus","26":"tag-news","27":"tag-populiariausios-naujienos","28":"tag-populiariausiosnaujienos","29":"tag-raseiniu-rajonas","30":"tag-top-stories","31":"tag-topstories"},"share_on_mastodon":{"url":"https:\/\/pubeurope.com\/@lt\/115638880373570153","error":""},"_links":{"self":[{"href":"https:\/\/www.europesays.com\/lt\/wp-json\/wp\/v2\/posts\/51076","targetHints":{"allow":["GET"]}}],"collection":[{"href":"https:\/\/www.europesays.com\/lt\/wp-json\/wp\/v2\/posts"}],"about":[{"href":"https:\/\/www.europesays.com\/lt\/wp-json\/wp\/v2\/types\/post"}],"author":[{"embeddable":true,"href":"https:\/\/www.europesays.com\/lt\/wp-json\/wp\/v2\/users\/2"}],"replies":[{"embeddable":true,"href":"https:\/\/www.europesays.com\/lt\/wp-json\/wp\/v2\/comments?post=51076"}],"version-history":[{"count":0,"href":"https:\/\/www.europesays.com\/lt\/wp-json\/wp\/v2\/posts\/51076\/revisions"}],"wp:featuredmedia":[{"embeddable":true,"href":"https:\/\/www.europesays.com\/lt\/wp-json\/wp\/v2\/media\/51077"}],"wp:attachment":[{"href":"https:\/\/www.europesays.com\/lt\/wp-json\/wp\/v2\/media?parent=51076"}],"wp:term":[{"taxonomy":"category","embeddable":true,"href":"https:\/\/www.europesays.com\/lt\/wp-json\/wp\/v2\/categories?post=51076"},{"taxonomy":"post_tag","embeddable":true,"href":"https:\/\/www.europesays.com\/lt\/wp-json\/wp\/v2\/tags?post=51076"}],"curies":[{"name":"wp","href":"https:\/\/api.w.org\/{rel}","templated":true}]}}