{"id":51090,"date":"2025-11-30T13:49:07","date_gmt":"2025-11-30T13:49:07","guid":{"rendered":"https:\/\/www.europesays.com\/lt\/51090\/"},"modified":"2025-11-30T13:49:07","modified_gmt":"2025-11-30T13:49:07","slug":"algimantas-rusteika-debilais-norime-ir-but-savaitgalio-beveik-feljetonas-respublika-lt","status":"publish","type":"post","link":"https:\/\/www.europesays.com\/lt\/51090\/","title":{"rendered":"Algimantas RUSTEIKA: Debilais norime ir b\u016bt (savaitgalio beveik feljetonas) &#8211; Respublika.lt"},"content":{"rendered":"<p><img loading=\"lazy\" decoding=\"async\" src=\"https:\/\/www.respublika.lt\/lt\/naujienos\/nuomones_ir_komentarai\/isklausyk-respublika\/algimantas-rusteika-debilais-norime-ir-but-savaitgalio-beveik-feljetonas\/images\/ico_camera_white.gif\" class=\"camera\" width=\"22\" height=\"15\" alt=\"nuotr.\" style=\"position:relative; top:-2px; right:2px;\"\/> 1 nuotr.<\/p>\n<p>Asociatyvi YouTube nuotr.<\/p>\n<p style=\"text-align: justify;\" class=\"desktop_banner\">\u00a0<\/p>\n<p>\u010cia i\u0161did\u017eiai stovi dideli r\u016bmai, kur gyvena ir tri\u016bsia dideli ir gra\u017e\u016bs debilai. Ant palatos Nr.6 dureli\u0173 u\u017era\u0161yta &#8222;Palata Nr.2025&#8221;.<\/p>\n<p>R\u016bsyje \u012frengta svarbiausia, vertybin\u0117 sosto men\u0117, i\u0161 kurios nuolat sklinda ritmingas, beveik seksualus dunks\u0117jimas. \u010cia toliau pramu\u0161in\u0117jamas dugnas. I\u0161 apa\u010dios taip pat girdimi bildesiai.<\/p>\n<p>Sodyboje, kuri ribojasi su kontrabandos valstybe, aptiktas tunelis \u012f t\u0105 kontrabandos \u0161al\u012f. Jis niekada niekada nebuvo naudojamas kontrabandai. J\u012f tiesiog ka\u017ekas i\u0161 netur\u0117jimo k\u0105 veikti pastat\u0117.<\/p>\n<p>Kas, kada, kod\u0117l pastat\u0117 &#8211; niekas ne\u017eino. Ir sodybos gyventojai, ir visada visk\u0105 matantys kaimynai. Ir net kasdien po N kart\u0173 praeinanti r\u016bsti, ginkluota ir \u0161uniuota sargyba.<\/p>\n<p>T\u0105 ne\u017einojim\u0105, \u017einokit, nustat\u0117 visk\u0105 visada \u017einanti prokurat\u016bra. Tai tiesiog nelegalus statinys, pastatytas be leidimo, negi nesuprantat? T\u0105 fakt\u0105 irgi nustat\u0117 prokurat\u016bra.<\/p>\n<p>Ir auk\u0161tesn\u0117 prokurat\u016bra dabar ne\u017einojim\u0105 galutinai patvirtino. Tyrimas baigtas, tyr\u0117jai nusiramino, neurzgia, gavo skanuk\u0173. Daugiau tyrim\u0173 nebus. Vsio chara\u0161o, prekrasnaja markyza!<\/p>\n<p>Kaip ir reik\u0117jo, viskas nustatyta kaip reik\u0117jo. Toliau nustatyti neliko ko, nes prokurat\u016bra taip pat nustat\u0117, kad tunelis jau sunaikintas. Nors teisme teigiama, kad nesunaikintas.<\/p>\n<p>Mat, ten tebevyksta gin\u010das, kas t\u0105 nelegal\u0173 statin\u012f turi nugriauti. \u017dod\u017eiu, sunaikintas, bet reik\u0117s nugriauti, argi neai\u0161ku? Negi dar nepripratot, neapsimeskit, kad nesupratot!<\/p>\n<p>Na, o r\u016bmuose toliau dunksi. Trumpas Ir Bukas toliau isteri\u0161kai, neri\u0161liai peza ka\u017ek\u0105 itin vertybi\u0161ko. I\u0161rai\u0161ka rimta, reik\u0161minga, kaip ir kiekvieno psichopato. Jis kariaus.<\/p>\n<p>Kaip ir visa marga ir buka bepro\u010di\u0173 kompanija. Kuri darys baisingai dideles reformas ir ry\u017etingai u\u017edraus nepilname\u010diams nealkoholin\u012f al\u0173! O po to vykdys reform\u0105 reformos reformai.<\/p>\n<p>Gra\u017ei Ir Buka Hibrid\u0117 \u017eiop\u010dioja mintinai, prie\u0161 veidrod\u012f i\u0161zubrintus svetimus \u017eod\u017eius taip tiksliai, tarsi galvoje veikt\u0173 karaoke aparatas. Ji irgi kariaus.<\/p>\n<p>Tik suflerio ekran\u0117lis dar nepasak\u0117 kaip, bet kliedi apie \u201egrie\u017etus atsakom\u0173j\u0173 priemoni\u0173 paketus&#8221;. Jos did\u017eiul\u0117 kompetencija yra nesuprasti, ko nesupranta..<\/p>\n<p>Bet tai visi\u0161kai nesvarbu, nes kriminalinis \u0161ou turi t\u0119stis. Ir metas atsakyti, kod\u0117l i\u0161ta\u0161k\u0117t jau milijard\u0105 vagims, jau \u010dia pat. Juk tam Auk\u0161tas Ir Bukas ir pasodino t\u0105 glu\u0161\u0119, kad sugr\u012f\u017et\u0173 konservatos.<\/p>\n<p>Tod\u0117l sien\u0105 u\u017edar\u0117, bet pasak\u0117, kad neu\u017edar\u0117. Ir \u0117m\u0117 reikalauti kit\u0173 atidaryti, k\u0105 patys u\u017edar\u0117. Paskui atidar\u0117. Bet dabar i\u0161lindo Auk\u0161to ir Buko viena moter\u0117l\u0117 ir sako, kad per anksti atidar\u0117. Gal dar reik\u0117jo neatidaryti ir v\u0117liau atidaryti.<\/p>\n<p>Kaip mes taip susimov\u0117m! Argi ne per anksti atidar\u0117m! Juk taip? Nes jei laiku b\u016btume neatidar\u0119, b\u016bt\u0173 i\u0161\u0117j\u0119 ka\u017eko i\u0161sireikalauti i\u0161 kaimyno, kurio n\u0117ra, laikom neegzistuojan\u010diu? Ir tod\u0117l nesikalbam, nors m\u016bs\u0173 \u0161eimininkas kalbasi.<\/p>\n<p>Na, bet tas nesvarbu, mes patys svarbiausi. Tai gal v\u0117l u\u017edarom? Juk pakanka pasakyti u\u017ekeikim\u0105, laiku u\u017edaryti ir laiku atidaryti, ir tavo pa\u010dio kontrabandos problemos i\u0161nyks! Juk taip, negi neai\u0161ku? U\u017edarykim!<\/p>\n<p>Po to v\u0117l atidarysim. Ir nuo to ka\u017ekas durnyne tikrai pasikeis! Svarbu laiku u\u017edaryti ir atidaryti! O gal duris u\u017edarin\u0117ti ir atidarin\u0117ti yra tokia profesija? Gal u\u017e tai gaunam algas ir mokam visokias ten sodras?<\/p>\n<p>Obsesinis-kompulsinis sutrikimas F42. Ligonis jau\u010dia \u012fkyrias mintis: jeigu neu\u017edarysiu ar neatidarysiu dur\u0173 &#8211; bus blogai. Ilgainiui atidarymas\/u\u017edarymas tampa ritualu, dar labiau didinan\u010diu ikilytin\u012f, lytin\u012f ir politin\u012f nerim\u0105.<\/p>\n<p>Pacientas \u0161imtus kart\u0173 tikrina: ar durys u\u017erakintos? O gal tai toks susitapatinimas? Kaip vieni durniai \u012fsivaizduoja esantys arkliais ar katinais, tai \u0161itie bukiai \u012fsivaizduoja esantys \u0161veicoriais ir portje?<\/p>\n<p>O gal tikrai? Nemokama, nesibaigianti valstybini\u0173 idiot\u0173 absurdo humoro transliacija on line! I\u0161 i\u0161didaus beprotnamio visam pasauliui! Mes jiems parodysim, kas yra &#8222;vertybin\u0117&#8221; ikilytika, lytika ir politika!<\/p>\n<p>Linkiu s\u0117km\u0117s atidarymuose ir u\u017edarymuose. Rusijos rezident\u016brai &#8211; durinink\u0173 Prezident\u016brai ir Vyriausybei &#8211; i\u0161 did\u017ei\u0173j\u0173 ra\u0161au tik d\u0117l gramatikos. \u0160nobelio premijos tikslas &#8211; pagerbti pasiekimus, kurie pirmiausia priver\u010dia \u017emones juoktis, o paskui susim\u0105styti.<\/p>\n<p>T\u0105 premij\u0105 tikrai gausit ir pasaulis, i\u0161skyrus mus, susim\u0105stys. Ir baikit tuos juokus, kad bais\u016bs rusai ir kraugerys V.Putinas mus u\u017epuls ir nukariaus. Kam jiems tas vargas, jei pas mus vald\u017eioje visada buvo, yra ir bus j\u0173 \u017emon\u0117s.<\/p>\n","protected":false},"excerpt":{"rendered":"1 nuotr. Asociatyvi YouTube nuotr. \u00a0 \u010cia i\u0161did\u017eiai stovi dideli r\u016bmai, kur gyvena ir tri\u016bsia dideli ir gra\u017e\u016bs&hellip;\n","protected":false},"author":2,"featured_media":51091,"comment_status":"","ping_status":"","sticky":false,"template":"","format":"standard","meta":{"footnotes":""},"categories":[15],"tags":[25,30,31,12680,34,35,4085,24,32,33,37,39,36,38,40,23,22,12681,44,28,29,955,4084,26,27,74,75,76],"class_list":{"0":"post-51090","1":"post","2":"type-post","3":"status-publish","4":"format-standard","5":"has-post-thumbnail","7":"category-pasaulis","8":"tag-antrastes","9":"tag-breaking-news","10":"tag-breakingnews","11":"tag-debilai","12":"tag-featured-news","13":"tag-featurednews","14":"tag-feljetonas","15":"tag-headlines","16":"tag-latest-news","17":"tag-latestnews","18":"tag-lietuva","19":"tag-lietuviu","20":"tag-lithuania","21":"tag-lithuanian","22":"tag-lt","23":"tag-naujienos","24":"tag-news","25":"tag-palata-n6","26":"tag-pasaulis","27":"tag-populiariausios-naujienos","28":"tag-populiariausiosnaujienos","29":"tag-rusteika","30":"tag-savaitgalio","31":"tag-top-stories","32":"tag-topstories","33":"tag-world","34":"tag-world-news","35":"tag-worldnews"},"share_on_mastodon":{"url":"https:\/\/pubeurope.com\/@lt\/115638971241845960","error":""},"_links":{"self":[{"href":"https:\/\/www.europesays.com\/lt\/wp-json\/wp\/v2\/posts\/51090","targetHints":{"allow":["GET"]}}],"collection":[{"href":"https:\/\/www.europesays.com\/lt\/wp-json\/wp\/v2\/posts"}],"about":[{"href":"https:\/\/www.europesays.com\/lt\/wp-json\/wp\/v2\/types\/post"}],"author":[{"embeddable":true,"href":"https:\/\/www.europesays.com\/lt\/wp-json\/wp\/v2\/users\/2"}],"replies":[{"embeddable":true,"href":"https:\/\/www.europesays.com\/lt\/wp-json\/wp\/v2\/comments?post=51090"}],"version-history":[{"count":0,"href":"https:\/\/www.europesays.com\/lt\/wp-json\/wp\/v2\/posts\/51090\/revisions"}],"wp:featuredmedia":[{"embeddable":true,"href":"https:\/\/www.europesays.com\/lt\/wp-json\/wp\/v2\/media\/51091"}],"wp:attachment":[{"href":"https:\/\/www.europesays.com\/lt\/wp-json\/wp\/v2\/media?parent=51090"}],"wp:term":[{"taxonomy":"category","embeddable":true,"href":"https:\/\/www.europesays.com\/lt\/wp-json\/wp\/v2\/categories?post=51090"},{"taxonomy":"post_tag","embeddable":true,"href":"https:\/\/www.europesays.com\/lt\/wp-json\/wp\/v2\/tags?post=51090"}],"curies":[{"name":"wp","href":"https:\/\/api.w.org\/{rel}","templated":true}]}}