{"id":51098,"date":"2025-11-30T14:07:11","date_gmt":"2025-11-30T14:07:11","guid":{"rendered":"https:\/\/www.europesays.com\/lt\/51098\/"},"modified":"2025-11-30T14:07:11","modified_gmt":"2025-11-30T14:07:11","slug":"driscollas-pentagone-gali-pakeisti-hegsetha","status":"publish","type":"post","link":"https:\/\/www.europesays.com\/lt\/51098\/","title":{"rendered":"Driscollas Pentagone gali pakeisti Hegseth\u0105"},"content":{"rendered":"<p>Remiantis \u0161altiniais, JAV sausumos paj\u0117g\u0173 sekretorius, \u012f Kyjiv\u0105 ve\u017e\u0119s nauj\u0105 JAV prezidento Donaldo Trumpo taikos plan\u0105, netgi labai ambicingas vald\u017eios pareig\u016bnas.<\/p>\n<p class=\"MsoNormal\">Publikacijoje pa\u017eymima, kad tarp D. Driscollo ir Pentagono vadovo P. Hegsetho perb\u0117go juoda kat\u0117. <\/p>\n<p class=\"MsoNormal\">Su situacija susipa\u017ein\u0119 \u0161altiniai \u017eurnalistams sak\u0117, kad tarp dviej\u0173 auk\u0161to rango pareig\u016bn\u0173 kil\u0119s konfliktas \u0161iuo metu yra \u201eviena i\u0161 did\u017eiausi\u0173 Va\u0161ingtono paslap\u010di\u0173\u201c.<\/p>\n<p class=\"MsoNormal\">Jeigu d\u0117l vienoki\u0173 ar kitoki\u0173 prie\u017eas\u010di\u0173 P. Hegsethas, kurio aktyvaus vaidmens pasigendama taikos deryb\u0173 d\u0117l Rusijos karo Ukrainoje u\u017ebaigimo kontekste, bus priverstas palikti Gynybos departament\u0105, realiausiu kandidatu j\u012f pakeisti u\u017ekulisiuose \u012fvardijamas b\u016btent D. Driscollas.<\/p>\n<p class=\"MsoNormal\">Ma\u017ea to, D. Driscollas jau ir pats leido suprasti, kad nor\u0117t\u0173 vadovauti Pentagonui, \u201eThe Financial Times\u201c sak\u0117 vienas \u0161altinis i\u0161 Gynybos departamento.<\/p>\n<p>    <img decoding=\"async\" src=\"https:\/\/www.europesays.com\/lt\/wp-content\/uploads\/2025\/11\/1764511631_92_c580ce35-aa1a-4848-9533-a80ef4662850.jpg\" loading=\"lazy\" alt=\"Pete Hegsethas\"\/>      <\/p>\n<p class=\"MsoNormal\">Anonimu panor\u0119s i\u0161likti pa\u0161nekovas prid\u016br\u0117, kad savo pa\u017ei\u016br\u0173 \u012f \u0161alies vidaus ir u\u017esienio politik\u0105 D. Driscollas nedeklaruoja, ta\u010diau randa bendr\u0105 kalb\u0105 su JAV kariais. Anot vieno buvusio Pentagono pareig\u016bno, jis sudaro labai \u201enuoseklaus ir rimto \u017emogaus, kuris nebijo ir tam tikros rizikos, \u012fsp\u016bd\u012f\u201c.<\/p>\n","protected":false},"excerpt":{"rendered":"Remiantis \u0161altiniais, JAV sausumos paj\u0117g\u0173 sekretorius, \u012f Kyjiv\u0105 ve\u017e\u0119s nauj\u0105 JAV prezidento Donaldo Trumpo taikos plan\u0105, netgi labai&hellip;\n","protected":false},"author":2,"featured_media":51099,"comment_status":"","ping_status":"","sticky":false,"template":"","format":"standard","meta":{"footnotes":""},"categories":[15],"tags":[25,30,31,12318,34,35,24,32,33,37,39,36,38,40,23,22,44,242,1898,28,29,26,27,74,75,76],"class_list":{"0":"post-51098","1":"post","2":"type-post","3":"status-publish","4":"format-standard","5":"has-post-thumbnail","7":"category-pasaulis","8":"tag-antrastes","9":"tag-breaking-news","10":"tag-breakingnews","11":"tag-danas-driscollas","12":"tag-featured-news","13":"tag-featurednews","14":"tag-headlines","15":"tag-latest-news","16":"tag-latestnews","17":"tag-lietuva","18":"tag-lietuviu","19":"tag-lithuania","20":"tag-lithuanian","21":"tag-lt","22":"tag-naujienos","23":"tag-news","24":"tag-pasaulis","25":"tag-pentagonas","26":"tag-peteas-hegsethas","27":"tag-populiariausios-naujienos","28":"tag-populiariausiosnaujienos","29":"tag-top-stories","30":"tag-topstories","31":"tag-world","32":"tag-world-news","33":"tag-worldnews"},"share_on_mastodon":{"url":"https:\/\/pubeurope.com\/@lt\/115639041716059202","error":""},"_links":{"self":[{"href":"https:\/\/www.europesays.com\/lt\/wp-json\/wp\/v2\/posts\/51098","targetHints":{"allow":["GET"]}}],"collection":[{"href":"https:\/\/www.europesays.com\/lt\/wp-json\/wp\/v2\/posts"}],"about":[{"href":"https:\/\/www.europesays.com\/lt\/wp-json\/wp\/v2\/types\/post"}],"author":[{"embeddable":true,"href":"https:\/\/www.europesays.com\/lt\/wp-json\/wp\/v2\/users\/2"}],"replies":[{"embeddable":true,"href":"https:\/\/www.europesays.com\/lt\/wp-json\/wp\/v2\/comments?post=51098"}],"version-history":[{"count":0,"href":"https:\/\/www.europesays.com\/lt\/wp-json\/wp\/v2\/posts\/51098\/revisions"}],"wp:featuredmedia":[{"embeddable":true,"href":"https:\/\/www.europesays.com\/lt\/wp-json\/wp\/v2\/media\/51099"}],"wp:attachment":[{"href":"https:\/\/www.europesays.com\/lt\/wp-json\/wp\/v2\/media?parent=51098"}],"wp:term":[{"taxonomy":"category","embeddable":true,"href":"https:\/\/www.europesays.com\/lt\/wp-json\/wp\/v2\/categories?post=51098"},{"taxonomy":"post_tag","embeddable":true,"href":"https:\/\/www.europesays.com\/lt\/wp-json\/wp\/v2\/tags?post=51098"}],"curies":[{"name":"wp","href":"https:\/\/api.w.org\/{rel}","templated":true}]}}