{"id":51120,"date":"2025-11-30T14:29:30","date_gmt":"2025-11-30T14:29:30","guid":{"rendered":"https:\/\/www.europesays.com\/lt\/51120\/"},"modified":"2025-11-30T14:29:30","modified_gmt":"2025-11-30T14:29:30","slug":"maslobojevui-issuki-metes-dirkstys-apie-savo-pasirodyma-pries-ozols-iskritima-is-ringo-kita-pretendenta-i-titula-ir-kavaliausko-pergale","status":"publish","type":"post","link":"https:\/\/www.europesays.com\/lt\/51120\/","title":{"rendered":"Maslobojevui i\u0161\u0161\u016bk\u012f met\u0119s Dirkstys: apie savo pasirodym\u0105 prie\u0161 Ozols, i\u0161kritim\u0105 i\u0161 ringo, kit\u0105 pretendent\u0105 \u012f titul\u0105 ir Kavaliausko pergal\u0119"},"content":{"rendered":"<p>\u00a0Penktadien\u012f \u201eUTMA 15\u201c turnyre naujuoju organizacijos \u010dempionu tapo nuo pat pirmojo turnyro UTMA kovojantis Dominykas Dirkstys (11-2 UTMA), kuris svorio kategorijoje iki 86 kg pagal kikbokso taisykles nokautu ketvirtajame raunde nugal\u0117jo latv\u012f Ri\u010dards Ozols (0-1 UTMA).<\/p>\n<p>D. Dirkstys tapo \u0161e\u0161tuoju UTMA \u010dempionu. Svorio kategorijos iki 77 kg \u010dempionu \u201eUTMA 15\u201c turnyre tapo Mantvydas Perednis (5-2 UTMA), svorio kategorijos iki 63,5 kg \u010dempionu yra Dovydas Levickis, iki 67 kg \u2013 Vitas Karosas, iki 75 kg \u2013 Nikola Cvetkovi\u010dius, o iki 81 kg \u2013 Mindaugas Narauskas.<\/p>\n<p>\u201eSmagu, faina, \u2013 apie jausm\u0105 b\u016bti UTMA \u010dempionu spaudos konferencijoje sak\u0117 D. Dirkstys.<\/p>\n<p>\u2013\tAr nustebintas buvai R. Ozols pasiprie\u0161inimu?<\/p>\n<p>\u2013\t\u017dinojau, kad tai nebus lengva kova, labai daug \u017emoni\u0173 j\u012f nura\u0161\u0117. Kai prad\u0117jau kovoti, jau j\u012f matydavau visur. \u017dinojau, kad jis geras ir turi charakter\u012f, bet taip pat \u017einojau, kad a\u0161 esu u\u017e j\u012f geresnis.<\/p>\n<p>\u2013\tKaip \u012fvertintum save de\u0161imtbal\u0117je sistemoje?<\/p>\n<p>\u2013\t\u012evertin\u010diau \u0161e\u0161etu. Tikrai gal\u0117jau geriau, buvo klaid\u0173, per\u017ei\u016br\u0117sime jas ir i\u0161taisysime. Buvau i\u0161va\u017eiav\u0119s \u012f Tailand\u0105, kai su treneriu sustatai pasiruo\u0161im\u0105, gaunasi geriau nei ten nuva\u017eiavus. Dariau bendras treniruotes ir mai\u0161iausi \u012f j\u0173 plan\u0105, tod\u0117l manau, kad patrukd\u0117 tam tikros detal\u0117s mano apsiruo\u0161imui. Buvo stiprios kardio treniruot\u0117s ir jau\u010diau, kaip mano j\u0117ga nukrito. Plius tur\u0117jau sul\u016b\u017eusi\u0105 nugar\u0105, draug\u0105 laidojau prie\u0161 dvi savaites \u2013 susid\u0117jo detal\u0117s.<\/p>\n<p>\u2013\tAr jautiesi pasiruo\u0161\u0119s jau stoti \u012f kov\u0105 su Sergejumi Maslobojevu?<\/p>\n<p>\u2013\tDuokite j\u012f man saus\u012f. Kur jis yra?<\/p>\n<p>\u2013\tTas i\u0161kritimas i\u0161 ringo ka\u017ekoki\u0173 padarini\u0173 padar\u0117?<\/p>\n<p>\u2013\tLabai skaud\u017eiai i\u0161kritau, daug skaud\u017eiau nei ka\u017ekas, k\u0105 b\u016b\u010diau gav\u0119s per kov\u0105. Kai at\u0161alo k\u016bnas, vis labiau jau\u010diu \u2013 koja yra i\u0161sijungus, ka\u017ekas \u0161onkauliams. Bet pakilau, supratau, kad i\u0161 adrenalino i\u0161jud\u0117siu, ta\u010diau tai \u012ftakojo kov\u0105, nes \u012f ring\u0105 \u012flipau nebetoks, koks buvau.<\/p>\n<p>                    <a class=\"a-fancybox\" data-fancybox=\"\" data-src=\"https:\/\/static3.sportas.lt\/usi\/662x590\/2\/6b\/c0\/ec\/6bc0ec52a72c2232fcd7e9854932b306.jpg?v=1.0.8.07&amp;t=cr&amp;s=662x590&amp;m=2&amp;f=\/Uploads\/UGallery\/photos\/47\/19\/78\/41\/47197841ae461c65fd231751a13d0f1b.jpg\"><br \/>\n                <img decoding=\"async\" align=\"center\" alt=\"Dominykas Dirkstys \u2013 Ri\u010dards Ozols | Pauliaus Peleckio \/ BNS foto nuotr.\" title=\"Dominykas Dirkstys \u2013 Ri\u010dards Ozols | Pauliaus Peleckio \/ BNS foto nuotr.\" src=\"https:\/\/www.europesays.com\/lt\/wp-content\/uploads\/2025\/11\/47197841ae461c65fd231751a13d0f1b.jpg\" \/><br \/>\n            <\/a><\/p>\n<p class=\"photoSource\">Dominykas Dirkstys \u2013 Ri\u010dards Ozols | Pauliaus Peleckio \/ BNS foto nuotr.<\/p>\n<p>\u2013\tK\u0105 manai pretendent\u0105 \u012f \u010dempiono dir\u017e\u0105?<\/p>\n<p>\u2013\tGalb\u016bt atve\u0161kite i\u0161 WAKO \u010dempionato svorio kategorijos iki 86 kg laim\u0117toj\u0105 (\u012f final\u0105 pateko vokietis Cemalas Ozturkas, nugal\u0117j\u0119s lietuv\u012f Ri\u010dard\u0105 Kul\u012f bei kroatas Vito Kosaras, \u2013 aut. past.). Jis tapo pasaulio \u010dempionu, nes a\u0161 tur\u0117jau rimtesni\u0173 reikal\u0173 \u2013 pasiimti dir\u017e\u0105, kas yra tikrai rim\u010diau, nei ka\u017ekokio \u010dempionato aukso. Jeigu jis galvoja, kad yra pasaulio \u010dempionas, tai ne \u2013 jis yra vice\u010dempionas.<\/p>\n<p>\u2013\tKaip vertinti Egidijaus Kavaliausko ir Samuelio Molinos kov\u0105?<\/p>\n<p>\u2013\tManau, kad Egidijus laim\u0117jo t\u0105 kov\u0105, puikiai pasirod\u0117. Ai\u0161ku, n\u0117ra smagu, kai pralaimi artimoje kovoje. Kaip ir mat\u0117me WAKO pasaulio \u010dempionate \u2013 nema\u010diau, kad nors vienas lietuvis pralaim\u0117t\u0173, visus nuteis\u0117javo.<\/p>\n<p>                    <a class=\"a-fancybox\" data-fancybox=\"\" data-src=\"https:\/\/static2.sportas.lt\/usi\/662x590\/2\/2c\/17\/c9\/2c17c92a7d7f2102a760ac53ee58144d.jpg?v=1.0.8.07&amp;t=cr&amp;s=662x590&amp;m=2&amp;f=\/Uploads\/UGallery\/photos\/62\/7f\/ce\/b8\/627fceb82b012c568884d39823833837.jpg\"><br \/>\n                <img decoding=\"async\" align=\"center\" alt=\"Egidijus Kavaliauskas \u2013 Samuelis Molina | Pauliaus Peleckio \/ BNS foto nuotr.\" title=\"Egidijus Kavaliauskas \u2013 Samuelis Molina | Pauliaus Peleckio \/ BNS foto nuotr.\" src=\"https:\/\/www.europesays.com\/lt\/wp-content\/uploads\/2025\/11\/627fceb82b012c568884d39823833837.jpg\" \/><br \/>\n            <\/a><\/p>\n<p class=\"photoSource\">Egidijus Kavaliauskas \u2013 Samuelis Molina | Pauliaus Peleckio \/ BNS foto nuotr.<\/p>\n<p>\u2013\tNaglis Kani\u0161auskas buvo arenoje, gal sp\u0117jai pabendrauti?<\/p>\n<p>\u2013\tNema\u010diau jo. Buvau sutik\u0119s Sergej\u0173 Maslobojev\u0105, nu\u0117jau pasisveikinti, bet jis nedav\u0117 rankos. Kod\u0117l jis taip asmeni\u0161kai pri\u0117m\u0119s? Jeigu jam ka\u017ekas neai\u0161ku, galime saus\u012f i\u0161siai\u0161kinti.<\/p>\n<p>\u2013\tTu kaip kovotoj\u0105 S. Maslobojev\u0105 gerbi?<\/p>\n<p>\u2013\t\u017dinoma, jis m\u016bs\u0173 \u0161alyje yra vienas geriausi\u0173 savo pasiekimais. Bet a\u0161 at\u0117jau perimti \u0161\u012f titul\u0105. Kiek jis dar turi? Tris kovas? Metus? Du? 39 metai.. Jis turi 15 met\u0173 priekio. Jeigu tokiu tempu, kaip \u0161iemet, kovo\u010diau dar 15 met\u0173. Jis geras, bet jis tur\u0117jo daugiau laiko padaryti tai, k\u0105 padariau a\u0161. A\u0161 profesionaliame ringe rim\u010diau 2-3 metus, jis \u2013 20.<\/p>\n<p>\u2013\tPalygink t\u0105 Dominyk\u0105 Dirkst\u012f, kuris \u017eeng\u0117 \u012f pirm\u0105 UTMA turnyr\u0105, ir t\u0105, kuris pasi\u0117m\u0117 \u0161\u012f dir\u017e\u0105?<\/p>\n<p>\u2013\tTas, kuris pirm\u0105 kart\u0105 \u017eeng\u0117 nukrist\u0173 i\u0161 karto, i\u0161 dviej\u0173 kombinacij\u0173. Bet koks ateis po dviej\u0173 met\u0173, guldys t\u0105, koks esu dabar. Matau, kiek dar galiu tobul\u0117ti, tikrai nesu savo vir\u0161\u016bn\u0117je. Tai mane motyvuoja toliau dirbti, tapti geresne sav\u0119s versija, gr\u012f\u0161iu \u012f sal\u0119, dirbsiu dar stipriau, man\u0119s niekas nesustabdys. Rytoj eisiu \u012f sal\u0119, stipr\u0117siu, sportuosiu, prakaituosiu ir visiems visk\u0105 sud\u0117liosiu.<\/p>\n","protected":false},"excerpt":{"rendered":"\u00a0Penktadien\u012f \u201eUTMA 15\u201c turnyre naujuoju organizacijos \u010dempionu tapo nuo pat pirmojo turnyro UTMA kovojantis Dominykas Dirkstys (11-2 UTMA),&hellip;\n","protected":false},"author":2,"featured_media":51121,"comment_status":"","ping_status":"","sticky":false,"template":"","format":"standard","meta":{"footnotes":""},"categories":[19],"tags":[57,43,55,48,54,51,49,50,37,39,36,38,40,45,23,44,53,42,56,47,112,104,46,58,52],"class_list":{"0":"post-51120","1":"post","2":"type-post","3":"status-publish","4":"format-standard","5":"has-post-thumbnail","7":"category-sportas","8":"tag-daiktai","9":"tag-dienos-kronika","10":"tag-gatves-tekstai","11":"tag-gyvenimas","12":"tag-interneto-pievos","13":"tag-keliones","14":"tag-kultura","15":"tag-laisvalaikis","16":"tag-lietuva","17":"tag-lietuviu","18":"tag-lithuania","19":"tag-lithuanian","20":"tag-lt","21":"tag-mokslas-ir-it","22":"tag-naujienos","23":"tag-pasaulis","24":"tag-projektai","25":"tag-rinktiniai-tekstai","26":"tag-simtmecio-portalas","27":"tag-sportas","28":"tag-sportas-lt","29":"tag-sports","30":"tag-verslas","31":"tag-video","32":"tag-zaidimai"},"share_on_mastodon":{"url":"https:\/\/pubeurope.com\/@lt\/115639128240200568","error":""},"_links":{"self":[{"href":"https:\/\/www.europesays.com\/lt\/wp-json\/wp\/v2\/posts\/51120","targetHints":{"allow":["GET"]}}],"collection":[{"href":"https:\/\/www.europesays.com\/lt\/wp-json\/wp\/v2\/posts"}],"about":[{"href":"https:\/\/www.europesays.com\/lt\/wp-json\/wp\/v2\/types\/post"}],"author":[{"embeddable":true,"href":"https:\/\/www.europesays.com\/lt\/wp-json\/wp\/v2\/users\/2"}],"replies":[{"embeddable":true,"href":"https:\/\/www.europesays.com\/lt\/wp-json\/wp\/v2\/comments?post=51120"}],"version-history":[{"count":0,"href":"https:\/\/www.europesays.com\/lt\/wp-json\/wp\/v2\/posts\/51120\/revisions"}],"wp:featuredmedia":[{"embeddable":true,"href":"https:\/\/www.europesays.com\/lt\/wp-json\/wp\/v2\/media\/51121"}],"wp:attachment":[{"href":"https:\/\/www.europesays.com\/lt\/wp-json\/wp\/v2\/media?parent=51120"}],"wp:term":[{"taxonomy":"category","embeddable":true,"href":"https:\/\/www.europesays.com\/lt\/wp-json\/wp\/v2\/categories?post=51120"},{"taxonomy":"post_tag","embeddable":true,"href":"https:\/\/www.europesays.com\/lt\/wp-json\/wp\/v2\/tags?post=51120"}],"curies":[{"name":"wp","href":"https:\/\/api.w.org\/{rel}","templated":true}]}}