{"id":51194,"date":"2025-11-30T16:33:30","date_gmt":"2025-11-30T16:33:30","guid":{"rendered":"https:\/\/www.europesays.com\/lt\/51194\/"},"modified":"2025-11-30T16:33:30","modified_gmt":"2025-11-30T16:33:30","slug":"tiesiogiai-is-vilniaus-i-gatves-isrieda-kaledu-traukinukas","status":"publish","type":"post","link":"https:\/\/www.europesays.com\/lt\/51194\/","title":{"rendered":"Tiesiogiai \u2013 i\u0161 Vilniaus: \u012f gatves i\u0161rieda Kal\u0117d\u0173 traukinukas"},"content":{"rendered":"<p>Lapkri\u010dio 29 d. \u012f sostin\u0117s gatves i\u0161rieda jau tradicija tap\u0119s <a rel=\"noopener nofollow\" target=\"_blank\" href=\"https:\/\/www.delfi.lt\/temos\/kaledu-traukinukas\" tag-id=\"63399390\">Kal\u0117d\u0173 traukinukas<\/a>. \u0160iemet jis lankytoj\u0173 lauks \u0161alia Katedros aik\u0161t\u0117s, \u0160ventaragio gatv\u0117je kal\u0117din\u0117je stotel\u0117je. Ma\u017euosius ir suaugusius jis ve\u0161 kiek trumpesniu mar\u0161rutu d\u0117l atliekam\u0173 gatv\u0117s remonto darb\u0173: traukinukas dard\u0117s per Pilies g, \u0160v. Jono g., Universiteto g., tad bus proga ap\u017ei\u016br\u0117ti i\u0161puo\u0161t\u0105 senamiest\u012f.<\/p>\n","protected":false},"excerpt":{"rendered":"Lapkri\u010dio 29 d. \u012f sostin\u0117s gatves i\u0161rieda jau tradicija tap\u0119s Kal\u0117d\u0173 traukinukas. \u0160iemet jis lankytoj\u0173 lauks \u0161alia Katedros&hellip;\n","protected":false},"author":2,"featured_media":51195,"comment_status":"","ping_status":"","sticky":false,"template":"","format":"standard","meta":{"footnotes":""},"categories":[13],"tags":[25,30,31,34,35,24,7988,12693,12694,32,33,37,39,36,38,40,23,22,28,29,26,27],"class_list":{"0":"post-51194","1":"post","2":"type-post","3":"status-publish","4":"format-standard","5":"has-post-thumbnail","7":"category-lietuva","8":"tag-antrastes","9":"tag-breaking-news","10":"tag-breakingnews","11":"tag-featured-news","12":"tag-featurednews","13":"tag-headlines","14":"tag-kaledos","15":"tag-kaledos-vilniuje","16":"tag-kaledu-traukinukas","17":"tag-latest-news","18":"tag-latestnews","19":"tag-lietuva","20":"tag-lietuviu","21":"tag-lithuania","22":"tag-lithuanian","23":"tag-lt","24":"tag-naujienos","25":"tag-news","26":"tag-populiariausios-naujienos","27":"tag-populiariausiosnaujienos","28":"tag-top-stories","29":"tag-topstories"},"share_on_mastodon":{"url":"https:\/\/pubeurope.com\/@lt\/115639615830183227","error":""},"_links":{"self":[{"href":"https:\/\/www.europesays.com\/lt\/wp-json\/wp\/v2\/posts\/51194","targetHints":{"allow":["GET"]}}],"collection":[{"href":"https:\/\/www.europesays.com\/lt\/wp-json\/wp\/v2\/posts"}],"about":[{"href":"https:\/\/www.europesays.com\/lt\/wp-json\/wp\/v2\/types\/post"}],"author":[{"embeddable":true,"href":"https:\/\/www.europesays.com\/lt\/wp-json\/wp\/v2\/users\/2"}],"replies":[{"embeddable":true,"href":"https:\/\/www.europesays.com\/lt\/wp-json\/wp\/v2\/comments?post=51194"}],"version-history":[{"count":0,"href":"https:\/\/www.europesays.com\/lt\/wp-json\/wp\/v2\/posts\/51194\/revisions"}],"wp:featuredmedia":[{"embeddable":true,"href":"https:\/\/www.europesays.com\/lt\/wp-json\/wp\/v2\/media\/51195"}],"wp:attachment":[{"href":"https:\/\/www.europesays.com\/lt\/wp-json\/wp\/v2\/media?parent=51194"}],"wp:term":[{"taxonomy":"category","embeddable":true,"href":"https:\/\/www.europesays.com\/lt\/wp-json\/wp\/v2\/categories?post=51194"},{"taxonomy":"post_tag","embeddable":true,"href":"https:\/\/www.europesays.com\/lt\/wp-json\/wp\/v2\/tags?post=51194"}],"curies":[{"name":"wp","href":"https:\/\/api.w.org\/{rel}","templated":true}]}}