{"id":51225,"date":"2025-11-30T17:19:09","date_gmt":"2025-11-30T17:19:09","guid":{"rendered":"https:\/\/www.europesays.com\/lt\/51225\/"},"modified":"2025-11-30T17:19:09","modified_gmt":"2025-11-30T17:19:09","slug":"sirvintose-suspindo-kaledu-egle-tiesiog-tviska-jaukumu","status":"publish","type":"post","link":"https:\/\/www.europesays.com\/lt\/51225\/","title":{"rendered":"\u0160irvintose suspindo Kal\u0117d\u0173 egl\u0117: tiesiog tviska jaukumu"},"content":{"rendered":"<p class=\"MsoNormal\">Kal\u0117din\u0117 \u0161vent\u0117, kaip informuoja \u0160irvint\u0173 rajono savivaldyb\u0117, mieste prasid\u0117jo dar nuo vidurdienio. \u0160ventin\u0119 nuotaik\u0105 u\u017etikrino kal\u0117din\u0117 mug\u0117, fone skamb\u0117jusi muzika, vaikams d\u017eiuges\u012f dovanojo atrakcionai. Vakare, kaip ir \u012fprasta egl\u0117s \u012f\u017eiebimo dien\u0105, skamb\u0117jo \u0161ventinis koncertas, kuriame pasirod\u0117 Laura Remeikien\u0117 ir \u201eMa\u017easis Chameleonas\u201c. \u0160ventin\u012f \u017eod\u012f ir sveikinim\u0105 tar\u0117 ir Senelis Kal\u0117da. O po koncerto miestie\u010dius ir miesto sve\u010dius nustebino fejerverk\u0173 gausa. <\/p>\n<p class=\"MsoNormal\">\u201e\u0160irvintos \u2013 tai vieta, kur kiekviena mintis gali tapti noru, o kiekvienas noras \u2013 svajone, \u017eengian\u010dia \u012f i\u0161sipildym\u0105. Linkiu \u0161iuo laikotarpiu skirti bent kelias akimirkas sau: sustoti, i\u0161girsti savo vidin\u012f bals\u0105 ir \u012fvardyti tai, kas svarbiausia jums ir j\u016bs\u0173 \u0161eimai. Tegul \u0161ios \u0161vent\u0117s atne\u0161a daugiau \u0161viesos, \u0161ilumos ir ma\u017e\u0173 stebukl\u0173, o \u012f platesn\u012f pasaul\u012f \u2013 ramyb\u0117s ir tyliai kuriamos taikos\u201c, \u2013 \u0161vent\u0117s metu sveikino \u0160irvint\u0173 rajono savivaldyb\u0117s mer\u0117 <a rel=\"noopener nofollow\" target=\"_blank\" href=\"https:\/\/www.delfi.lt\/temos\/zivile-pinskuviene\" tag-id=\"60840615\">\u017divil\u0117 Pinskuvien\u0117<\/a>, link\u0117dama jaukumo ir prasmingo \u0161ven\u010di\u0173 laukimo.<\/p>\n<p>Miestas, kuriame pildosi svajon\u0117s<\/p>\n<p class=\"MsoNormal\">Kaip ra\u0161oma savivaldyb\u0117s prane\u0161ime \u017einiasklaidai, renginyje buvo pristatyta ir \u0161i\u0173 met\u0173 \u0161ventinio laikotarpio staigmena, sustiprinanti id\u0117j\u0105 \u201e\u0160irvintos \u2013 miestas, kur pildosi svajon\u0117s\u201c. <\/p>\n<p class=\"MsoNormal\">\u201e\u0160ventiniu laikotarpiu \u012f \u0160irvintas atvykstantys \u017emon\u0117s kvie\u010diami u\u017esukti \u012f Kal\u0117d\u0173 namel\u012f ir \u012fsigyti s\u0117km\u0117s simbol\u012f \u2013 pasag\u0117l\u0119. Tai ne atsitiktinis simbolis \u2013 art\u0117jant Ugninio Arklio metams ji primena ir keli\u0105, ir jud\u0117jim\u0105 pirmyn, ir s\u0117km\u0119 tiems, kurie nebijo \u017eengti \u017eingsnio savo svajon\u0117s link\u201c, \u2013 informavo savivaldyb\u0117.<\/p>\n<p class=\"MsoNormal\">O kad svajon\u0117s tikrai i\u0161sipildyt\u0173, savivaldyb\u0117 kvie\u010dia pereiti prie egl\u0117s \u012frengt\u0105 \u0161vies\u0173 labirint\u0105 ir pasiekti did\u017ei\u0105j\u0105 pasag\u0105 bei paleisti u\u017eantyje ne\u0161iojam\u0105 svajon\u0119.<\/p>\n<p>       <img decoding=\"async\" src=\"https:\/\/www.europesays.com\/lt\/wp-content\/uploads\/2025\/11\/4c543077-a9e9-4b8b-bd79-72fa01ba66c4.jpg\" loading=\"lazy\" alt=\" \u0160irvint\u0173 Kal\u0117d\u0173 eglut\u0117s \u012f\u017eiebimas\"\/>      <\/p>\n<p class=\"MsoNormal\">\u201eNueidamas \u0161iuo labirintu, kiekvienas gali mintyse i\u0161ne\u0161ioti savo svajon\u0119, o j\u0105 pasiek\u0119s \u2013 simboli\u0161kai patik\u0117ti did\u017eiajai pasagai, \u012frengtai greta \u0161ventin\u0117s Kal\u0117d\u0173 egl\u0117s. \u010cia kabinamos pasag\u0117l\u0117s tampa \u0161io \u0161ventinio laikotarpio svajoni\u0173 \u017eenklu. Ant j\u0173 nugula \u0161veln\u016bs \u017eod\u017eiai \u2013 laim\u0117s, s\u0117km\u0117s, d\u017eiaugsmo, ramyb\u0117s, jaukumo, taikos \u2013 tarsi tyl\u016bs palink\u0117jimai visiems, kurie savo svajon\u0119 palieka \u010dia, \u0160irvintose, patik\u0117dami j\u0105 miestui ir jo \u0161viesai.<\/p>\n<p class=\"MsoNormal\">PPasibaigus \u0161ventiniam laikotarpiui did\u017eioji pasaga su visomis \u010dia sukabintomis svajon\u0117mis keliaus \u012f \u201eBried\u017ei\u0173 tak\u0105\u201c \u2013 gamtos apsuptyje esant\u012f tak\u0105, kuriame i\u0161sirikiavusios per med\u017eio skulptori\u0173 plenerus \u0160irvintose sukurtos bried\u017ei\u0173 skulpt\u016bros. Ten, tarp med\u017ei\u0173 ir med\u017eio skulpt\u016br\u0173, jos tarsi saugos prie \u017emoni\u0173 svajoni\u0173 ir saugos jas visus metus\u201c, \u2013 pabr\u0117\u017eia savivaldyb\u0117.<\/p>\n<p class=\"MsoNormal\">Id\u0117ja, \u0161vent\u0117s metu kalb\u0117jo \u017d. Pinskuvien\u0117, yra \u0161i\u0173 met\u0173 \u0161ventinio laikotarpio akcentas, kuris primena, kad kiekvieno i\u0161 m\u016bs\u0173 svajon\u0117s yra svarbios.<\/p>\n<p class=\"MsoNormal\">\u201eKvie\u010diu visus, kurie atvyks \u012f \u0160irvintas, ne tik pasigro\u017e\u0117ti m\u016bs\u0173 Kal\u0117d\u0173 egle, bet ir dr\u0105siai palikti \u010dia savo svajon\u0119. Labai tikiu, kad po met\u0173 gal\u0117sime d\u017eiaugtis, jog daugyb\u0117 j\u0173 i\u0161sipild\u0117. M\u016bs\u0173 \u0160irvintos alsuoja \u0161viesa ir gerumu, ir labai norisi, kad dalel\u0117 tos \u0161viesos lyd\u0117t\u0173 kiekvien\u0105, \u010dia palikus\u012f savo svajon\u0119\u201c, \u2013 kalb\u0117jo mer\u0117 \u017divil\u0117 Pinskuvien\u0117.<\/p>\n","protected":false},"excerpt":{"rendered":"Kal\u0117din\u0117 \u0161vent\u0117, kaip informuoja \u0160irvint\u0173 rajono savivaldyb\u0117, mieste prasid\u0117jo dar nuo vidurdienio. \u0160ventin\u0119 nuotaik\u0105 u\u017etikrino kal\u0117din\u0117 mug\u0117, fone&hellip;\n","protected":false},"author":2,"featured_media":51226,"comment_status":"","ping_status":"","sticky":false,"template":"","format":"standard","meta":{"footnotes":""},"categories":[13],"tags":[25,30,31,34,35,24,4362,32,33,37,39,36,38,40,23,22,28,29,677,26,27,678],"class_list":{"0":"post-51225","1":"post","2":"type-post","3":"status-publish","4":"format-standard","5":"has-post-thumbnail","7":"category-lietuva","8":"tag-antrastes","9":"tag-breaking-news","10":"tag-breakingnews","11":"tag-featured-news","12":"tag-featurednews","13":"tag-headlines","14":"tag-kaledu-egle","15":"tag-latest-news","16":"tag-latestnews","17":"tag-lietuva","18":"tag-lietuviu","19":"tag-lithuania","20":"tag-lithuanian","21":"tag-lt","22":"tag-naujienos","23":"tag-news","24":"tag-populiariausios-naujienos","25":"tag-populiariausiosnaujienos","26":"tag-sirvintos","27":"tag-top-stories","28":"tag-topstories","29":"tag-zivile-pinskuviene"},"share_on_mastodon":{"url":"https:\/\/pubeurope.com\/@lt\/115639796642571557","error":""},"_links":{"self":[{"href":"https:\/\/www.europesays.com\/lt\/wp-json\/wp\/v2\/posts\/51225","targetHints":{"allow":["GET"]}}],"collection":[{"href":"https:\/\/www.europesays.com\/lt\/wp-json\/wp\/v2\/posts"}],"about":[{"href":"https:\/\/www.europesays.com\/lt\/wp-json\/wp\/v2\/types\/post"}],"author":[{"embeddable":true,"href":"https:\/\/www.europesays.com\/lt\/wp-json\/wp\/v2\/users\/2"}],"replies":[{"embeddable":true,"href":"https:\/\/www.europesays.com\/lt\/wp-json\/wp\/v2\/comments?post=51225"}],"version-history":[{"count":0,"href":"https:\/\/www.europesays.com\/lt\/wp-json\/wp\/v2\/posts\/51225\/revisions"}],"wp:featuredmedia":[{"embeddable":true,"href":"https:\/\/www.europesays.com\/lt\/wp-json\/wp\/v2\/media\/51226"}],"wp:attachment":[{"href":"https:\/\/www.europesays.com\/lt\/wp-json\/wp\/v2\/media?parent=51225"}],"wp:term":[{"taxonomy":"category","embeddable":true,"href":"https:\/\/www.europesays.com\/lt\/wp-json\/wp\/v2\/categories?post=51225"},{"taxonomy":"post_tag","embeddable":true,"href":"https:\/\/www.europesays.com\/lt\/wp-json\/wp\/v2\/tags?post=51225"}],"curies":[{"name":"wp","href":"https:\/\/api.w.org\/{rel}","templated":true}]}}