{"id":51239,"date":"2025-11-30T17:46:25","date_gmt":"2025-11-30T17:46:25","guid":{"rendered":"https:\/\/www.europesays.com\/lt\/51239\/"},"modified":"2025-11-30T17:46:25","modified_gmt":"2025-11-30T17:46:25","slug":"premjerei-ruginienei-ekspremjero-skvernelio-klausimas-apie-organa-respublika-lt","status":"publish","type":"post","link":"https:\/\/www.europesays.com\/lt\/51239\/","title":{"rendered":"Premjerei Ruginienei &#8211; ekspremjero Skvernelio klausimas apie organ\u0105 &#8211; Respublika.lt"},"content":{"rendered":"<p>    \u00d7<\/p>\n<p>    (1\/1) Saulius Skvernelis, Inga Ruginien\u0117. Eltos nuotr. <a href=\"https:\/\/www.respublika.lt\/uploads\/img\/catalog\/1\/photo_1_67790091.jpg\" class=\"swiper-photo-download\" download=\"\" rel=\"nofollow noopener\" target=\"_blank\">Atsisi\u0173sti<\/a><\/p>\n<p><img loading=\"lazy\" decoding=\"async\" src=\"https:\/\/www.respublika.lt\/lt\/naujienos\/lietuva\/lietuvos_politika\/premjerei-ruginienei---ekspremjero-skvernelio-klausimas-apie-organa\/images\/ico_camera_white.gif\" class=\"camera\" width=\"22\" height=\"15\" alt=\"nuotr.\" style=\"position:relative; top:-2px; right:2px;\"\/> 1 nuotr.<\/p>\n<p>Saulius Skvernelis, Inga Ruginien\u0117. Eltos nuotr.<\/p>\n<p>Ekspremjeras Saulius Skvernelis band\u0117 pasi\u0161aipyti i\u0161 ministr\u0117s pirminink\u0117s Ingos Ruginien\u0117s, bet pastaroji provokacijai nepasidav\u0117.<\/p>\n<p style=\"text-align: justify;\" class=\"desktop_banner\">\u00a0<\/p>\n<p>\u201eNor\u0117\u010diau paklausti gerbiamos ministr\u0117s pirminink\u0117s. Esate gana retas sve\u010dias Seime. Formuojate toki\u0105 tradicij\u0105, kurios niekada nebuvo: pateikiant biud\u017eet\u0105 j\u016bs\u0173 nebuvo; pirmas svarstymas Seime, j\u016bs\u0173 v\u0117l nebuvo; ir galvoju: kod\u0117l? Atsakymas yra j\u016bs\u0173 pasisakyme. Nor\u0117\u010diau pacituoti, kad \u201eVyriausyb\u0117 dirba skland\u017eiai&#8221;, bet apie Seim\u0105: \u201eKaip a\u0161 \u012ftariu, kad pas juos Seime yra daugiau laiko toms politin\u0117ms intrigoms, nes jie u\u017esiima tuo, kad parodyt\u0173, kas yra kietesnis, gra\u017eesnis, pas k\u0105 stuburas tvirtesnis, pasimatuoja \u012fvairiais organais&#8221;, &#8211; kalb\u0117jo I. Ruginien\u0117. \u201eTai yra j\u0173 kasdienyb\u0117, matyt. A\u0161 ateinu \u012f Seim\u0105, apsi\u017ei\u016briu, galvoju: Dieve mano, \u017emon\u0117s, k\u0105 j\u016bs \u010dia veikiate?&#8221; J\u016bs pasisak\u0117te apie institucij\u0105, kuriai tiesiogiai esate atskaitinga. Bet mano klausimas paprastas: kuriuo gi organu j\u016bs matuojat\u0117s?&#8221; &#8211; teiravosi S.Skvernelis.<\/p>\n<p>\u201eTai va a\u0161 dirbu ir nesimatuoju&#8221;, &#8211; atkirto I.Ruginien\u0117.<\/p>\n<p>\u00a0<\/p>\n<p>Naujausios \u017einios<\/p>\n<p><\/p>\n<p>        <a href=\"https:\/\/www.respublika.lt\/lt\/naujienos\/pasaulis\/nusikaltimai_ir_nelaimes\/potvyniu-ir-nuosliauzu-sri-lankoje-auku-skaicius-isaugo-iki-334\/\" rel=\"nofollow noopener\" target=\"_blank\"><img decoding=\"async\" oncontextmenu=\"return false\" class=\"block_item_newest_photo\" src=\"https:\/\/www.respublika.lt\/lt\/naujienos\/lietuva\/lietuvos_politika\/premjerei-ruginienei---ekspremjero-skvernelio-klausimas-apie-organa\/uploads\/img\/catalog\/1\/photo_for_homepage_1_52075514.jpg\" alt=\"\" width=\"240\" height=\"154.45\"\/><\/a><\/p>\n<p>        <a href=\"https:\/\/www.respublika.lt\/lt\/naujienos\/lietuva\/kitos-lietuvos-zinios\/vilniaus-oro-uostas-vel-laikinai-stabdo-skrydzius\/\" rel=\"nofollow noopener\" target=\"_blank\"><img decoding=\"async\" oncontextmenu=\"return false\" class=\"block_item_newest_photo\" src=\"https:\/\/www.respublika.lt\/lt\/naujienos\/lietuva\/lietuvos_politika\/premjerei-ruginienei---ekspremjero-skvernelio-klausimas-apie-organa\/uploads\/img\/catalog\/1\/photo_for_homepage_1_40735403.jpg\" alt=\"\" width=\"240\" height=\"154.45\"\/><\/a><\/p>\n<p>Patiko straipsnis? Leisk mums apie tai su\u017einoti. Nepamir\u0161k pasidalinti Facebook! <\/p>\n<p><img loading=\"lazy\" decoding=\"async\" class=\"p2_social_circle_icon\" src=\"https:\/\/www.respublika.lt\/images\/thumbs_up.svg\" width=\"21\" height=\"22\" alt=\"L\"\/><\/p>\n<p><img loading=\"lazy\" decoding=\"async\" class=\"p2_social_circle_icon\" src=\"https:\/\/www.respublika.lt\/images\/facebook.svg\" alt=\"F\" width=\"22\" height=\"22\" style=\"filter: invert(37%) sepia(55%) saturate(2351%) hue-rotate(187deg) brightness(102%) contrast(106%);\"\/><\/p>\n<p>&#13;<br \/>\n\tNesutinkate &#8211; diskutuokime!<br \/>&#13;<br \/>\n\tNepykite komentatoriai, bet komentarai su keiksma\u017eod\u017eiais bus \u0161alinami automati\u0161kai, be atsipra\u0161ymo.\n    <\/p>\n<p>&#13;<br \/>\n              Respublika.lt pasilieka teis\u0119 pa\u0161alinti nekult\u016bringus, keiksma\u017eod\u017eiais pagardintus, su tema nesusijusius, kito asmens vardu pasira\u0161ytus, \u012fstatymus pa\u017eeid\u017eian\u010dius, \u0161lam\u0161t\u0105 reklamuojan\u010dius ar nusikalsti kurstan\u010dius komentarus. Jei kurstysite smurt\u0105, rasin\u0119, tautin\u0119, religin\u0119 ar kitokio pob\u016bd\u017eio neapykant\u0105, \u017evirbliu i\u0161skrid\u0119 j\u016bs\u0173 \u017eod\u017eiai gr\u012f\u017edami gali virsti ton\u0105 sverian\u010diu jau\u010diu &#8211; specialiosioms Lietuvos tarnyboms pareikalavus suteiksime j\u016bs\u0173 duomenis.\n            <\/p>\n","protected":false},"excerpt":{"rendered":"\u00d7 (1\/1) Saulius Skvernelis, Inga Ruginien\u0117. Eltos nuotr. Atsisi\u0173sti 1 nuotr. Saulius Skvernelis, Inga Ruginien\u0117. Eltos nuotr. Ekspremjeras&hellip;\n","protected":false},"author":2,"featured_media":51240,"comment_status":"","ping_status":"","sticky":false,"template":"","format":"standard","meta":{"footnotes":""},"categories":[6],"tags":[25,30,31,34,35,24,12707,32,33,37,39,36,38,40,23,22,12706,12705,9260,28,29,9203,412,834,26,27],"class_list":{"0":"post-51239","1":"post","2":"type-post","3":"status-publish","4":"format-standard","5":"has-post-thumbnail","7":"category-antrastes","8":"tag-antrastes","9":"tag-breaking-news","10":"tag-breakingnews","11":"tag-featured-news","12":"tag-featurednews","13":"tag-headlines","14":"tag-intrigos","15":"tag-latest-news","16":"tag-latestnews","17":"tag-lietuva","18":"tag-lietuviu","19":"tag-lithuania","20":"tag-lithuanian","21":"tag-lt","22":"tag-naujienos","23":"tag-news","24":"tag-organas","25":"tag-pasisaipymas","26":"tag-politines","27":"tag-populiariausios-naujienos","28":"tag-populiariausiosnaujienos","29":"tag-provokacija","30":"tag-ruginiene","31":"tag-skvernelis","32":"tag-top-stories","33":"tag-topstories"},"share_on_mastodon":{"url":"https:\/\/pubeurope.com\/@lt\/115639902912262029","error":""},"_links":{"self":[{"href":"https:\/\/www.europesays.com\/lt\/wp-json\/wp\/v2\/posts\/51239","targetHints":{"allow":["GET"]}}],"collection":[{"href":"https:\/\/www.europesays.com\/lt\/wp-json\/wp\/v2\/posts"}],"about":[{"href":"https:\/\/www.europesays.com\/lt\/wp-json\/wp\/v2\/types\/post"}],"author":[{"embeddable":true,"href":"https:\/\/www.europesays.com\/lt\/wp-json\/wp\/v2\/users\/2"}],"replies":[{"embeddable":true,"href":"https:\/\/www.europesays.com\/lt\/wp-json\/wp\/v2\/comments?post=51239"}],"version-history":[{"count":0,"href":"https:\/\/www.europesays.com\/lt\/wp-json\/wp\/v2\/posts\/51239\/revisions"}],"wp:featuredmedia":[{"embeddable":true,"href":"https:\/\/www.europesays.com\/lt\/wp-json\/wp\/v2\/media\/51240"}],"wp:attachment":[{"href":"https:\/\/www.europesays.com\/lt\/wp-json\/wp\/v2\/media?parent=51239"}],"wp:term":[{"taxonomy":"category","embeddable":true,"href":"https:\/\/www.europesays.com\/lt\/wp-json\/wp\/v2\/categories?post=51239"},{"taxonomy":"post_tag","embeddable":true,"href":"https:\/\/www.europesays.com\/lt\/wp-json\/wp\/v2\/tags?post=51239"}],"curies":[{"name":"wp","href":"https:\/\/api.w.org\/{rel}","templated":true}]}}