{"id":51305,"date":"2025-11-30T19:22:28","date_gmt":"2025-11-30T19:22:28","guid":{"rendered":"https:\/\/www.europesays.com\/lt\/51305\/"},"modified":"2025-11-30T19:22:28","modified_gmt":"2025-11-30T19:22:28","slug":"gazos-karo-auku-skaicius-virsijo-70-tukst","status":"publish","type":"post","link":"https:\/\/www.europesays.com\/lt\/51305\/","title":{"rendered":"Gazos karo auk\u0173 skai\u010dius vir\u0161ijo 70 t\u016bkst."},"content":{"rendered":"<p>\u0160i riba buvo per\u017eengta galiojant trapioms <a rel=\"noopener nofollow\" target=\"_blank\" href=\"https:\/\/www.delfi.lt\/temos\/jav\" tag-id=\"39295467\">JAV<\/a> tarpininkautoms paliauboms, ta\u010diau abi pus\u0117s kaltina viena kit\u0105 susitarimo s\u0105lyg\u0173 pa\u017eeidimais.<\/p>\n<p>Gazos Ruo\u017eo sveikatos apsaugos ministerija parei\u0161kime teig\u0117, kad karo auk\u0173 skai\u010dius i\u0161augo ir pasiek\u0117 70 t\u016bkst. 100. Ministerija kartu nurod\u0117, kad nuo paliaub\u0173 prad\u017eios spalio 10 d. Izraelio ugnis pra\u017eud\u0117 354 palestinie\u010dius. Pasak ministerijos, per pastar\u0105sias 48 valandas \u012f Gazos Ruo\u017eo ligonines buvo atve\u017eti dviej\u0173 \u017emoni\u0173 k\u016bnai, i\u0161 kuri\u0173 vienas buvo i\u0161trauktas i\u0161 po griuv\u0117si\u0173.<\/p>\n<p>Pa\u017eymima, kad \u0161uol\u012f, matom\u0105 lyginant su ankstesniu auk\u0173 skai\u010diumi, l\u0117m\u0117 tai, jog vald\u017eios institucijos apdorojo ir patvirtino duomenis, susijusius su 299 k\u016bnais.<\/p>\n<p>Nors galioja paliaubos, palestinie\u010di\u0173 teritorija vis dar yra panirusi \u012f didel\u0119 humanitarin\u0119 kriz\u0119.<\/p>\n<p>Gazos kar\u0105 suk\u0117l\u0117 \u201eHamas\u201c i\u0161puolis prie\u0161 Izrael\u012f 2023 m. spalio 7 d., per kur\u012f \u017euvo 1 t\u016bkst. 221 \u017emogus. T\u0105 dien\u0105 smogikai pagrob\u0117 ir \u012f Gazos Ruo\u017e\u0105 i\u0161sive\u017e\u0117 251 \u012fkait\u0105. Prasidedant naujausioms paliauboms, smogikai laik\u0117 20 gyv\u0173 \u012fkait\u0173 ir 28-i\u0173 negyv\u0173 belaisvi\u0173 k\u016bnus.<\/p>\n<p>Nuo to laiko \u201eHamas\u201c paleido visus gyvus \u012fkaitus ir gr\u0105\u017eino 26 mirusi\u0173 belaisvi\u0173 palaikus. Mainais u\u017e tai Izraelis i\u0161laisvino beveik 2 t\u016bkst. jo \u017einioje buvusi\u0173 palestinie\u010di\u0173 kalini\u0173 ir gr\u0105\u017eino \u0161imt\u0173 negyv\u0173 palestinie\u010di\u0173 k\u016bnus.<\/p>\n","protected":false},"excerpt":{"rendered":"\u0160i riba buvo per\u017eengta galiojant trapioms JAV tarpininkautoms paliauboms, ta\u010diau abi pus\u0117s kaltina viena kit\u0105 susitarimo s\u0105lyg\u0173 pa\u017eeidimais.&hellip;\n","protected":false},"author":2,"featured_media":51306,"comment_status":"","ping_status":"","sticky":false,"template":"","format":"standard","meta":{"footnotes":""},"categories":[15],"tags":[25,30,31,3346,34,35,702,805,24,553,223,32,33,37,39,36,38,40,23,22,44,28,29,26,27,74,75,76],"class_list":{"0":"post-51305","1":"post","2":"type-post","3":"status-publish","4":"format-standard","5":"has-post-thumbnail","7":"category-pasaulis","8":"tag-antrastes","9":"tag-breaking-news","10":"tag-breakingnews","11":"tag-elta-uzsienio-naujiena","12":"tag-featured-news","13":"tag-featurednews","14":"tag-gazos-ruozas","15":"tag-hamas","16":"tag-headlines","17":"tag-izraelis","18":"tag-jav","19":"tag-latest-news","20":"tag-latestnews","21":"tag-lietuva","22":"tag-lietuviu","23":"tag-lithuania","24":"tag-lithuanian","25":"tag-lt","26":"tag-naujienos","27":"tag-news","28":"tag-pasaulis","29":"tag-populiariausios-naujienos","30":"tag-populiariausiosnaujienos","31":"tag-top-stories","32":"tag-topstories","33":"tag-world","34":"tag-world-news","35":"tag-worldnews"},"share_on_mastodon":{"url":"https:\/\/pubeurope.com\/@lt\/115640280237136552","error":""},"_links":{"self":[{"href":"https:\/\/www.europesays.com\/lt\/wp-json\/wp\/v2\/posts\/51305","targetHints":{"allow":["GET"]}}],"collection":[{"href":"https:\/\/www.europesays.com\/lt\/wp-json\/wp\/v2\/posts"}],"about":[{"href":"https:\/\/www.europesays.com\/lt\/wp-json\/wp\/v2\/types\/post"}],"author":[{"embeddable":true,"href":"https:\/\/www.europesays.com\/lt\/wp-json\/wp\/v2\/users\/2"}],"replies":[{"embeddable":true,"href":"https:\/\/www.europesays.com\/lt\/wp-json\/wp\/v2\/comments?post=51305"}],"version-history":[{"count":0,"href":"https:\/\/www.europesays.com\/lt\/wp-json\/wp\/v2\/posts\/51305\/revisions"}],"wp:featuredmedia":[{"embeddable":true,"href":"https:\/\/www.europesays.com\/lt\/wp-json\/wp\/v2\/media\/51306"}],"wp:attachment":[{"href":"https:\/\/www.europesays.com\/lt\/wp-json\/wp\/v2\/media?parent=51305"}],"wp:term":[{"taxonomy":"category","embeddable":true,"href":"https:\/\/www.europesays.com\/lt\/wp-json\/wp\/v2\/categories?post=51305"},{"taxonomy":"post_tag","embeddable":true,"href":"https:\/\/www.europesays.com\/lt\/wp-json\/wp\/v2\/tags?post=51305"}],"curies":[{"name":"wp","href":"https:\/\/api.w.org\/{rel}","templated":true}]}}