{"id":51327,"date":"2025-11-30T19:50:13","date_gmt":"2025-11-30T19:50:13","guid":{"rendered":"https:\/\/www.europesays.com\/lt\/51327\/"},"modified":"2025-11-30T19:50:13","modified_gmt":"2025-11-30T19:50:13","slug":"po-lietuviskos-vagystes-atsigave-britai-isirase-pergale-islandijoje-delfi","status":"publish","type":"post","link":"https:\/\/www.europesays.com\/lt\/51327\/","title":{"rendered":"Po lietuvi\u0161kos vagyst\u0117s atsigav\u0119 britai \u012fsira\u0161\u0117 pergal\u0119 Islandijoje &#8211; Delfi"},"content":{"rendered":"<ol>\n<li><a href=\"https:\/\/news.google.com\/rss\/articles\/CBMiugFBVV95cUxPYVRjX2E3ZDFiNGRwdWh6WXpwRWZFMVlUSjI0RHFLb0dpY0VHSEk5VU1ITEFscVVVekhwbXYyaVRCQTNLcjE5ZmxabUVkcHJ6ME5JcUx4U3RZRkJvbW01ekMzZEZJRXdVWndzZ012UEtXT0s1dl9ZNUo0VHRLLWtCd3gydlR5dk9wd3IxVnNXSEhPWGJrak12cTh6dmZkZkhVSUxMbkd4NnlvcUFlMXhZZExIakdyYkdqMUE?oc=5\" target=\"_blank\" rel=\"nofollow noopener\">Po lietuvi\u0161kos vagyst\u0117s atsigav\u0119 britai \u012fsira\u0161\u0117 pergal\u0119 Islandijoje<\/a>&nbsp;&nbsp;Delfi<\/li>\n<li><a href=\"https:\/\/news.google.com\/rss\/articles\/CBMirgFBVV95cUxQR0dXdDFaTGV5THNuSU42Q0VZbGRIYUJzU3liZmxGaTBiRF9yWUxsT1pNVW45Z1hQa1JIYjVsWDVfWHFpZmpfU3ZuNnE2TmJFTWx2ZnRZS0pWcXBJOGstc0p4cDFfQWZaT25YM3V6U0VaYXRGcWp1V1ZMOW9QMXJpcjNQOG5VaDBJYjdiUER3aUI2ZG1OajVaVVhmZVVBbnZhYktuN3l4MWlxOWNscXc?oc=5\" target=\"_blank\" rel=\"nofollow noopener\">Britai triumfavo Islandijoje ir tapo grup\u0117s lyderiais<\/a>&nbsp;&nbsp;15min.lt<\/li>\n<li><a href=\"https:\/\/news.google.com\/rss\/articles\/CBMipAFBVV95cUxNTXVTVnFNQk9MSGd0UjBMTGIwemcxZVhENlpWTXNJNm1udy1aNm9OWERKM29ndU5mcktrR3Q2TURJcHFvSG5kZWt6ejVOZXlJTUVudlNTMzBpLXBfM0g5ZGZkWWdEZUlLZ0dZM2lNQktBdVZlVEFWOF9tVnRvaVVMeURjWWR3U3RxSVo1N3ZPR1o2US1aXzlXUklMTGlRUVYwZm1KZA?oc=5\" target=\"_blank\" rel=\"nofollow noopener\">Lietuvos grup\u0117je \u2013 atsitiesusi\u0173 brit\u0173 pergal\u0117 prie\u0161 Islandij\u0105 \/ Naujienos<\/a>&nbsp;&nbsp;BasketNews.lt<\/li>\n<li><a href=\"https:\/\/news.google.com\/rss\/articles\/CBMiwwFBVV95cUxNS18zVkwzbXdQQ0FRbEFHVHF4Vm9DdEVsMnBOOUl3a1dJSElTY0JXdkVjaWRSUWFLQnFFSGFvOEZweWNVYlNscXp0ZGhGSVZlMkI0YVF1OEV2QjFRejdBQzNJX3JNelVLaDFXQUR0a1pXdDZpaEJhemJrM0Vsd3BtSGo5M1RScGdWZllNT1FPOWpRNC1zdDBMYnFJd2pUeDlvQ2sycGpYcl9jdEtUYUNqUV91WWFsQkhoYnFjUzdhVFcwakE?oc=5\" target=\"_blank\" rel=\"nofollow noopener\">Did\u017eiosios Britanijos rinktin\u0119 \u012f pergal\u0119 prie\u0161 Islandij\u0105 atved\u0117 Elliso lyderyst\u0117<\/a>&nbsp;&nbsp;tv3.lt<\/li>\n<li><a href=\"https:\/\/news.google.com\/rss\/articles\/CBMimgFBVV95cUxQLXVEWDdRNkJDbTJ6N3VjSkszZnVVMEJZYy1pUFF5b1dvV2JUMHpLWXFTdDczR2kybUQ5Y2VVb0tTNHhyWFRiWmZweUNMRm1NUU0zem4zNE1qUkwxVTkwT05INzZ4MW45Nl8wdFNqNmNvTUQybVViTm5PRTJkdUFJTDJXSTJXMUUzUEdsbGVDbEJZRVU1b3FWWmJn?oc=5\" target=\"_blank\" rel=\"nofollow noopener\">Prana\u0161um\u0105 i\u0161\u0161vaist\u0119 britai nugal\u0117jo Islandijos rinktin\u0119<\/a>&nbsp;&nbsp;Sportas.lt<\/li>\n<\/ol>\n","protected":false},"excerpt":{"rendered":"Po lietuvi\u0161kos vagyst\u0117s atsigav\u0119 britai \u012fsira\u0161\u0117 pergal\u0119 Islandijoje&nbsp;&nbsp;Delfi Britai triumfavo Islandijoje ir tapo grup\u0117s lyderiais&nbsp;&nbsp;15min.lt Lietuvos grup\u0117je \u2013&hellip;\n","protected":false},"author":2,"featured_media":51328,"comment_status":"","ping_status":"","sticky":false,"template":"","format":"standard","meta":{"footnotes":""},"categories":[19],"tags":[37,39,36,38,40,6280,47,104],"class_list":{"0":"post-51327","1":"post","2":"type-post","3":"status-publish","4":"format-standard","5":"has-post-thumbnail","7":"category-sportas","8":"tag-lietuva","9":"tag-lietuviu","10":"tag-lithuania","11":"tag-lithuanian","12":"tag-lt","13":"tag-pasaulio-krepsinio-cempionatas","14":"tag-sportas","15":"tag-sports"},"share_on_mastodon":{"url":"https:\/\/pubeurope.com\/@lt\/115640390384132757","error":""},"_links":{"self":[{"href":"https:\/\/www.europesays.com\/lt\/wp-json\/wp\/v2\/posts\/51327","targetHints":{"allow":["GET"]}}],"collection":[{"href":"https:\/\/www.europesays.com\/lt\/wp-json\/wp\/v2\/posts"}],"about":[{"href":"https:\/\/www.europesays.com\/lt\/wp-json\/wp\/v2\/types\/post"}],"author":[{"embeddable":true,"href":"https:\/\/www.europesays.com\/lt\/wp-json\/wp\/v2\/users\/2"}],"replies":[{"embeddable":true,"href":"https:\/\/www.europesays.com\/lt\/wp-json\/wp\/v2\/comments?post=51327"}],"version-history":[{"count":0,"href":"https:\/\/www.europesays.com\/lt\/wp-json\/wp\/v2\/posts\/51327\/revisions"}],"wp:featuredmedia":[{"embeddable":true,"href":"https:\/\/www.europesays.com\/lt\/wp-json\/wp\/v2\/media\/51328"}],"wp:attachment":[{"href":"https:\/\/www.europesays.com\/lt\/wp-json\/wp\/v2\/media?parent=51327"}],"wp:term":[{"taxonomy":"category","embeddable":true,"href":"https:\/\/www.europesays.com\/lt\/wp-json\/wp\/v2\/categories?post=51327"},{"taxonomy":"post_tag","embeddable":true,"href":"https:\/\/www.europesays.com\/lt\/wp-json\/wp\/v2\/tags?post=51327"}],"curies":[{"name":"wp","href":"https:\/\/api.w.org\/{rel}","templated":true}]}}