{"id":51811,"date":"2025-12-01T12:14:14","date_gmt":"2025-12-01T12:14:14","guid":{"rendered":"https:\/\/www.europesays.com\/lt\/51811\/"},"modified":"2025-12-01T12:14:14","modified_gmt":"2025-12-01T12:14:14","slug":"igno-vegeles-vadovaujama-parlamentaru-darbo-grupe-inicijuos-santykiu-su-kinija-atkurima-respublika-lt","status":"publish","type":"post","link":"https:\/\/www.europesays.com\/lt\/51811\/","title":{"rendered":"Igno V\u0117g\u0117l\u0117s vadovaujama parlamentar\u0173 darbo grup\u0117 inicijuos santyki\u0173 su Kinija atk\u016brim\u0105 &#8211; Respublika.lt"},"content":{"rendered":"<p><img loading=\"lazy\" decoding=\"async\" src=\"https:\/\/www.respublika.lt\/lt\/naujienos\/lietuva\/lietuvos_politika\/igno-vegeles-vadovaujama-parlamentaru-darbo-grupe-inicijuos-santykiu-su-kinija-atkurima\/images\/ico_camera_white.gif\" class=\"camera\" width=\"22\" height=\"15\" alt=\"nuotr.\" style=\"position:relative; top:-2px; right:2px;\"\/> 1 nuotr.<\/p>\n<p>Kinijos ambasada. Eltos nuotr.<\/p>\n<p style=\"text-align: left;\">Seime suburta Igno V\u0117g\u0117l\u0117s vadovaujama parlamentar\u0173 darbo grup\u0117, kurios tikslas \u2013 ai\u0161kintis ir \u0161alinti prie\u017eastis, trukdan\u010dias atkurti diplomatinius santykius su Kinija iki tokio lygmens, kok\u012f \u0161iuo metu turi dauguma Europos S\u0105jungos (ES) valstybi\u0173.<\/p>\n<p style=\"text-align: justify;\" class=\"desktop_banner\">\u00a0<\/p>\n<p style=\"text-align: left;\">\u00a0<\/p>\n<p style=\"text-align: left;\">\u201e\u0160iuo metu Lietuvos ir Kinijos diplomatinis bendradarbiavimas prakti\u0161kai nevyksta: Vilniuje n\u0117ra akredituot\u0173 Kinijos Liaudies Respublikos diplomat\u0173 ar kito personalo. Lietuvos Respublikos ambasada Kinijos Liaudies Respublikoje realiai nedirba, nors oficialiai nurodoma, kad ribota apimtimi dirba nuotoliu i\u0161 Vilniaus. Vadinasi, net konsulin\u0117s paslaugos m\u016bs\u0173 pilie\u010diams Kinijoje taip pat neteikiamos\u201c, \u2013 ra\u0161oma Seimo nario prane\u0161ime.\u00a0<\/p>\n<p style=\"text-align: left;\">\u201eLietuva privalo tur\u0117ti tokius pat veikian\u010dius diplomatinius kanalus su Kinija, kokius turi dauguma Europos partneri\u0173. Tai vis\u0173 pirma svarbu Lietuvos ekonominiam bendradarbiavimui. Iki \u0161iol vykdyta tariama \u201evertybin\u0117 politika\u201c tebuvo \u017ealos k\u016brimo Lietuvai politika: m\u016bs\u0173 verslininkai net viz\u0173 gauti \u012f Kinij\u0105 negali Lietuvoje, k\u0105 bekalb\u0117ti apie skland\u0173 ekonomin\u012f bendradarbiavim\u0105\u201c\u00a0\u2013 akcentuoja politikas.\u00a0<\/p>\n<p style=\"text-align: left;\">I\u0161 septyni\u0173 parlamentar\u0173 sudarytos darbo grup\u0117s pirmininku i\u0161rinktas I. V\u0117g\u0117l\u0117, o jo pavaduotoju paskirtas Vitalijus \u0160er\u0161niovas. Darbo grupei taip pat priklauso Tadas Barauskas, Algirdas Butkevi\u010dius, Rimas Jonas Jank\u016bnas, Karolis Neimantas bei Art\u016bras Zuokas.<\/p>\n<p style=\"text-align: left;\">Pasak grup\u0117s iniciatori\u0173, parlamentin\u0117 iniciatyva leis kryptingiau koordinuoti si\u016blymus, dialog\u0105 ir politines priemones, kurios b\u016btinos siekiant konstruktyvaus Lietuvos ir Kinijos santyki\u0173 atstatymo.<\/p>\n<p style=\"text-align: left;\">ELTA primena, kad Vilniaus ir Pekino santykiai paa\u0161tr\u0117jo Lietuvai 2021 m. leidus Vilniuje veikti Taivanie\u010di\u0173 atstovybei.<\/p>\n<p style=\"text-align: left;\">Kinija teig\u0117, kad sprendimas pavadinti nauj\u0105j\u0105 atstovyb\u0119 Lietuvoje \u201etaivanie\u010di\u0173\u201c vardu rodo Taivano m\u0117ginimus veikti kaip nepriklausomai valstybei, o tai, komunistin\u0117s \u0161alies atstov\u0173 \u012fsitikinimu, prie\u0161tarauja \u201eVienos Kinijos\u201c politikai.<\/p>\n<p style=\"text-align: left;\">D\u0117l jai ne\u012ftinkan\u010dio atstovyb\u0117s pavadinimo Kinija \u0117m\u0117 Lietuvai taikyti ekonominio ir politinio spaudimo priemones, \u012fsp\u0117jo u\u017esienio \u012fmones stabdyti bendradarbiavim\u0105, jei \u0161ios naudos lietuvi\u0161kos kilm\u0117s detales.<\/p>\n","protected":false},"excerpt":{"rendered":"1 nuotr. Kinijos ambasada. Eltos nuotr. Seime suburta Igno V\u0117g\u0117l\u0117s vadovaujama parlamentar\u0173 darbo grup\u0117, kurios tikslas \u2013 ai\u0161kintis&hellip;\n","protected":false},"author":2,"featured_media":51812,"comment_status":"","ping_status":"","sticky":false,"template":"","format":"standard","meta":{"footnotes":""},"categories":[6],"tags":[25,1138,30,31,12807,34,35,24,479,32,33,37,39,36,38,40,23,22,28,29,26,27],"class_list":{"0":"post-51811","1":"post","2":"type-post","3":"status-publish","4":"format-standard","5":"has-post-thumbnail","7":"category-antrastes","8":"tag-antrastes","9":"tag-bendradarbiavimas","10":"tag-breaking-news","11":"tag-breakingnews","12":"tag-diplomatinis","13":"tag-featured-news","14":"tag-featurednews","15":"tag-headlines","16":"tag-kinija","17":"tag-latest-news","18":"tag-latestnews","19":"tag-lietuva","20":"tag-lietuviu","21":"tag-lithuania","22":"tag-lithuanian","23":"tag-lt","24":"tag-naujienos","25":"tag-news","26":"tag-populiariausios-naujienos","27":"tag-populiariausiosnaujienos","28":"tag-top-stories","29":"tag-topstories"},"share_on_mastodon":{"url":"https:\/\/pubeurope.com\/@lt\/115644259738498060","error":""},"_links":{"self":[{"href":"https:\/\/www.europesays.com\/lt\/wp-json\/wp\/v2\/posts\/51811","targetHints":{"allow":["GET"]}}],"collection":[{"href":"https:\/\/www.europesays.com\/lt\/wp-json\/wp\/v2\/posts"}],"about":[{"href":"https:\/\/www.europesays.com\/lt\/wp-json\/wp\/v2\/types\/post"}],"author":[{"embeddable":true,"href":"https:\/\/www.europesays.com\/lt\/wp-json\/wp\/v2\/users\/2"}],"replies":[{"embeddable":true,"href":"https:\/\/www.europesays.com\/lt\/wp-json\/wp\/v2\/comments?post=51811"}],"version-history":[{"count":0,"href":"https:\/\/www.europesays.com\/lt\/wp-json\/wp\/v2\/posts\/51811\/revisions"}],"wp:featuredmedia":[{"embeddable":true,"href":"https:\/\/www.europesays.com\/lt\/wp-json\/wp\/v2\/media\/51812"}],"wp:attachment":[{"href":"https:\/\/www.europesays.com\/lt\/wp-json\/wp\/v2\/media?parent=51811"}],"wp:term":[{"taxonomy":"category","embeddable":true,"href":"https:\/\/www.europesays.com\/lt\/wp-json\/wp\/v2\/categories?post=51811"},{"taxonomy":"post_tag","embeddable":true,"href":"https:\/\/www.europesays.com\/lt\/wp-json\/wp\/v2\/tags?post=51811"}],"curies":[{"name":"wp","href":"https:\/\/api.w.org\/{rel}","templated":true}]}}