{"id":51817,"date":"2025-12-01T12:20:21","date_gmt":"2025-12-01T12:20:21","guid":{"rendered":"https:\/\/www.europesays.com\/lt\/51817\/"},"modified":"2025-12-01T12:20:21","modified_gmt":"2025-12-01T12:20:21","slug":"keiciasi-teises-vairuoti-grazinimo-tvarka-respublika-lt","status":"publish","type":"post","link":"https:\/\/www.europesays.com\/lt\/51817\/","title":{"rendered":"Kei\u010diasi teis\u0117s vairuoti gr\u0105\u017einimo tvarka &#8211; Respublika.lt"},"content":{"rendered":"<p><img loading=\"lazy\" decoding=\"async\" src=\"https:\/\/www.respublika.lt\/lt\/naujienos\/auto\/auto\/keiciasi-teises-vairuoti-grazinimo-tvarka\/images\/ico_camera_white.gif\" class=\"camera\" width=\"22\" height=\"15\" alt=\"nuotr.\" style=\"position:relative; top:-2px; right:2px;\"\/> 1 nuotr.<\/p>\n<p>Eltos nuotr.<\/p>\n<p style=\"text-align: left;\">Nuo gruod\u017eio 1 dienos Lietuvoje \u012fsigalioja nauja teis\u0117s vairuoti gr\u0105\u017einimo tvarka. Nuo \u0161iol visus su \u0161ia paslauga susijusius klausimas tvarkys tik valstyb\u0117s \u012fmon\u0117 \u201eRegitra\u201c.<\/p>\n<p style=\"text-align: justify;\" class=\"desktop_banner\">\u00a0<\/p>\n<p style=\"text-align: left;\">\u00a0<\/p>\n<p style=\"text-align: left;\">\u201eIki \u0161iol asmenys, prarad\u0119 teis\u0119 vairuoti iki 2016 m. gruod\u017eio 31d., pirmiausiai tur\u0117davo apsilankyti policijoje, o paskui \u201eRegitroje\u201c. Dabar visus \u0161iuos klausimus tvarkys tik \u201eRegitra\u201c, kas leis klientams paslaug\u0105 gauti papras\u010diau ir grei\u010diau\u201c, \u2013 prane\u0161ime teig\u0117 valstyb\u0117s \u012fmon\u0117.<\/p>\n<p style=\"text-align: left;\">Pasak jos, iki \u0161iols veikusi sistema vairuotojams k\u0117l\u0117 nema\u017eai klausim\u0173, nes reik\u0117jo ai\u0161kintis, kur ir kokiu atveju kreiptis \u2013 \u012f policij\u0105 ar \u201eRegitr\u0105\u201c.<\/p>\n<p style=\"text-align: left;\">\u012esigaliojus pakeitimams, nepriklausomai nuo to, kada buvo prarasta teis\u0117 vairuoti, visais atvejais j\u0105 galima susigr\u0105\u017einti per \u201eRegitr\u0105\u201c.<\/p>\n<p style=\"text-align: left;\">Kaip ir anks\u010diau, \u012fmon\u0117 vertins, ar\u00a0vairuotojas atitinka visus teis\u0117s vairuoti gr\u0105\u017einimo reikalavimus \u2013 ar yra pasibaig\u0119s nustatytas laikotarpis, ar vairuotojas yra i\u0161klaus\u0119s papildomus \u00a0mokymus ir i\u0161laik\u0119s egzaminus, \u00a0jei to yra reikalaujama.\u00a0<\/p>\n<p style=\"text-align: left;\">Prie\u0161 i\u0161duodant nauj\u0105 vairuotojo pa\u017eym\u0117jim\u0105, taip pat bus tikrinama, ar asmuo neturi nesumok\u0117t\u0173 baud\u0173.\u00a0<\/p>\n<p>Patiko straipsnis? Leisk mums apie tai su\u017einoti. Nepamir\u0161k pasidalinti Facebook! <\/p>\n<p><img loading=\"lazy\" decoding=\"async\" class=\"p2_social_circle_icon\" src=\"https:\/\/www.respublika.lt\/images\/thumbs_up.svg\" width=\"21\" height=\"22\" alt=\"L\"\/><\/p>\n<p><img loading=\"lazy\" decoding=\"async\" class=\"p2_social_circle_icon\" src=\"https:\/\/www.respublika.lt\/images\/facebook.svg\" alt=\"F\" width=\"22\" height=\"22\" style=\"filter: invert(37%) sepia(55%) saturate(2351%) hue-rotate(187deg) brightness(102%) contrast(106%);\"\/><\/p>\n<p>&#13;<br \/>\n\tNesutinkate &#8211; diskutuokime!<br \/>&#13;<br \/>\n\tNepykite komentatoriai, bet komentarai su keiksma\u017eod\u017eiais bus \u0161alinami automati\u0161kai, be atsipra\u0161ymo.\n    <\/p>\n<p>&#13;<br \/>\n              Respublika.lt pasilieka teis\u0119 pa\u0161alinti nekult\u016bringus, keiksma\u017eod\u017eiais pagardintus, su tema nesusijusius, kito asmens vardu pasira\u0161ytus, \u012fstatymus pa\u017eeid\u017eian\u010dius, \u0161lam\u0161t\u0105 reklamuojan\u010dius ar nusikalsti kurstan\u010dius komentarus. Jei kurstysite smurt\u0105, rasin\u0119, tautin\u0119, religin\u0119 ar kitokio pob\u016bd\u017eio neapykant\u0105, \u017evirbliu i\u0161skrid\u0119 j\u016bs\u0173 \u017eod\u017eiai gr\u012f\u017edami gali virsti ton\u0105 sverian\u010diu jau\u010diu &#8211; specialiosioms Lietuvos tarnyboms pareikalavus suteiksime j\u016bs\u0173 duomenis.\n            <\/p>\n","protected":false},"excerpt":{"rendered":"1 nuotr. Eltos nuotr. Nuo gruod\u017eio 1 dienos Lietuvoje \u012fsigalioja nauja teis\u0117s vairuoti gr\u0105\u017einimo tvarka. Nuo \u0161iol visus&hellip;\n","protected":false},"author":2,"featured_media":51818,"comment_status":"","ping_status":"","sticky":false,"template":"","format":"standard","meta":{"footnotes":""},"categories":[6],"tags":[25,30,31,34,35,24,32,33,37,39,36,38,40,23,22,28,29,7105,26,27,88],"class_list":{"0":"post-51817","1":"post","2":"type-post","3":"status-publish","4":"format-standard","5":"has-post-thumbnail","7":"category-antrastes","8":"tag-antrastes","9":"tag-breaking-news","10":"tag-breakingnews","11":"tag-featured-news","12":"tag-featurednews","13":"tag-headlines","14":"tag-latest-news","15":"tag-latestnews","16":"tag-lietuva","17":"tag-lietuviu","18":"tag-lithuania","19":"tag-lithuanian","20":"tag-lt","21":"tag-naujienos","22":"tag-news","23":"tag-populiariausios-naujienos","24":"tag-populiariausiosnaujienos","25":"tag-regitra","26":"tag-top-stories","27":"tag-topstories","28":"tag-vairuotojai"},"share_on_mastodon":{"url":"https:\/\/pubeurope.com\/@lt\/115644283279307207","error":""},"_links":{"self":[{"href":"https:\/\/www.europesays.com\/lt\/wp-json\/wp\/v2\/posts\/51817","targetHints":{"allow":["GET"]}}],"collection":[{"href":"https:\/\/www.europesays.com\/lt\/wp-json\/wp\/v2\/posts"}],"about":[{"href":"https:\/\/www.europesays.com\/lt\/wp-json\/wp\/v2\/types\/post"}],"author":[{"embeddable":true,"href":"https:\/\/www.europesays.com\/lt\/wp-json\/wp\/v2\/users\/2"}],"replies":[{"embeddable":true,"href":"https:\/\/www.europesays.com\/lt\/wp-json\/wp\/v2\/comments?post=51817"}],"version-history":[{"count":0,"href":"https:\/\/www.europesays.com\/lt\/wp-json\/wp\/v2\/posts\/51817\/revisions"}],"wp:featuredmedia":[{"embeddable":true,"href":"https:\/\/www.europesays.com\/lt\/wp-json\/wp\/v2\/media\/51818"}],"wp:attachment":[{"href":"https:\/\/www.europesays.com\/lt\/wp-json\/wp\/v2\/media?parent=51817"}],"wp:term":[{"taxonomy":"category","embeddable":true,"href":"https:\/\/www.europesays.com\/lt\/wp-json\/wp\/v2\/categories?post=51817"},{"taxonomy":"post_tag","embeddable":true,"href":"https:\/\/www.europesays.com\/lt\/wp-json\/wp\/v2\/tags?post=51817"}],"curies":[{"name":"wp","href":"https:\/\/api.w.org\/{rel}","templated":true}]}}