{"id":51819,"date":"2025-12-01T12:24:08","date_gmt":"2025-12-01T12:24:08","guid":{"rendered":"https:\/\/www.europesays.com\/lt\/51819\/"},"modified":"2025-12-01T12:24:08","modified_gmt":"2025-12-01T12:24:08","slug":"lenkijos-prezidentas-atsauke-susitikima-su-orbanu","status":"publish","type":"post","link":"https:\/\/www.europesays.com\/lt\/51819\/","title":{"rendered":"Lenkijos prezidentas at\u0161auk\u0117 susitikim\u0105 su Orbanu"},"content":{"rendered":"<p>K. Nawrockio vyriausiasis u\u017esienio politikos patar\u0117jas Marcinas Przydaczas sekmadien\u012f socialiniame tinkle X paskelb\u0117, kad \u201ed\u0117l premjero V. Orbano vizito Maskvoje ir su juo susijusio konteksto prezidentas K. Nawrockis nusprend\u0117 apriboti savo vizito Vengrijoje program\u0105 tik Vy\u0161ehrado grup\u0117s prezident\u0173 susitikimu Estergome\u201c. <\/p>\n<p>Tai rei\u0161kia, kad planuotas K. Nawrockio ir V. Orbano susitikimas buvo at\u0161auktas d\u0117l Vengrijos premjero susitikimo su Rusijos prezidentu, surengto nepaisant vis\u0173 kit\u0173 Europos S\u0105jungos valstybi\u0173 nari\u0173 bei Rusijos t\u0119siamos invazijos \u012f Ukrain\u0105 bei jos miest\u0173 bombardavimo. <\/p>\n<p>Ukraina giria sprendim\u0105<\/p>\n<p>\u201eTai i\u0161 ties\u0173 geras sprendimas\u201c, \u2013 sekmadien\u012f socialiniame tinkle X lenk\u0173 ir angl\u0173 kalbomis para\u0161\u0117 Andrijus Sybiha. <\/p>\n<p>\u201eTai rodo principing\u0105 Lenkijos pozicij\u0105 ir tvirt\u0105 solidarumo jausm\u0105, dar kart\u0105 patvirtinant\u012f jos \u012fsipareigojim\u0105 Europos vienybei ir saugumui lemiam\u0105 akimirk\u0105\u201c, \u2013 prid\u016br\u0117 Ukrainos ministras. <\/p>\n<p>Per susitikim\u0105 su V. Putinu V. Orbanui pavyko u\u017esitikrinti tolesn\u012f rusi\u0161kos naftos ir duj\u0173 tiekim\u0105 bei gauti garantijas, kad Rusija t\u0119s atomin\u0117s elektrin\u0117s statyb\u0105 Pak\u0161e, Vengrijoje. <\/p>\n<p>Sekmadienio \u012fra\u0161e M. Przydaczas teig\u0117, kad K. Nawrockis \u201enuosekliai pasisako u\u017e reali\u0173 b\u016bd\u0173, kaip u\u017ebaigti Rusijos sukelt\u0105 kar\u0105 Ukrainoje, paie\u0161k\u0105\u201c. Jo parei\u0161kime taip pat cituojamas tragi\u0161kai \u017euv\u0119s Lenkijos prezidentas Lechas Kaczynskis, kadaise pabr\u0117\u017e\u0119s, kad \u201eEuropos saugumas priklauso nuo solidarumo, taip pat ir energetikos srityje\u201c. <\/p>\n<p>K. Nawrockis tre\u010diadien\u012f vyks \u012f Vengrij\u0105 dalyvauti Vy\u0161ehrado grup\u0117s susitikime auk\u0161\u010diausiuoju lygiu, o ketvirtadien\u012f tur\u0117jo susitikti su V. Orbanu ir \u0161alies prezidentu Tamasu Sulyoku. <\/p>\n<p>Vy\u0161ehrado regioninio bendradarbiavimo grup\u0119 V4 sudaro \u010cekija, Lenkija, Vengrija ir Slovakija. <\/p>\n","protected":false},"excerpt":{"rendered":"K. Nawrockio vyriausiasis u\u017esienio politikos patar\u0117jas Marcinas Przydaczas sekmadien\u012f socialiniame tinkle X paskelb\u0117, kad \u201ed\u0117l premjero V. Orbano&hellip;\n","protected":false},"author":2,"featured_media":51820,"comment_status":"","ping_status":"","sticky":false,"template":"","format":"standard","meta":{"footnotes":""},"categories":[15],"tags":[25,30,31,34,35,24,2236,32,33,37,39,36,38,40,23,22,44,28,29,26,27,331,74,75,76],"class_list":{"0":"post-51819","1":"post","2":"type-post","3":"status-publish","4":"format-standard","5":"has-post-thumbnail","7":"category-pasaulis","8":"tag-antrastes","9":"tag-breaking-news","10":"tag-breakingnews","11":"tag-featured-news","12":"tag-featurednews","13":"tag-headlines","14":"tag-karolis-nawrockis","15":"tag-latest-news","16":"tag-latestnews","17":"tag-lietuva","18":"tag-lietuviu","19":"tag-lithuania","20":"tag-lithuanian","21":"tag-lt","22":"tag-naujienos","23":"tag-news","24":"tag-pasaulis","25":"tag-populiariausios-naujienos","26":"tag-populiariausiosnaujienos","27":"tag-top-stories","28":"tag-topstories","29":"tag-viktoras-orbanas","30":"tag-world","31":"tag-world-news","32":"tag-worldnews"},"share_on_mastodon":{"url":"https:\/\/pubeurope.com\/@lt\/115644299088682778","error":""},"_links":{"self":[{"href":"https:\/\/www.europesays.com\/lt\/wp-json\/wp\/v2\/posts\/51819","targetHints":{"allow":["GET"]}}],"collection":[{"href":"https:\/\/www.europesays.com\/lt\/wp-json\/wp\/v2\/posts"}],"about":[{"href":"https:\/\/www.europesays.com\/lt\/wp-json\/wp\/v2\/types\/post"}],"author":[{"embeddable":true,"href":"https:\/\/www.europesays.com\/lt\/wp-json\/wp\/v2\/users\/2"}],"replies":[{"embeddable":true,"href":"https:\/\/www.europesays.com\/lt\/wp-json\/wp\/v2\/comments?post=51819"}],"version-history":[{"count":0,"href":"https:\/\/www.europesays.com\/lt\/wp-json\/wp\/v2\/posts\/51819\/revisions"}],"wp:featuredmedia":[{"embeddable":true,"href":"https:\/\/www.europesays.com\/lt\/wp-json\/wp\/v2\/media\/51820"}],"wp:attachment":[{"href":"https:\/\/www.europesays.com\/lt\/wp-json\/wp\/v2\/media?parent=51819"}],"wp:term":[{"taxonomy":"category","embeddable":true,"href":"https:\/\/www.europesays.com\/lt\/wp-json\/wp\/v2\/categories?post=51819"},{"taxonomy":"post_tag","embeddable":true,"href":"https:\/\/www.europesays.com\/lt\/wp-json\/wp\/v2\/tags?post=51819"}],"curies":[{"name":"wp","href":"https:\/\/api.w.org\/{rel}","templated":true}]}}