{"id":51831,"date":"2025-12-01T12:36:14","date_gmt":"2025-12-01T12:36:14","guid":{"rendered":"https:\/\/www.europesays.com\/lt\/51831\/"},"modified":"2025-12-01T12:36:14","modified_gmt":"2025-12-01T12:36:14","slug":"vasingtonas-nusprende-uzsiimti-pabegeliais-tikrins-ir-stebes-respublika-lt","status":"publish","type":"post","link":"https:\/\/www.europesays.com\/lt\/51831\/","title":{"rendered":"Va\u0161ingtonas nusprend\u0117 u\u017esiimti pab\u0117g\u0117liais &#8211; tikrins ir steb\u0117s &#8211; Respublika.lt"},"content":{"rendered":"<p><img loading=\"lazy\" decoding=\"async\" src=\"https:\/\/www.respublika.lt\/lt\/naujienos\/pasaulis\/kitos_pasaulio_naujienos\/vasingtonas-nusprende-uzsiimti-pabegeliais---tikrins-ir-stebes\/images\/ico_camera_white.gif\" class=\"camera\" width=\"22\" height=\"15\" alt=\"nuotr.\" style=\"position:relative; top:-2px; right:2px;\"\/> 1 nuotr.<\/p>\n<p>Prad\u0117jusi tvarkytis su nelegalia migracija, JAV to paties tikisi ir i\u0161 partneri\u0173. EPA-Eltos nuotr.<\/p>\n<p style=\"text-align: justify;\" class=\"desktop_banner\">\u00a0<\/p>\n<p>Tikrins atvyk\u0117lius<\/p>\n<p>Anonsuodama didelio masto pab\u0117g\u0117li\u0173 status\u0105 suteikian\u010di\u0173 dokument\u0173 patikr\u0105, naujien\u0173 agent\u016bra vadovaujasi JAV pilietyb\u0117s ir imigracijos tarnybos direktoriaus D\u017eo Edlou (Joe Adlow) \u012fsakymu.<\/p>\n<p>Remiantis dokumentu, bus tikrinami u\u017esienie\u010diai, atvyk\u0119 \u012f JAV nuo 2021 m. sausio 20 d. iki 2025 m. vasario 20 d.<\/p>\n<p>D.Trampo \u012fsakymu imigracijos departamentas taip pat sustabdys visus u\u017esienie\u010di\u0173, atvykusi\u0173 \u012f Jungtines Valstijas vadovaujant D\u017e.Baidenui, pra\u0161ymus i\u0161duoti leidimus nuolat gyventi.<\/p>\n<p>Audito metu Pilietyb\u0117s ir imigracijos tarnybos specialistai tikrins pab\u0117g\u0117lio statuso suteikimo teis\u0117tum\u0105. Jeigu bus nustatyta, kad tai padaryta pa\u017eeid\u017eiant reikalavimus, u\u017esienie\u010diams bus atimtos socialin\u0117s i\u0161mokos ir kitos lengvatos.<\/p>\n<p>Tarnyba persp\u0117jo, kad pab\u0117g\u0117liai, jei reik\u0117t\u0173, b\u016bt\u0173 kvie\u010diami pakartotiniam pokalbiui.<\/p>\n<p>Papildomos pab\u0117g\u0117li\u0173 patikros prie\u0161ininkai jau sukritikavo D.Trampo iniciatyv\u0105. Jie tiki, kad \u012f \u0161al\u012f atvyk\u0119 u\u017esienie\u010diai gal\u0117t\u0173 reik\u0161mingai prisid\u0117ti prie JAV ekonomin\u0117s pl\u0117tros.<\/p>\n<p>Anks\u010diau \u201eBloomberg&#8221; prane\u0161\u0117 apie D.Trampo \u012fsakymu suma\u017eint\u0105 pab\u0117g\u0117li\u0173 pri\u0117mimo \u012f Jungtines Valstijas kvot\u0105.<\/p>\n<p>Prezidentas suma\u017eino u\u017esienie\u010di\u0173, kuriems JAV vyriausyb\u0117 yra pasirengusi suteikti tarptautin\u0119 apsaug\u0105, skai\u010di\u0173 nuo 125 t\u016bkst. iki 7,5 t\u016bkst.<\/p>\n<p>Pirmenyb\u0117 persikelti bus suteikta baltiesiems Piet\u0173 Afrikos gyventojams, kuriuos Baltieji r\u016bmai laiko diskriminacijos aukomis.<\/p>\n<p>Nurodymai atstovyb\u0117ms<\/p>\n<p>JAV valstyb\u0117s departamentas nurod\u0117 savo diplomatams spausti Vakar\u0173 \u0161alis, kad jos sugrie\u017etint\u0173 migracijos politik\u0105. Apie tai, remdamasis turimais dokumentais, prane\u0161\u0117 konservatyvus laikra\u0161tis \u201eWashington Examiner&#8221;.<\/p>\n<p>Pra\u0117jus\u012f penktadien\u012f departamentas i\u0161siunt\u0117 instrukcijas ambasadoms Europoje ir kitose Vakar\u0173 \u0161alyse, pra\u0161ydamas diplomat\u0173 daugiau d\u0117mesio skirti su migracija susijusiems klausimams ir si\u0173sti Va\u0161ingtonui i\u0161samias ataskaitas apie sistemines migracijos politikos nes\u0117kmes.<\/p>\n<p>Remdamasis \u0161iais dokumentais, departamentas ragins Vakar\u0173 vyriausybes reaguoti \u012f did\u0117jant\u012f visuomen\u0117s nepasitenkinim\u0105 nekontroliuojama migracija, taip siekiant suma\u017einti politinio nestabilumo rizik\u0105.<\/p>\n<p>\u201eD\u0117l masin\u0117s migracijos kylantys i\u0161\u0161\u016bkiai kelia kritinius i\u0161\u0161\u016bkius nacionaliniam ir visuomen\u0117s saugumui bei \u017emogaus teis\u0117ms. Tod\u0117l vyriausyb\u0117ms ir tarptautiniams partneriams b\u016btina teikti pirmenyb\u0119 suverenitetui, u\u017etikrinti teisin\u0117s valstyb\u0117s veikim\u0105, imtis grie\u017et\u0173 priemoni\u0173 tvarkai palaikyti bei pilie\u010diams apsaugoti&#8221;, &#8211; sakoma diplomatams i\u0161si\u0173stame parei\u0161kime.<\/p>\n<p>Dabar tikimasi, kad diplomatai atkreips d\u0117mes\u012f \u012f vie\u0161\u0105j\u0105 politik\u0105, kuri be jokios ai\u0161kios prie\u017easties privilegijuoja migrantus vietos gyventoj\u0173 s\u0105skaita.<\/p>\n<p>\u201ePavyzd\u017eiui, taikomos \u0161velnesn\u0117s bausm\u0117s u\u017e migrant\u0173 padarytus nusikaltimus arba vietini\u0173 gyventoj\u0173 i\u0161keldinimas i\u0161 nam\u0173, taip atlaisvinant viet\u0105 imigrantams&#8221;, &#8211; sakoma ataskaitoje.<\/p>\n","protected":false},"excerpt":{"rendered":"1 nuotr. Prad\u0117jusi tvarkytis su nelegalia migracija, JAV to paties tikisi ir i\u0161 partneri\u0173. EPA-Eltos nuotr. \u00a0 Tikrins&hellip;\n","protected":false},"author":2,"featured_media":51832,"comment_status":"","ping_status":"","sticky":false,"template":"","format":"standard","meta":{"footnotes":""},"categories":[15],"tags":[25,2639,10188,30,31,2498,12808,34,35,24,223,32,33,37,39,36,38,40,4077,23,22,2143,44,28,29,26,27,351,74,75,76],"class_list":{"0":"post-51831","1":"post","2":"type-post","3":"status-publish","4":"format-standard","5":"has-post-thumbnail","7":"category-pasaulis","8":"tag-antrastes","9":"tag-auditas","10":"tag-baidenas","11":"tag-breaking-news","12":"tag-breakingnews","13":"tag-dokumentai","14":"tag-edlou","15":"tag-featured-news","16":"tag-featurednews","17":"tag-headlines","18":"tag-jav","19":"tag-latest-news","20":"tag-latestnews","21":"tag-lietuva","22":"tag-lietuviu","23":"tag-lithuania","24":"tag-lithuanian","25":"tag-lt","26":"tag-migracija","27":"tag-naujienos","28":"tag-news","29":"tag-pabegeliai","30":"tag-pasaulis","31":"tag-populiariausios-naujienos","32":"tag-populiariausiosnaujienos","33":"tag-top-stories","34":"tag-topstories","35":"tag-trampas","36":"tag-world","37":"tag-world-news","38":"tag-worldnews"},"share_on_mastodon":{"url":"https:\/\/pubeurope.com\/@lt\/115644346167573123","error":""},"_links":{"self":[{"href":"https:\/\/www.europesays.com\/lt\/wp-json\/wp\/v2\/posts\/51831","targetHints":{"allow":["GET"]}}],"collection":[{"href":"https:\/\/www.europesays.com\/lt\/wp-json\/wp\/v2\/posts"}],"about":[{"href":"https:\/\/www.europesays.com\/lt\/wp-json\/wp\/v2\/types\/post"}],"author":[{"embeddable":true,"href":"https:\/\/www.europesays.com\/lt\/wp-json\/wp\/v2\/users\/2"}],"replies":[{"embeddable":true,"href":"https:\/\/www.europesays.com\/lt\/wp-json\/wp\/v2\/comments?post=51831"}],"version-history":[{"count":0,"href":"https:\/\/www.europesays.com\/lt\/wp-json\/wp\/v2\/posts\/51831\/revisions"}],"wp:featuredmedia":[{"embeddable":true,"href":"https:\/\/www.europesays.com\/lt\/wp-json\/wp\/v2\/media\/51832"}],"wp:attachment":[{"href":"https:\/\/www.europesays.com\/lt\/wp-json\/wp\/v2\/media?parent=51831"}],"wp:term":[{"taxonomy":"category","embeddable":true,"href":"https:\/\/www.europesays.com\/lt\/wp-json\/wp\/v2\/categories?post=51831"},{"taxonomy":"post_tag","embeddable":true,"href":"https:\/\/www.europesays.com\/lt\/wp-json\/wp\/v2\/tags?post=51831"}],"curies":[{"name":"wp","href":"https:\/\/api.w.org\/{rel}","templated":true}]}}