{"id":51857,"date":"2025-12-01T12:56:12","date_gmt":"2025-12-01T12:56:12","guid":{"rendered":"https:\/\/www.europesays.com\/lt\/51857\/"},"modified":"2025-12-01T12:56:12","modified_gmt":"2025-12-01T12:56:12","slug":"donzuano-apgauta-vilniete-dvieju-vaiku-mama-prarado-tukstancius-euru-o-skaudziausia-net-ne-tai","status":"publish","type":"post","link":"https:\/\/www.europesays.com\/lt\/51857\/","title":{"rendered":"Don\u017euano apgauta vilniet\u0117 dviej\u0173 vaik\u0173 mama prarado t\u016bkstan\u010dius eur\u0173: o skaud\u017eiausia net ne tai"},"content":{"rendered":"<p class=\"MsoNormal\">Pasak Ilonos, jis paliko j\u0105 be darbo, santaup\u0173, skirt\u0173 nuosavam b\u016bstui, ir sudau\u017eyta \u0161irdimi. Ruo\u0161dama s\u016bn\u0173 taip m\u0117gstam\u0105 pyrag\u0105 Ilona pasakos, kad dabar net tai jos \u0161eimai yra prabanga: \u201eTenka skai\u010diuoti kiekvien\u0105 cent\u0105, o pragyvenimui skolintis i\u0161 t\u0117v\u0173.\u201c<\/p>\n<p>    <img decoding=\"async\" src=\"https:\/\/www.europesays.com\/lt\/wp-content\/uploads\/2025\/12\/fddc8b56-d662-4e3f-a918-0d3014948e6f.jpg\" loading=\"lazy\" alt=\"Don\u017euano apgauta vilniet\u0117 Ilona prarado t\u016bkstan\u010dius eur\u0173\"\/>    <\/p>\n<p class=\"MsoNormal\">\u201ePinigai yra u\u017edirbami, bet man skaud\u017eiausia \u0161itoje vietoje tai, kad tiek atidaviau laiko ir energijos svajonei nupirkti vaikams b\u016bst\u0105, dirbau k\u0119sdama skausmus, ir dabar tie metai atrodo veltui. Tas laikas buvo tiesiog skirtas ka\u017ekokiam \u017emogui, kuris dr\u012fso ateiti \u012f m\u016bs\u0173 gyvenim\u0105 ir visk\u0105 atimti. Tur\u0117jau toki\u0105 taupykl\u0119, \u012f kuri\u0105 d\u0117jau ir po 20 cent\u0173, ir po 20 eur\u0173, kiek gal\u0117jau kiekvien\u0105 dien\u0105 atsid\u0117ti, o \u017emogus leido i\u0161 man\u0119s ir vaik\u0173 atimti \u0161i\u0105 svajon\u0119. Vieni\u0161ai mamai su dviem vaikais \u012f kair\u0119, \u012f de\u0161in\u0119 butams neskolina, nedalina. \u0160iuo metu manyje n\u0117ra tiek daug stipryb\u0117s eiti atkakliai ir v\u0117l padaryti t\u0105, k\u0105 dariau. Ne\u017einau, ar sugeb\u0117siu. Man reikia pagalbos, bet ne\u017einau kaip, kaip man tai susigr\u0105\u017einti\u201c, \u2013 taip sunkiai tramdydama a\u0161aras jau \u0161\u012fvakar gyvenimo b\u016bdo laidoje \u201eNuo&#8230; Iki&#8230;\u201c prabils maniki\u016bro specialist\u0117, vilniet\u0117 Ilona Ro\u017eevi\u010d.<\/p>\n<p>       <img decoding=\"async\" src=\"https:\/\/www.europesays.com\/lt\/wp-content\/uploads\/2025\/12\/bc79ed2b-974e-4504-9b0c-80c6d736b039.jpg\" loading=\"lazy\" alt=\"Don\u017euano apgauta vilniet\u0117 Ilona prarado t\u016bkstan\u010dius eur\u0173\"\/>      <\/p>\n<p class=\"MsoNormal\">Net buvusio mylimojo vardu i\u0161nuomotas butas, kuriame ji su dviem s\u016bnumis gyvena, yra laikinas prieglobstis, netrukus Ilona tur\u0117s i\u0161sikraustyti. <\/p>\n<p>    <img decoding=\"async\" src=\"https:\/\/www.europesays.com\/lt\/wp-content\/uploads\/2025\/12\/ae07fd8a-b268-436b-9058-69f4052583e4.jpg\" loading=\"lazy\" alt=\"Don\u017euano apgauta vilniet\u0117 Ilona prarado t\u016bkstan\u010dius eur\u0173\"\/>    <\/p>\n<p class=\"MsoNormal\">\u201e\u0160iuo metu ie\u0161kau darbo. Esu labai k\u016brybinga, labai atsiduodanti darbui. Man\u0119s labai daug, turiu daug resurs\u0173 ir galiu dirbti ir pardavimuose, ir pirkimuose. Turiu auk\u0161t\u0105j\u012f i\u0161silavinim\u0105, vairavimo A ir B kategorijas. Tikrai esu gabi, moku keturias kalbas. Manau, kad rasiu viet\u0105 \u0161iame gyvenime, tik ar su meile pasiseks&#8230; Nenoriu apie tai dabar net galvoti. Man tiek yra skaudu, nes i\u0161\u0117jau i\u0161 toksi\u0161kos santuokos ir po dvej\u0173 met\u0173 gavau dar vien\u0105 sm\u016bg\u012f&#8230;\u201c \u2013 pasakos Ilona Ro\u017eevi\u010d.<\/p>\n<p>    <img decoding=\"async\" src=\"https:\/\/www.europesays.com\/lt\/wp-content\/uploads\/2025\/12\/30dfb6ea-b2b3-418c-9550-933fd035d801.jpg\" loading=\"lazy\" alt=\"Don\u017euano apgauta vilniet\u0117 dviej\u0173 vaik\u0173 mama prarado t\u016bkstan\u010dius eur\u0173\"\/>    <\/p>\n<p class=\"MsoNormal\">Prie\u0161 kelet\u0105 savai\u010di\u0173 Ilona, socialiniuose tinkluose geriau \u017einoma slapyvard\u017eiu Leya, pasidalino savo li\u016bdna istorija: \u201eTai padaryti paskatino moteri\u0161ka nuojauta, kad galiu b\u016bti ne vienintel\u0117 apgautoji\u201c. <\/p>\n<p class=\"MsoNormal\">Ilona neklydo \u2013 ji sulauk\u0117 gausyb\u0117s apgaut\u0173 \u017emoni\u0173 lai\u0161k\u0173. Ilona pasakos n\u0117 negalvojusi, kad jos istorija sulauks tiek d\u0117mesio. Pasakojimu apie j\u0105 suviliojus\u012f ir apvogus\u012f don\u017euan\u0105 ji sako nor\u0117jusi persp\u0117ti ir apsaugoti kitus nuo galim\u0173 to paties \u017emogaus apgavys\u010di\u0173. Su j\u0105 <a rel=\"noopener nofollow\" target=\"_blank\" href=\"https:\/\/www.delfi.lt\/temos\/sukcius\" tag-id=\"59772639\">apgavusiu<\/a> vyru Ilona susipa\u017eino, vien\u0105 dien\u0105 kurjeriui prista\u010dius \u012fsp\u016bding\u0105 g\u0117li\u0173 puok\u0161t\u0119 su paliktu telefono numeriu.<\/p>\n<p class=\"MsoNormal\">Kokias gudrybes pasitelk\u0119s don\u017euanas palenk\u0117 Ilon\u0105 \u012f savo pus\u0119? Kaip ir kiek pinig\u0173 i\u0161viliojo i\u0161 dviej\u0173 vaik\u0173 mamos? Jau \u0161iandien gyvenimo b\u016bdo laidoje \u201eNuo&#8230; Iki&#8230;\u201c 20.00 val. tik per LNK.<\/p>\n<p class=\"MsoNormal\">Ilon\u0105 apgav\u0119s vyras \u201eToks fainas, nors prie \u017eaizdos d\u0117k\u201c<\/p>\n","protected":false},"excerpt":{"rendered":"Pasak Ilonos, jis paliko j\u0105 be darbo, santaup\u0173, skirt\u0173 nuosavam b\u016bstui, ir sudau\u017eyta \u0161irdimi. Ruo\u0161dama s\u016bn\u0173 taip m\u0117gstam\u0105&hellip;\n","protected":false},"author":2,"featured_media":51858,"comment_status":"","ping_status":"","sticky":false,"template":"","format":"standard","meta":{"footnotes":""},"categories":[6],"tags":[12813,25,30,31,34,35,24,32,33,37,39,36,38,40,23,22,28,29,12812,26,27],"class_list":{"0":"post-51857","1":"post","2":"type-post","3":"status-publish","4":"format-standard","5":"has-post-thumbnail","7":"category-antrastes","8":"tag-aferistas","9":"tag-antrastes","10":"tag-breaking-news","11":"tag-breakingnews","12":"tag-featured-news","13":"tag-featurednews","14":"tag-headlines","15":"tag-latest-news","16":"tag-latestnews","17":"tag-lietuva","18":"tag-lietuviu","19":"tag-lithuania","20":"tag-lithuanian","21":"tag-lt","22":"tag-naujienos","23":"tag-news","24":"tag-populiariausios-naujienos","25":"tag-populiariausiosnaujienos","26":"tag-sukcius","27":"tag-top-stories","28":"tag-topstories"},"share_on_mastodon":{"url":"https:\/\/pubeurope.com\/@lt\/115644424743771675","error":""},"_links":{"self":[{"href":"https:\/\/www.europesays.com\/lt\/wp-json\/wp\/v2\/posts\/51857","targetHints":{"allow":["GET"]}}],"collection":[{"href":"https:\/\/www.europesays.com\/lt\/wp-json\/wp\/v2\/posts"}],"about":[{"href":"https:\/\/www.europesays.com\/lt\/wp-json\/wp\/v2\/types\/post"}],"author":[{"embeddable":true,"href":"https:\/\/www.europesays.com\/lt\/wp-json\/wp\/v2\/users\/2"}],"replies":[{"embeddable":true,"href":"https:\/\/www.europesays.com\/lt\/wp-json\/wp\/v2\/comments?post=51857"}],"version-history":[{"count":0,"href":"https:\/\/www.europesays.com\/lt\/wp-json\/wp\/v2\/posts\/51857\/revisions"}],"wp:featuredmedia":[{"embeddable":true,"href":"https:\/\/www.europesays.com\/lt\/wp-json\/wp\/v2\/media\/51858"}],"wp:attachment":[{"href":"https:\/\/www.europesays.com\/lt\/wp-json\/wp\/v2\/media?parent=51857"}],"wp:term":[{"taxonomy":"category","embeddable":true,"href":"https:\/\/www.europesays.com\/lt\/wp-json\/wp\/v2\/categories?post=51857"},{"taxonomy":"post_tag","embeddable":true,"href":"https:\/\/www.europesays.com\/lt\/wp-json\/wp\/v2\/tags?post=51857"}],"curies":[{"name":"wp","href":"https:\/\/api.w.org\/{rel}","templated":true}]}}