{"id":51861,"date":"2025-12-01T13:01:08","date_gmt":"2025-12-01T13:01:08","guid":{"rendered":"https:\/\/www.europesays.com\/lt\/51861\/"},"modified":"2025-12-01T13:01:08","modified_gmt":"2025-12-01T13:01:08","slug":"mire-vienas-light-conversion-imones-ikureju-ir-ilgametis-vadovas-juozapavicius-verslas","status":"publish","type":"post","link":"https:\/\/www.europesays.com\/lt\/51861\/","title":{"rendered":"Mir\u0117 vienas \u201eLight Conversion\u201c \u012fmon\u0117s \u012fk\u016br\u0117j\u0173 ir ilgametis vadovas Juozapavi\u010dius | Verslas"},"content":{"rendered":"<p>\u201eDr. A.Juozapavi\u010dius daugel\u012f met\u0173 formavo \u012fmon\u0117s krypt\u012f ir kult\u016br\u0105, jo atsidavimas mokslui, komandai ir Lietuvos lazerini\u0173 technologij\u0173 pa\u017eangai reik\u0161mingai prisid\u0117jo prie to, kur esame \u0161iandien\u201c, \u2013 ra\u0161oma \u012fmon\u0117s feisbuko \u012fra\u0161e.<\/p>\n<p>A.Juozapavi\u010dius \u201eLight Conversion\u201c vadovavo 25 metus \u2013 nuo pat jos \u012fk\u016brimo 1994 m., \u0161ias pareigas jis paliko 2019 metais.<\/p>\n<p>A.Juozapavi\u010diaus nuopelnai buvo \u012fvertinti ir nacionaliniu mastu: 2018 m. jis buvo apdovanotas ordino \u201eU\u017e nuopelnus Lietuvai\u201c Riterio kry\u017eiumi u\u017e ind\u0117l\u012f \u012f nacionalin\u0117s pramon\u0117s pl\u0117tr\u0105 ir Lietuvos vardo garsinim\u0105 pasaulyje, 2019 m. Vilniaus miestas jam skyr\u0117 \u0160v. Kristoforo statul\u0117l\u0119 u\u017e reik\u0161ming\u0105 veikl\u0105 mokslo ir verslo srityse. <\/p>\n<p>Vienas i\u0161 \u201eLight Conversion\u201c \u012fk\u016br\u0117j\u0173 daug d\u0117mesio skyr\u0117 ir filantropijos veiklai. 2024 metais Irena ir Algirdas Juozapavi\u010diai i\u0161 mirusio s\u016bnaus palikimo skyr\u0117 1,3 mln. eur\u0173 Vilniaus universiteto (VU) nelie\u010diamojo kapitalo fondui.<\/p>\n<p>S\u016bnaus atminimui VU fonde \u012fkurtas 1 mln. eur\u0173 vert\u0117s Mantvydo Juozapavi\u010diaus (1976\u20132023) vardo <a href=\"https:\/\/vuf.lt\/subfondai\/mantvydas-juozapavicius\/\" target=\"_blank\" rel=\"nofollow noopener\">subfondas<\/a>. Po 100 t\u016bkst. eur\u0173 skirta VU Gyvyb\u0117s moksl\u0173 centro (GMC) subfondui, prof. Algio Petro Piskarsko subfondui ir kitoms VU fondo veikloms stiprinti bei finansuoti.<\/p>\n<p>  Prezidentas rei\u0161kia u\u017euojaut\u0105 <\/p>\n<p>\u201eDr. A.Juozapavi\u010diaus netektis yra skaudus sm\u016bgis Lietuvos mokslo, inovacij\u0173 ir pramon\u0117s bendruomenei. I\u0161\u0117jo \u017emogus, kurio gyvenimas buvo neatsiejamas nuo m\u016bs\u0173 \u0161alies lazeri\u0173 mokslo istorijos \u2013 vienas jos k\u016br\u0117j\u0173, \u0161viesos technologij\u0173 vizionierius ir i\u0161skirtin\u0117s erudicijos mokslininkas\u201c, \u2013 ra\u0161oma \u0161alies vadovo u\u017euojautoje.<\/p>\n<p>Pasak Prezidento, A.Juozapavi\u010dius buvo ne tik vienas i\u0161 \u012fmon\u0117s \u201eLight Conversion\u201c \u012fk\u016br\u0117j\u0173 ir ilgametis vadovas, bet ir asmenyb\u0117, kuri savo darbu ir atkaklumu reik\u0161mingai prisid\u0117jo prie to, kad Lietuvos lazeri\u0173 industrija tapt\u0173 pasaulinio lygio pasidid\u017eiavimu. Jo mokslin\u0117s \u012f\u017evalgos, ind\u0117lis \u012f kvantin\u0117s elektronikos ir netiesin\u0117s optikos pl\u0117tr\u0105, nuolatinis siekis jungti moksl\u0105 su praktin\u0117mis inovacijomis suk\u016br\u0117 tvirt\u0105 pamat\u0105 ateities kartoms.<\/p>\n<p>Prezidento teigimu, A.Juozapavi\u010diaus ir jo \u0161eimos parama Vilniaus universiteto lazerin\u0117s fizikos talentams liudija gili\u0105 jo tik\u0117jimo mokslu prasm\u0119 ir lietuvi\u0161kos \u0161viesos ateitimi.<\/p>\n<p>\u0160alies vadovas i\u0161rei\u0161k\u0117 nuo\u0161ird\u017ei\u0105 u\u017euojaut\u0105 A.Juozapavi\u010diaus \u0161eimai, artimiesiems, kolegoms ir visai mokslo bendruomenei.<\/p>\n","protected":false},"excerpt":{"rendered":"\u201eDr. A.Juozapavi\u010dius daugel\u012f met\u0173 formavo \u012fmon\u0117s krypt\u012f ir kult\u016br\u0105, jo atsidavimas mokslui, komandai ir Lietuvos lazerini\u0173 technologij\u0173 pa\u017eangai&hellip;\n","protected":false},"author":2,"featured_media":51862,"comment_status":"","ping_status":"","sticky":false,"template":"","format":"standard","meta":{"footnotes":""},"categories":[13],"tags":[25,30,31,34,35,24,32,33,37,39,36,38,40,23,22,28,29,26,27],"class_list":{"0":"post-51861","1":"post","2":"type-post","3":"status-publish","4":"format-standard","5":"has-post-thumbnail","7":"category-lietuva","8":"tag-antrastes","9":"tag-breaking-news","10":"tag-breakingnews","11":"tag-featured-news","12":"tag-featurednews","13":"tag-headlines","14":"tag-latest-news","15":"tag-latestnews","16":"tag-lietuva","17":"tag-lietuviu","18":"tag-lithuania","19":"tag-lithuanian","20":"tag-lt","21":"tag-naujienos","22":"tag-news","23":"tag-populiariausios-naujienos","24":"tag-populiariausiosnaujienos","25":"tag-top-stories","26":"tag-topstories"},"share_on_mastodon":{"url":"https:\/\/pubeurope.com\/@lt\/115644444477413643","error":""},"_links":{"self":[{"href":"https:\/\/www.europesays.com\/lt\/wp-json\/wp\/v2\/posts\/51861","targetHints":{"allow":["GET"]}}],"collection":[{"href":"https:\/\/www.europesays.com\/lt\/wp-json\/wp\/v2\/posts"}],"about":[{"href":"https:\/\/www.europesays.com\/lt\/wp-json\/wp\/v2\/types\/post"}],"author":[{"embeddable":true,"href":"https:\/\/www.europesays.com\/lt\/wp-json\/wp\/v2\/users\/2"}],"replies":[{"embeddable":true,"href":"https:\/\/www.europesays.com\/lt\/wp-json\/wp\/v2\/comments?post=51861"}],"version-history":[{"count":0,"href":"https:\/\/www.europesays.com\/lt\/wp-json\/wp\/v2\/posts\/51861\/revisions"}],"wp:featuredmedia":[{"embeddable":true,"href":"https:\/\/www.europesays.com\/lt\/wp-json\/wp\/v2\/media\/51862"}],"wp:attachment":[{"href":"https:\/\/www.europesays.com\/lt\/wp-json\/wp\/v2\/media?parent=51861"}],"wp:term":[{"taxonomy":"category","embeddable":true,"href":"https:\/\/www.europesays.com\/lt\/wp-json\/wp\/v2\/categories?post=51861"},{"taxonomy":"post_tag","embeddable":true,"href":"https:\/\/www.europesays.com\/lt\/wp-json\/wp\/v2\/tags?post=51861"}],"curies":[{"name":"wp","href":"https:\/\/api.w.org\/{rel}","templated":true}]}}