{"id":51895,"date":"2025-12-01T13:37:09","date_gmt":"2025-12-01T13:37:09","guid":{"rendered":"https:\/\/www.europesays.com\/lt\/51895\/"},"modified":"2025-12-01T13:37:09","modified_gmt":"2025-12-01T13:37:09","slug":"ziniasklaida-paskirtas-naujas-ruginienes-vyriausybes-kancleris","status":"publish","type":"post","link":"https:\/\/www.europesays.com\/lt\/51895\/","title":{"rendered":"\u017diniasklaida: paskirtas naujas Ruginien\u0117s Vyriausyb\u0117s kancleris"},"content":{"rendered":"<p>Portalo duomenimis, Vyriausyb\u0117s kancleriu E. Bingelis prad\u0117s dirbti nuo gruod\u017eio 10-osios. Tai lrt.lt patvirtino pati premjer\u0117 I. Ruginien\u0117.\u00a0<\/p>\n<p>\u201eTaip, E. Bingelis prad\u0117s eiti Vyriausyb\u0117s kanclerio pareigas nuo kitos savait\u0117s\u201c, \u2013 sak\u0117 ministr\u0117 pirminink\u0117.<\/p>\n<p>Anks\u010diau kelis kartus socialin\u0117s apsaugos ir darbo viceministru dirb\u0119s E. Bingelis vadovavo Tarptautin\u0117s migracijos organizacijos Lietuvos biurui, buvo Europos Socialinio Fondo Agent\u016bros valdybos pirmininkas, Maltos Ordino Pagalbos Tarnybos generalinis sekretorius.<\/p>\n<p>ELTA primena, kad buv\u0119s Vyriausyb\u0117s kancleris L. Rudys dirbo atsistatydinusio premjero Gintauto Palucko Vyriausyb\u0117s kancleriu. Jis i\u0161 pareig\u0173 pasitrauk\u0117 prie\u0161 kelias savaites.\u00a0<\/p>\n","protected":false},"excerpt":{"rendered":"Portalo duomenimis, Vyriausyb\u0117s kancleriu E. Bingelis prad\u0117s dirbti nuo gruod\u017eio 10-osios. Tai lrt.lt patvirtino pati premjer\u0117 I. Ruginien\u0117.\u00a0&hellip;\n","protected":false},"author":2,"featured_media":51896,"comment_status":"","ping_status":"","sticky":false,"template":"","format":"standard","meta":{"footnotes":""},"categories":[13],"tags":[25,30,31,12816,34,35,24,71,12817,32,33,37,39,36,38,40,23,22,28,29,26,27],"class_list":{"0":"post-51895","1":"post","2":"type-post","3":"status-publish","4":"format-standard","5":"has-post-thumbnail","7":"category-lietuva","8":"tag-antrastes","9":"tag-breaking-news","10":"tag-breakingnews","11":"tag-eitvydas-bingelis","12":"tag-featured-news","13":"tag-featurednews","14":"tag-headlines","15":"tag-inga-ruginiene","16":"tag-laimonas-rudys","17":"tag-latest-news","18":"tag-latestnews","19":"tag-lietuva","20":"tag-lietuviu","21":"tag-lithuania","22":"tag-lithuanian","23":"tag-lt","24":"tag-naujienos","25":"tag-news","26":"tag-populiariausios-naujienos","27":"tag-populiariausiosnaujienos","28":"tag-top-stories","29":"tag-topstories"},"share_on_mastodon":{"url":"https:\/\/pubeurope.com\/@lt\/115644585930338203","error":""},"_links":{"self":[{"href":"https:\/\/www.europesays.com\/lt\/wp-json\/wp\/v2\/posts\/51895","targetHints":{"allow":["GET"]}}],"collection":[{"href":"https:\/\/www.europesays.com\/lt\/wp-json\/wp\/v2\/posts"}],"about":[{"href":"https:\/\/www.europesays.com\/lt\/wp-json\/wp\/v2\/types\/post"}],"author":[{"embeddable":true,"href":"https:\/\/www.europesays.com\/lt\/wp-json\/wp\/v2\/users\/2"}],"replies":[{"embeddable":true,"href":"https:\/\/www.europesays.com\/lt\/wp-json\/wp\/v2\/comments?post=51895"}],"version-history":[{"count":0,"href":"https:\/\/www.europesays.com\/lt\/wp-json\/wp\/v2\/posts\/51895\/revisions"}],"wp:featuredmedia":[{"embeddable":true,"href":"https:\/\/www.europesays.com\/lt\/wp-json\/wp\/v2\/media\/51896"}],"wp:attachment":[{"href":"https:\/\/www.europesays.com\/lt\/wp-json\/wp\/v2\/media?parent=51895"}],"wp:term":[{"taxonomy":"category","embeddable":true,"href":"https:\/\/www.europesays.com\/lt\/wp-json\/wp\/v2\/categories?post=51895"},{"taxonomy":"post_tag","embeddable":true,"href":"https:\/\/www.europesays.com\/lt\/wp-json\/wp\/v2\/tags?post=51895"}],"curies":[{"name":"wp","href":"https:\/\/api.w.org\/{rel}","templated":true}]}}