{"id":51976,"date":"2025-12-01T15:12:17","date_gmt":"2025-12-01T15:12:17","guid":{"rendered":"https:\/\/www.europesays.com\/lt\/51976\/"},"modified":"2025-12-01T15:12:17","modified_gmt":"2025-12-01T15:12:17","slug":"ukraina-su-jav-sinchronizuoja-sankcijas-pries-rusija","status":"publish","type":"post","link":"https:\/\/www.europesays.com\/lt\/51976\/","title":{"rendered":"Ukraina su JAV sinchronizuoja sankcijas prie\u0161 Rusij\u0105"},"content":{"rendered":"<p>Pasak Ukrainos prezidento, jau dabar \u0161ioms \u012fmon\u0117ms taikomos sankcijos palieka Rusijos \u201ekaro ma\u0161in\u0105\u201c be pinig\u0173, ir tok\u012f spaudim\u0105 agresoriui, anot jo, reikia t\u0119sti.<\/p>\n<p class=\"MsoNormal\">Be to, Ukraina pritaikys sankcij\u0173 \u201e\u017eudikams i\u0161 Rusijos, organizuojantiems sisteming\u0105 ukrainie\u010di\u0173 naikinim\u0105 dronais\u201c, prid\u016br\u0117 V. Zelenskis.<\/p>\n<p>      <img decoding=\"async\" src=\"https:\/\/static.delfi.lt\/portal\/images\/article\/icon-pullout.svg\" alt=\"\"\/> <\/p>\n<p>\u201e\u0160ias savo sankcijas taikysime sinchroni\u0161kai kartu su partneriais, kad pasaulis spaust\u0173 agresori\u0173 b\u016btent taip, kaip reikia norint susilpninti rus\u0173 galimybes kariauti, ir kad tie \u017eudikai i\u0161 Rusijos i\u0161 tikr\u0173j\u0173 pasijust\u0173 spaud\u017eiami\u201c, \u2013 teigia Ukrainos prezidentas.<\/p>\n<p class=\"MsoNormal\">V. Zelenskis taip pat teigia \u012fvardin\u0119s svarbiausius \u0161i\u0173 met\u0173 Ukrainos sankcij\u0173 politikos prioritetus, tarp kuri\u0173 \u2013 tolesnis sankcij\u0173 sinchronizavimas su partneriais, 20-ojo Europos S\u0105jungos sankcij\u0173 paketo darbai, spaudimas \u0161e\u0161\u0117liniam laivynui, Rusijos pramonei, kolaborantams ir propagandistams.<\/p>\n<p class=\"MsoNormal\">Spalio 22 dien\u0105 JAV prezidento Donaldo Trumpo administracija \u012fved\u0117 nauj\u0173 sankcij\u0173 did\u017eiausioms Rusijos naftos bendrov\u0117ms \u201eRosneft\u201c ir \u201eLukoil\u201c. Sprendimas priimtas d\u0117l Rusijos nenoro \u201erimtai \u012fsitraukti \u012f taikos derybas d\u0117l karo Ukrainoje baigties\u201c.<\/p>\n<p class=\"MsoNormal\">Naujaisiais duomenimis, \u012fvedus sankcijas, naftos produkt\u0173 perdirbimo Rusijoje mastas suma\u017e\u0117jo nuo 18 iki 20 proc.<\/p>\n","protected":false},"excerpt":{"rendered":"Pasak Ukrainos prezidento, jau dabar \u0161ioms \u012fmon\u0117ms taikomos sankcijos palieka Rusijos \u201ekaro ma\u0161in\u0105\u201c be pinig\u0173, ir tok\u012f spaudim\u0105&hellip;\n","protected":false},"author":2,"featured_media":51977,"comment_status":"","ping_status":"","sticky":false,"template":"","format":"standard","meta":{"footnotes":""},"categories":[15],"tags":[25,30,31,34,35,24,32,33,37,39,36,38,40,23,22,44,28,29,332,26,27,971,74,75,76],"class_list":{"0":"post-51976","1":"post","2":"type-post","3":"status-publish","4":"format-standard","5":"has-post-thumbnail","7":"category-pasaulis","8":"tag-antrastes","9":"tag-breaking-news","10":"tag-breakingnews","11":"tag-featured-news","12":"tag-featurednews","13":"tag-headlines","14":"tag-latest-news","15":"tag-latestnews","16":"tag-lietuva","17":"tag-lietuviu","18":"tag-lithuania","19":"tag-lithuanian","20":"tag-lt","21":"tag-naujienos","22":"tag-news","23":"tag-pasaulis","24":"tag-populiariausios-naujienos","25":"tag-populiariausiosnaujienos","26":"tag-sankcijos-rusijai","27":"tag-top-stories","28":"tag-topstories","29":"tag-volodymyras-zelenskis","30":"tag-world","31":"tag-world-news","32":"tag-worldnews"},"share_on_mastodon":{"url":"https:\/\/pubeurope.com\/@lt\/115644959590766139","error":""},"_links":{"self":[{"href":"https:\/\/www.europesays.com\/lt\/wp-json\/wp\/v2\/posts\/51976","targetHints":{"allow":["GET"]}}],"collection":[{"href":"https:\/\/www.europesays.com\/lt\/wp-json\/wp\/v2\/posts"}],"about":[{"href":"https:\/\/www.europesays.com\/lt\/wp-json\/wp\/v2\/types\/post"}],"author":[{"embeddable":true,"href":"https:\/\/www.europesays.com\/lt\/wp-json\/wp\/v2\/users\/2"}],"replies":[{"embeddable":true,"href":"https:\/\/www.europesays.com\/lt\/wp-json\/wp\/v2\/comments?post=51976"}],"version-history":[{"count":0,"href":"https:\/\/www.europesays.com\/lt\/wp-json\/wp\/v2\/posts\/51976\/revisions"}],"wp:featuredmedia":[{"embeddable":true,"href":"https:\/\/www.europesays.com\/lt\/wp-json\/wp\/v2\/media\/51977"}],"wp:attachment":[{"href":"https:\/\/www.europesays.com\/lt\/wp-json\/wp\/v2\/media?parent=51976"}],"wp:term":[{"taxonomy":"category","embeddable":true,"href":"https:\/\/www.europesays.com\/lt\/wp-json\/wp\/v2\/categories?post=51976"},{"taxonomy":"post_tag","embeddable":true,"href":"https:\/\/www.europesays.com\/lt\/wp-json\/wp\/v2\/tags?post=51976"}],"curies":[{"name":"wp","href":"https:\/\/api.w.org\/{rel}","templated":true}]}}