{"id":52510,"date":"2025-12-02T08:45:19","date_gmt":"2025-12-02T08:45:19","guid":{"rendered":"https:\/\/www.europesays.com\/lt\/52510\/"},"modified":"2025-12-02T08:45:19","modified_gmt":"2025-12-02T08:45:19","slug":"es-nutrauke-byla-su-pasaulio-prekybos-organizacija-del-kinijos-ribojimu-lietuvai-respublika-lt","status":"publish","type":"post","link":"https:\/\/www.europesays.com\/lt\/52510\/","title":{"rendered":"ES nutrauk\u0117 byl\u0105 su Pasaulio prekybos organizacija d\u0117l Kinijos ribojim\u0173 Lietuvai &#8211; Respublika.lt"},"content":{"rendered":"<p>    \u00d7<\/p>\n<p>    (1\/1) ES nutrauk\u0117 byl\u0105 su PPO d\u0117l Kinijos ribojim\u0173 Lietuvai. Eltos nuotr. <a href=\"https:\/\/www.respublika.lt\/uploads\/img\/catalog\/1\/photo_1_68375169.jpg\" class=\"swiper-photo-download\" download=\"\" rel=\"nofollow noopener\" target=\"_blank\">Atsisi\u0173sti<\/a><\/p>\n<p><img loading=\"lazy\" decoding=\"async\" src=\"https:\/\/www.respublika.lt\/lt\/naujienos\/pasaulis\/kitos_pasaulio_naujienos\/es-atsieme-skunda-ppo-del-kinijos-ivestu-apribojimu-lietuviskoms-prekems\/images\/ico_camera_white.gif\" class=\"camera\" width=\"22\" height=\"15\" alt=\"nuotr.\" style=\"position:relative; top:-2px; right:2px;\"\/> 1 nuotr.<\/p>\n<p>ES nutrauk\u0117 byl\u0105 su PPO d\u0117l Kinijos ribojim\u0173 Lietuvai. Eltos nuotr.<\/p>\n<p style=\"text-align: left;\">Europos S\u0105junga atsi\u0117m\u0117 i\u0161 Pasaulio prekybos organizacijos (PPO) skund\u0105 prie\u0161 Kinij\u0105 d\u0117l pastarosios apribojim\u0173 lietuvi\u0161k\u0173 preki\u0173 importui, \u012fvest\u0173, ES nuomone, ker\u0161ijant Lietuvai u\u017e pastangas stiprinti ry\u0161ius su Taivanu.<\/p>\n<p style=\"text-align: justify;\" class=\"desktop_banner\">\u00a0<\/p>\n<p style=\"text-align: left;\">\u00a0<\/p>\n<p style=\"text-align: left;\">2022 m. ES pateik\u0117 skund\u0105 prie\u0161 Kinij\u0105, teigdama, kad prekybos apribojimai, \u012fvesti neva d\u0117l higienos prie\u017eas\u010di\u0173 ir Lietuvos eksport\u0105 tais metais suma\u017ein\u0119 80 proc., buvo nepagr\u012fsti.<\/p>\n<p style=\"text-align: left;\">Parei\u0161kime, datuotame lapkri\u010dio 28 d., bet Pasaulio prekybos organizacijoje i\u0161platintame pirmadien\u012f, ES nurod\u0117, kad nebelaiko b\u016btinybe t\u0119sti proces\u0105 prie\u0161 Kinij\u0105, nes \u201epagrindiniai \u0161io gin\u010do tikslai buvo pasiekti ir atitinkama prekyba atnaujinta\u201c.<\/p>\n<p style=\"text-align: left;\">Lietuva suk\u0117l\u0117 Pekino \u012fnir\u0161\u012f, kai 2021 m. liepos m\u0117nes\u012f leido Taivanui atidaryti diplomatin\u0119 atstovyb\u0119 Vilniuje savo vardu.<\/p>\n<p style=\"text-align: left;\">Kinijos valdan\u010dioji komunist\u0173 partija nepripa\u017e\u012fsta Taivano kaip valstyb\u0117s ir laiko \u0161i\u0105 savaranki\u0161kai valdom\u0105 demokratin\u0119 sal\u0105 atsiskyrusia provincija.<\/p>\n<p style=\"text-align: left;\">Pekinas neig\u0117 \u0117m\u0119sis spaudimo priemoni\u0173 Lietuvos at\u017evilgiu.<\/p>\n<p style=\"text-align: left;\">ES parei\u0161k\u0117, kad sprendimas atsiimti skund\u0105 nekei\u010dia jos nuomon\u0117s \u0161iuo klausimu ir kad ji toliau steb\u0117s pad\u0117t\u012f.<\/p>\n<p>Naujausios \u017einios<\/p>\n<p><\/p>\n<p>        <a href=\"https:\/\/www.respublika.lt\/lt\/naujienos\/lietuva\/kitos-lietuvos-zinios\/ingrida-simonyte-zino-kaip-kovoti-su-balionais-bet-niekam-nesako\/\" rel=\"nofollow noopener\" target=\"_blank\"><img decoding=\"async\" oncontextmenu=\"return false\" class=\"block_item_newest_photo\" src=\"https:\/\/www.respublika.lt\/lt\/naujienos\/pasaulis\/kitos_pasaulio_naujienos\/es-atsieme-skunda-ppo-del-kinijos-ivestu-apribojimu-lietuviskoms-prekems\/uploads\/img\/catalog\/1\/photo_for_homepage_1_23828796.jpg\" alt=\"\" width=\"240\" height=\"154.45\"\/><\/a><\/p>\n<p>        <a href=\"https:\/\/www.respublika.lt\/lt\/naujienos\/sportas\/krepsinis\/kjakucionis-debiutavo-nba-jvalanciuno-ir-mbuzelio-komandos-pralaimejo\/\" rel=\"nofollow noopener\" target=\"_blank\"><img decoding=\"async\" oncontextmenu=\"return false\" class=\"block_item_newest_photo\" src=\"https:\/\/www.respublika.lt\/lt\/naujienos\/pasaulis\/kitos_pasaulio_naujienos\/es-atsieme-skunda-ppo-del-kinijos-ivestu-apribojimu-lietuviskoms-prekems\/uploads\/img\/catalog\/1\/photo_for_homepage_1_58394397.jpg\" alt=\"\" width=\"240\" height=\"154.45\"\/><\/a><\/p>\n<p>Patiko straipsnis? Leisk mums apie tai su\u017einoti. Nepamir\u0161k pasidalinti Facebook! <\/p>\n<p><img loading=\"lazy\" decoding=\"async\" class=\"p2_social_circle_icon\" src=\"https:\/\/www.respublika.lt\/images\/thumbs_up.svg\" width=\"21\" height=\"22\" alt=\"L\"\/><\/p>\n<p><img loading=\"lazy\" decoding=\"async\" class=\"p2_social_circle_icon\" src=\"https:\/\/www.respublika.lt\/images\/facebook.svg\" alt=\"F\" width=\"22\" height=\"22\" style=\"filter: invert(37%) sepia(55%) saturate(2351%) hue-rotate(187deg) brightness(102%) contrast(106%);\"\/><\/p>\n<p>&#13;<br \/>\n\tNesutinkate &#8211; diskutuokime!<br \/>&#13;<br \/>\n\tNepykite komentatoriai, bet komentarai su keiksma\u017eod\u017eiais bus \u0161alinami automati\u0161kai, be atsipra\u0161ymo.\n    <\/p>\n<p>&#13;<br \/>\n              Respublika.lt pasilieka teis\u0119 pa\u0161alinti nekult\u016bringus, keiksma\u017eod\u017eiais pagardintus, su tema nesusijusius, kito asmens vardu pasira\u0161ytus, \u012fstatymus pa\u017eeid\u017eian\u010dius, \u0161lam\u0161t\u0105 reklamuojan\u010dius ar nusikalsti kurstan\u010dius komentarus. Jei kurstysite smurt\u0105, rasin\u0119, tautin\u0119, religin\u0119 ar kitokio pob\u016bd\u017eio neapykant\u0105, \u017evirbliu i\u0161skrid\u0119 j\u016bs\u0173 \u017eod\u017eiai gr\u012f\u017edami gali virsti ton\u0105 sverian\u010diu jau\u010diu &#8211; specialiosioms Lietuvos tarnyboms pareikalavus suteiksime j\u016bs\u0173 duomenis.\n            <\/p>\n","protected":false},"excerpt":{"rendered":"\u00d7 (1\/1) ES nutrauk\u0117 byl\u0105 su PPO d\u0117l Kinijos ribojim\u0173 Lietuvai. Eltos nuotr. Atsisi\u0173sti 1 nuotr. ES nutrauk\u0117&hellip;\n","protected":false},"author":2,"featured_media":52511,"comment_status":"","ping_status":"","sticky":false,"template":"","format":"standard","meta":{"footnotes":""},"categories":[13],"tags":[25,12923,30,31,672,34,35,24,479,32,33,37,39,36,38,40,23,22,28,29,12922,2479,628,1295,26,27],"class_list":{"0":"post-52510","1":"post","2":"type-post","3":"status-publish","4":"format-standard","5":"has-post-thumbnail","7":"category-lietuva","8":"tag-antrastes","9":"tag-atsiemimas","10":"tag-breaking-news","11":"tag-breakingnews","12":"tag-es","13":"tag-featured-news","14":"tag-featurednews","15":"tag-headlines","16":"tag-kinija","17":"tag-latest-news","18":"tag-latestnews","19":"tag-lietuva","20":"tag-lietuviu","21":"tag-lithuania","22":"tag-lithuanian","23":"tag-lt","24":"tag-naujienos","25":"tag-news","26":"tag-populiariausios-naujienos","27":"tag-populiariausiosnaujienos","28":"tag-ppo","29":"tag-prekyba","30":"tag-skundas","31":"tag-taivanas","32":"tag-top-stories","33":"tag-topstories"},"share_on_mastodon":{"url":"https:\/\/pubeurope.com\/@lt\/115649100490472477","error":""},"_links":{"self":[{"href":"https:\/\/www.europesays.com\/lt\/wp-json\/wp\/v2\/posts\/52510","targetHints":{"allow":["GET"]}}],"collection":[{"href":"https:\/\/www.europesays.com\/lt\/wp-json\/wp\/v2\/posts"}],"about":[{"href":"https:\/\/www.europesays.com\/lt\/wp-json\/wp\/v2\/types\/post"}],"author":[{"embeddable":true,"href":"https:\/\/www.europesays.com\/lt\/wp-json\/wp\/v2\/users\/2"}],"replies":[{"embeddable":true,"href":"https:\/\/www.europesays.com\/lt\/wp-json\/wp\/v2\/comments?post=52510"}],"version-history":[{"count":0,"href":"https:\/\/www.europesays.com\/lt\/wp-json\/wp\/v2\/posts\/52510\/revisions"}],"wp:featuredmedia":[{"embeddable":true,"href":"https:\/\/www.europesays.com\/lt\/wp-json\/wp\/v2\/media\/52511"}],"wp:attachment":[{"href":"https:\/\/www.europesays.com\/lt\/wp-json\/wp\/v2\/media?parent=52510"}],"wp:term":[{"taxonomy":"category","embeddable":true,"href":"https:\/\/www.europesays.com\/lt\/wp-json\/wp\/v2\/categories?post=52510"},{"taxonomy":"post_tag","embeddable":true,"href":"https:\/\/www.europesays.com\/lt\/wp-json\/wp\/v2\/tags?post=52510"}],"curies":[{"name":"wp","href":"https:\/\/api.w.org\/{rel}","templated":true}]}}