{"id":52570,"date":"2025-12-02T10:14:08","date_gmt":"2025-12-02T10:14:08","guid":{"rendered":"https:\/\/www.europesays.com\/lt\/52570\/"},"modified":"2025-12-02T10:14:08","modified_gmt":"2025-12-02T10:14:08","slug":"rusijoje-susidare-spustis-zmones-istrigo-ilgoms-valandoms","status":"publish","type":"post","link":"https:\/\/www.europesays.com\/lt\/52570\/","title":{"rendered":"Rusijoje susidar\u0117 sp\u016bstis \u2013 \u017emon\u0117s \u012fstrigo ilgoms valandoms"},"content":{"rendered":"<p>Skelbiama, kad 85 kilometr\u0173 sp\u016bstis susidar\u0117 Buriatijoje, automagistral\u0117je R-258, vadinamajame \u201eBaikalo\u201c kelyje. <\/p>\n<p>Soc. tinklo kanalas \u201eShot\u201c, remdamasis liudinink\u0173 pasakojimais, prane\u0161a, kad \u017emon\u0117s transporto priemoni\u0173 sp\u016bstyje buvo \u012fstrig\u0119 ma\u017eiausiai septynias valandas. Anot liudinink\u0173, \u017emon\u0117ms tr\u016bko maisto ir vandens, o automobiliams \u2013 degal\u0173. <\/p>\n<p>Tarp greitkelyje \u012fstrigusi\u0173 buvo ir \u0161eim\u0173 su vaikais. <\/p>\n<p>\u0160iuo metu toje Rusijos vietov\u0117je fiksuojamas nemenkas \u0161altis \u2013 temperat\u016bra siekia -18 laipsni\u0173 Celsijaus. Vaizdo med\u017eiagoje i\u0161 \u012fvykio vietos taip pat matyti, kad apylink\u0117se i\u0161krito gausus sniegas. <\/p>\n<p>\u201eShot\u201c, remdamasis pirminiais duomenimis, ra\u0161o, kad sp\u016bstis susidar\u0117 d\u0117l sunkve\u017eimi\u0173, kurie blokavo lengvuosius automobilius.<\/p>\n","protected":false},"excerpt":{"rendered":"Skelbiama, kad 85 kilometr\u0173 sp\u016bstis susidar\u0117 Buriatijoje, automagistral\u0117je R-258, vadinamajame \u201eBaikalo\u201c kelyje. Soc. tinklo kanalas \u201eShot\u201c, remdamasis liudinink\u0173&hellip;\n","protected":false},"author":2,"featured_media":52571,"comment_status":"","ping_status":"","sticky":false,"template":"","format":"standard","meta":{"footnotes":""},"categories":[15],"tags":[25,30,31,34,35,24,32,33,37,39,36,38,40,23,22,44,28,29,119,2366,9899,26,27,74,75,76],"class_list":{"0":"post-52570","1":"post","2":"type-post","3":"status-publish","4":"format-standard","5":"has-post-thumbnail","7":"category-pasaulis","8":"tag-antrastes","9":"tag-breaking-news","10":"tag-breakingnews","11":"tag-featured-news","12":"tag-featurednews","13":"tag-headlines","14":"tag-latest-news","15":"tag-latestnews","16":"tag-lietuva","17":"tag-lietuviu","18":"tag-lithuania","19":"tag-lithuanian","20":"tag-lt","21":"tag-naujienos","22":"tag-news","23":"tag-pasaulis","24":"tag-populiariausios-naujienos","25":"tag-populiariausiosnaujienos","26":"tag-rusija","27":"tag-rusijos-opozicija","28":"tag-spustis","29":"tag-top-stories","30":"tag-topstories","31":"tag-world","32":"tag-world-news","33":"tag-worldnews"},"share_on_mastodon":{"url":"https:\/\/pubeurope.com\/@lt\/115649450168616079","error":""},"_links":{"self":[{"href":"https:\/\/www.europesays.com\/lt\/wp-json\/wp\/v2\/posts\/52570","targetHints":{"allow":["GET"]}}],"collection":[{"href":"https:\/\/www.europesays.com\/lt\/wp-json\/wp\/v2\/posts"}],"about":[{"href":"https:\/\/www.europesays.com\/lt\/wp-json\/wp\/v2\/types\/post"}],"author":[{"embeddable":true,"href":"https:\/\/www.europesays.com\/lt\/wp-json\/wp\/v2\/users\/2"}],"replies":[{"embeddable":true,"href":"https:\/\/www.europesays.com\/lt\/wp-json\/wp\/v2\/comments?post=52570"}],"version-history":[{"count":0,"href":"https:\/\/www.europesays.com\/lt\/wp-json\/wp\/v2\/posts\/52570\/revisions"}],"wp:featuredmedia":[{"embeddable":true,"href":"https:\/\/www.europesays.com\/lt\/wp-json\/wp\/v2\/media\/52571"}],"wp:attachment":[{"href":"https:\/\/www.europesays.com\/lt\/wp-json\/wp\/v2\/media?parent=52570"}],"wp:term":[{"taxonomy":"category","embeddable":true,"href":"https:\/\/www.europesays.com\/lt\/wp-json\/wp\/v2\/categories?post=52570"},{"taxonomy":"post_tag","embeddable":true,"href":"https:\/\/www.europesays.com\/lt\/wp-json\/wp\/v2\/tags?post=52570"}],"curies":[{"name":"wp","href":"https:\/\/api.w.org\/{rel}","templated":true}]}}