{"id":52596,"date":"2025-12-02T10:37:22","date_gmt":"2025-12-02T10:37:22","guid":{"rendered":"https:\/\/www.europesays.com\/lt\/52596\/"},"modified":"2025-12-02T10:37:22","modified_gmt":"2025-12-02T10:37:22","slug":"karo-ekspertai-puolimai-atsinaujins-delfi","status":"publish","type":"post","link":"https:\/\/www.europesays.com\/lt\/52596\/","title":{"rendered":"Karo ekspertai: puolimai atsinaujins &#8211; Delfi"},"content":{"rendered":"<p>Neatmestina, kad pasibaigus \u0161turmuotojams pasibaig\u0117 istorijos apie \u201eKostjantynivk\u0105 per tris dienas\u201c. Bet galima neabejoti \u2013 m\u0117sos prive\u0161, puolimai atsinaujins su nauja j\u0117ga. <\/p>\n<p>Pokrovskas \u2013 Iskra, rytinis flangas. Pana\u0161u, ukrainie\u010diams pavyko stabilizuoti situacij\u0105 Rodynsk\u0117je. <\/p>\n<p>Rusai i\u0161mu\u0161ti i\u0161 \u0161iaurin\u0117s gyvenviet\u0117s dalies, j\u0173 pozicijos lieka pietin\u0117je gyvenviet\u0117s dalyje. Ta\u010diau rusai toliau spaud\u017eia Krasnyj Lyman\u0105, jiems pavyko pasist\u016bm\u0117ti Myrnohrado mieste. Tad nors Rodynsk\u0117je yra pozityvi\u0173 \u017eenkl\u0173, bendra situacijos dinamika i\u0161lieka neigiama. <\/p>\n<p>Centrinis ruo\u017eas. Rusams nepavyksta i\u0161stumti ukrainie\u010di\u0173 i\u0161 \u0161iaurin\u0117s Pokrovsko dalies, Hry\u0161in\u0117 taip pat lieka ukrainie\u010diams. <\/p>\n<p>Visgi situacija labai sud\u0117tinga. Tai pirmiausia komplikuoja ne pa\u010dio Pokrovsko miesto (bent vienas flangas atviras, logistika galima), o Myrnohrado gyn\u0117j\u0173 pad\u0117t\u012f. <\/p>\n<p>Rytinis flangas u\u017espaustas, m\u016b\u0161iai vyksta mieste, o Pokrovske yra vakarinis Myrnohrado flangas, kurio ukrainie\u010diams nepavyksta i\u0161lyginti. <\/p>\n<p>Tad lieka atsitraukimas i\u0161 Myrnohrado su m\u016b\u0161iais, arba ka\u017ekoks kitas gudrus ir netik\u0117tas variantas deblokuojant gyn\u0117jus. Labiau realisti\u0161kas pirmas variantas. <\/p>\n<p>Vakarinis flangas. Ukrainos paj\u0117gos i\u0161mu\u0161\u0117 rusus i\u0161 Ivanivkos \u2013 Iskros ruo\u017eo. Esame min\u0117j\u0119, kad Ivanivkos kontrol\u0117 yra kriti\u0161kai svarbi, nes j\u0105 u\u017e\u0117mus rusams, jie gal\u0117t\u0173 u\u017eimti kalvas kitame Vov\u010dos up\u0117s krante ir taip i\u0161 u\u017enugario blokuoti vis\u0105 Iskros ruo\u017e\u0105. Tod\u0117l \u0161i taktin\u0117 s\u0117km\u0117 yra svarbi. <\/p>\n<p>Visgi agresorius i\u0161laiko iniciatyv\u0105 visame sektoriuje. Rusai paband\u0117 prasiver\u017eti \u012f pietines Pokrovsk\u0117s prieigas (nemai\u0161yti su Pokrovsku), ukrainie\u010di\u0173 artileristai, dronistai ir p\u0117stininkai juos naikina, m\u016b\u0161is t\u0119siasi. <\/p>\n<p>Nelengva pad\u0117tis Huliajpol\u0117s ruo\u017ee, m\u016b\u0161iai vyksta \u0161iaur\u0117s rytiniame pakra\u0161tyje. Rusai toliau bando blokuoti gynybos rajon\u0105 i\u0161 \u0161iaur\u0117s. <\/p>\n<p>Charkivo kryptis<\/p>\n<p>Snukiadau\u017eis Synelnikov\u0117je \u2013 Vov\u010danske t\u0119siasi, kontaktin\u0117je linijoje \u2013 be pakitim\u0173. <\/p>\n<p>Luhansko kryptis<\/p>\n<p>Kupjanskas. M\u016b\u0161i\u0173 intensyvumas nukrit\u0119s, t\u0119siasi susid\u016brimai Kupjansko mieste bei rytiniame Oskilo up\u0117s krante. <\/p>\n<p>Atakavo raketomis<\/p>\n<p>Nakt\u012f agresorius Ukrainos teritorij\u0105 atakavo dviem balistin\u0117mis raketomis \u201eIskander M\u201c bei 122 \u012fvairi\u0173 tip\u0173 ilgo nuotolio atakos dronais. <\/p>\n<p>Ukrainie\u010di\u0173 teigimu, jiems pavyko numu\u0161ti arba EW priemon\u0117mis nuo taikini\u0173 nukreipti 104 dronus. Balistin\u0117mis raketomis atakuota Odesa, dronai atakavo Kyjivo, Charkivo ir kitus regionus. Bent du civiliai \u017euvo, yra su\u017eeist\u0173. <\/p>\n<p>Ukrainos paj\u0117gos t\u0119sia sm\u016bgius Krasnodaro srityje esantiems objektams. Sprogimai fiksuoti Anapoje, v\u0117l kent\u0117jo degal\u0173 gamykla Slavianske-na -Kubani.<\/p>\n","protected":false},"excerpt":{"rendered":"Neatmestina, kad pasibaigus \u0161turmuotojams pasibaig\u0117 istorijos apie \u201eKostjantynivk\u0105 per tris dienas\u201c. Bet galima neabejoti \u2013 m\u0117sos prive\u0161, puolimai&hellip;\n","protected":false},"author":2,"featured_media":52597,"comment_status":"","ping_status":"","sticky":false,"template":"","format":"standard","meta":{"footnotes":""},"categories":[17],"tags":[81,815,37,39,36,38,40,119,360,46],"class_list":{"0":"post-52596","1":"post","2":"type-post","3":"status-publish","4":"format-standard","5":"has-post-thumbnail","7":"category-verslas","8":"tag-business","9":"tag-karas","10":"tag-lietuva","11":"tag-lietuviu","12":"tag-lithuania","13":"tag-lithuanian","14":"tag-lt","15":"tag-rusija","16":"tag-ukraina","17":"tag-verslas"},"share_on_mastodon":{"url":"https:\/\/pubeurope.com\/@lt\/115649540462256022","error":""},"_links":{"self":[{"href":"https:\/\/www.europesays.com\/lt\/wp-json\/wp\/v2\/posts\/52596","targetHints":{"allow":["GET"]}}],"collection":[{"href":"https:\/\/www.europesays.com\/lt\/wp-json\/wp\/v2\/posts"}],"about":[{"href":"https:\/\/www.europesays.com\/lt\/wp-json\/wp\/v2\/types\/post"}],"author":[{"embeddable":true,"href":"https:\/\/www.europesays.com\/lt\/wp-json\/wp\/v2\/users\/2"}],"replies":[{"embeddable":true,"href":"https:\/\/www.europesays.com\/lt\/wp-json\/wp\/v2\/comments?post=52596"}],"version-history":[{"count":0,"href":"https:\/\/www.europesays.com\/lt\/wp-json\/wp\/v2\/posts\/52596\/revisions"}],"wp:featuredmedia":[{"embeddable":true,"href":"https:\/\/www.europesays.com\/lt\/wp-json\/wp\/v2\/media\/52597"}],"wp:attachment":[{"href":"https:\/\/www.europesays.com\/lt\/wp-json\/wp\/v2\/media?parent=52596"}],"wp:term":[{"taxonomy":"category","embeddable":true,"href":"https:\/\/www.europesays.com\/lt\/wp-json\/wp\/v2\/categories?post=52596"},{"taxonomy":"post_tag","embeddable":true,"href":"https:\/\/www.europesays.com\/lt\/wp-json\/wp\/v2\/tags?post=52596"}],"curies":[{"name":"wp","href":"https:\/\/api.w.org\/{rel}","templated":true}]}}