{"id":52643,"date":"2025-12-02T11:33:09","date_gmt":"2025-12-02T11:33:09","guid":{"rendered":"https:\/\/www.europesays.com\/lt\/52643\/"},"modified":"2025-12-02T11:33:09","modified_gmt":"2025-12-02T11:33:09","slug":"treciadieni-vilniuje-ir-kaune-bus-atsisveikinama-su-zuvusiu-belgijos-kariu","status":"publish","type":"post","link":"https:\/\/www.europesays.com\/lt\/52643\/","title":{"rendered":"Tre\u010diadien\u012f Vilniuje ir Kaune bus atsisveikinama su \u017euvusiu Belgijos kariu"},"content":{"rendered":"\n<p>Pirmoji atsisveikinimo dalis vyks Vilniuje, v\u0117liau laidotuvi\u0173 kolona pajud\u0117s \u012f tarptautin\u012f Kauno oro uost\u0105. <\/p>\n<p>Atsisveikinimo ir i\u0161lyd\u0117jimo ceremonijose dalyvaus oficial\u016bs asmenys, rikiuot\u0117je stov\u0117s Belgijos kontingento, NATO daugianacionalin\u0117s kovin\u0117s grup\u0117s Lietuvoje ir p\u0117stinink\u0173 brigados \u201eGele\u017einis Vilkas\u201c b\u016briai.<\/p>\n<p>Kaip skelbta, NATO daugianacionalin\u0117je kovin\u0117je grup\u0117je tarnav\u0119s Belgijos karys \u017euvo pra\u0117jusi\u0105 savait\u0119, kai buvo sunkiai su\u017eeistas per kovinio \u0161audymo su minosvaid\u017eiais pratybas Generolo Silvestro \u017dukausko poligone Pabrad\u0117je.<\/p>\n<p>Belgijos kariai nuo 2017 m. reguliariai dislokuojami Lietuvoje kaip NATO daugianacionalin\u0117s kovin\u0117s grup\u0117s dalis.<\/p>\n","protected":false},"excerpt":{"rendered":"Pirmoji atsisveikinimo dalis vyks Vilniuje, v\u0117liau laidotuvi\u0173 kolona pajud\u0117s \u012f tarptautin\u012f Kauno oro uost\u0105. Atsisveikinimo ir i\u0161lyd\u0117jimo ceremonijose&hellip;\n","protected":false},"author":2,"featured_media":52644,"comment_status":"","ping_status":"","sticky":false,"template":"","format":"standard","meta":{"footnotes":"","_share_on_mastodon":"0"},"categories":[13],"tags":[25,30,31,34,35,24,32,33,37,39,36,38,40,23,22,7231,28,29,26,27],"class_list":["post-52643","post","type-post","status-publish","format-standard","has-post-thumbnail","category-lietuva","tag-antrastes","tag-breaking-news","tag-breakingnews","tag-featured-news","tag-featurednews","tag-headlines","tag-latest-news","tag-latestnews","tag-lietuva","tag-lietuviu","tag-lithuania","tag-lithuanian","tag-lt","tag-naujienos","tag-news","tag-pabrade","tag-populiariausios-naujienos","tag-populiariausiosnaujienos","tag-top-stories","tag-topstories"],"share_on_mastodon":{"url":"https:\/\/pubeurope.com\/@lt\/115649760702368513","error":""},"_links":{"self":[{"href":"https:\/\/www.europesays.com\/lt\/wp-json\/wp\/v2\/posts\/52643","targetHints":{"allow":["GET"]}}],"collection":[{"href":"https:\/\/www.europesays.com\/lt\/wp-json\/wp\/v2\/posts"}],"about":[{"href":"https:\/\/www.europesays.com\/lt\/wp-json\/wp\/v2\/types\/post"}],"author":[{"embeddable":true,"href":"https:\/\/www.europesays.com\/lt\/wp-json\/wp\/v2\/users\/2"}],"replies":[{"embeddable":true,"href":"https:\/\/www.europesays.com\/lt\/wp-json\/wp\/v2\/comments?post=52643"}],"version-history":[{"count":0,"href":"https:\/\/www.europesays.com\/lt\/wp-json\/wp\/v2\/posts\/52643\/revisions"}],"wp:featuredmedia":[{"embeddable":true,"href":"https:\/\/www.europesays.com\/lt\/wp-json\/wp\/v2\/media\/52644"}],"wp:attachment":[{"href":"https:\/\/www.europesays.com\/lt\/wp-json\/wp\/v2\/media?parent=52643"}],"wp:term":[{"taxonomy":"category","embeddable":true,"href":"https:\/\/www.europesays.com\/lt\/wp-json\/wp\/v2\/categories?post=52643"},{"taxonomy":"post_tag","embeddable":true,"href":"https:\/\/www.europesays.com\/lt\/wp-json\/wp\/v2\/tags?post=52643"}],"curies":[{"name":"wp","href":"https:\/\/api.w.org\/{rel}","templated":true}]}}