{"id":52649,"date":"2025-12-02T11:40:11","date_gmt":"2025-12-02T11:40:11","guid":{"rendered":"https:\/\/www.europesays.com\/lt\/52649\/"},"modified":"2025-12-02T11:40:11","modified_gmt":"2025-12-02T11:40:11","slug":"regitra-skelbia-kaledini-numerio-zenklu-ispardavima","status":"publish","type":"post","link":"https:\/\/www.europesays.com\/lt\/52649\/","title":{"rendered":"\u201eRegitra\u201c skelbia kal\u0117din\u012f numerio \u017eenkl\u0173 i\u0161pardavim\u0105"},"content":{"rendered":"<p>Populiariausi \u0161i\u0173 met\u0173 skai\u010di\u0173 deriniai buvo 777, 911, 001, 123, 012 ir pana\u0161\u016bs.<\/p>\n<p>I\u0161pardavimo metu klientai gal\u0117s rinktis i\u0161 pagamint\u0173 numerio \u017eenkl\u0173 su \u0161iomis raid\u017ei\u0173 serijomis: NNL, NNM, NNN, NNO, NNP, NNR, NNS, NNT, NNU, NNV, NNZ, NOA, NOB, NOC, NOD, NOE, NOF, NOG, NOH, NOI, NOY, NOJ, NOK, NOL, NOM, NON, NOO, NOP, NOR, NOS, NOT, NOU, NOV, NOZ, NPA, NPB, NPC, NPD, NPE, NPF, NPG, NPH, NPI, NPY, NPJ, NPK, NPL, NPM, NPN, NPO, NPP, NPR, NPS, NPT, NPU, NPV, NPZ, NRA, NRB, ABI, ABY, ACI, ACY, ADI, ADY, AEI, AEY, AFI, AFY, AGI, AGY, AIY, AIA, AIB, AIC, AID, AIE, AIY bei daugelio kit\u0173.<\/p>\n","protected":false},"excerpt":{"rendered":"Populiariausi \u0161i\u0173 met\u0173 skai\u010di\u0173 deriniai buvo 777, 911, 001, 123, 012 ir pana\u0161\u016bs. I\u0161pardavimo metu klientai gal\u0117s rinktis&hellip;\n","protected":false},"author":2,"featured_media":52650,"comment_status":"","ping_status":"","sticky":false,"template":"","format":"standard","meta":{"footnotes":""},"categories":[6],"tags":[25,30,31,34,35,24,32,33,37,39,36,38,40,23,22,28,29,7105,26,27,12947],"class_list":{"0":"post-52649","1":"post","2":"type-post","3":"status-publish","4":"format-standard","5":"has-post-thumbnail","7":"category-antrastes","8":"tag-antrastes","9":"tag-breaking-news","10":"tag-breakingnews","11":"tag-featured-news","12":"tag-featurednews","13":"tag-headlines","14":"tag-latest-news","15":"tag-latestnews","16":"tag-lietuva","17":"tag-lietuviu","18":"tag-lithuania","19":"tag-lithuanian","20":"tag-lt","21":"tag-naujienos","22":"tag-news","23":"tag-populiariausios-naujienos","24":"tag-populiariausiosnaujienos","25":"tag-regitra","26":"tag-top-stories","27":"tag-topstories","28":"tag-valstybiniai-numeriai"},"share_on_mastodon":{"url":"https:\/\/pubeurope.com\/@lt\/115649788182032892","error":""},"_links":{"self":[{"href":"https:\/\/www.europesays.com\/lt\/wp-json\/wp\/v2\/posts\/52649","targetHints":{"allow":["GET"]}}],"collection":[{"href":"https:\/\/www.europesays.com\/lt\/wp-json\/wp\/v2\/posts"}],"about":[{"href":"https:\/\/www.europesays.com\/lt\/wp-json\/wp\/v2\/types\/post"}],"author":[{"embeddable":true,"href":"https:\/\/www.europesays.com\/lt\/wp-json\/wp\/v2\/users\/2"}],"replies":[{"embeddable":true,"href":"https:\/\/www.europesays.com\/lt\/wp-json\/wp\/v2\/comments?post=52649"}],"version-history":[{"count":0,"href":"https:\/\/www.europesays.com\/lt\/wp-json\/wp\/v2\/posts\/52649\/revisions"}],"wp:featuredmedia":[{"embeddable":true,"href":"https:\/\/www.europesays.com\/lt\/wp-json\/wp\/v2\/media\/52650"}],"wp:attachment":[{"href":"https:\/\/www.europesays.com\/lt\/wp-json\/wp\/v2\/media?parent=52649"}],"wp:term":[{"taxonomy":"category","embeddable":true,"href":"https:\/\/www.europesays.com\/lt\/wp-json\/wp\/v2\/categories?post=52649"},{"taxonomy":"post_tag","embeddable":true,"href":"https:\/\/www.europesays.com\/lt\/wp-json\/wp\/v2\/tags?post=52649"}],"curies":[{"name":"wp","href":"https:\/\/api.w.org\/{rel}","templated":true}]}}