{"id":53033,"date":"2025-12-02T20:24:06","date_gmt":"2025-12-02T20:24:06","guid":{"rendered":"https:\/\/www.europesays.com\/lt\/53033\/"},"modified":"2025-12-02T20:24:06","modified_gmt":"2025-12-02T20:24:06","slug":"lukui-pastaba-turintis-kuzminskas-nesuprastu-gudaicio-ejimo","status":"publish","type":"post","link":"https:\/\/www.europesays.com\/lt\/53033\/","title":{"rendered":"Lukui pastab\u0105 turintis Kuzminskas nesuprast\u0173 Gudai\u010dio \u0117jimo"},"content":{"rendered":"\n<p>\u201eKai \u017eaid\u0117me kartu su Mantu Kalnie\u010diu, sudar\u0117me puik\u0173 tandem\u0105, su Luku kiek kitaip, sunkiau aik\u0161tel\u0117je,  bet be galo d\u017eiaugiuosi, kad jis papild\u0117 komand\u0105\u201c, \u2013 prisipa\u017eino 36-eri\u0173 AEK puol\u0117jas. <\/p>\n<p>Bet M. Kuzminskas nesuprast\u0173 <a rel=\"noopener nofollow\" target=\"_blank\" href=\"https:\/\/www.delfi.lt\/temos\/arturas-gudaitis\" data-rel-date-range=\"[]\">Art\u016bro Gudai\u010dio<\/a> krautis lagaminus ir palikti sostin\u0119 bei jungtis prie Salonik\u0173 PAOK paj\u0117g\u0173. Sekmadien\u012f Graikijos \u017einiasklaida skelb\u0117 apie 32-ej\u0173 centro ir PAOK \u017eodinio susitarimo, neva, telik\u0119 tik sutvarkyti formalumus. <\/p>\n<p>Pats AEK naujus krep\u0161inio metus prad\u0117jo pakiliai: Graikijos lygoje nusileid\u017eia tik Eurolygos klubams, o FIBA \u010cempion\u0173 lygoje (4\/0) \u017eengia be nuostoli\u0173. <\/p>\n<p>M. Kuzminskas pirmoje laidos \u201e7 krep\u0161inio zonos\u201c pokalbio dalyje atvirai kalb\u0117jo apie Lietuvos rinktin\u0119, antroje interviu dalyje \u2013 d\u0117mesys Graikijos reikalams. <\/p>\n<p>\u2013 Puikus sezono startas, ar klubas i\u0161sprend\u0117 finansines b\u0117das ir \u017eaid\u0117jai gali koncentruotis tik \u012f \u017eaidim\u0105?, \u2013 laidoje \u201e7 krep\u0161inio zonos\u201c M. Kuzminsko paklaus\u0117 <a rel=\"noopener nofollow\" target=\"_blank\" href=\"https:\/\/www.delfi.lt\/temos\/vaidas-ceponis\" data-rel-date-range=\"[]\">Vaidas \u010ceponis<\/a>.   <\/p>\n<p>\u2013 Trumpai tariant, ne (juokiasi). <\/p>\n<p>\u2013 Bet nebadauji, ko gero, turi santaup\u0173? <\/p>\n<p>\u2013 A\u010di\u016b dievui, esu tokioje gyvenimo situacijoje, nesu priklausomas<\/p>\n","protected":false},"excerpt":{"rendered":"\u201eKai \u017eaid\u0117me kartu su Mantu Kalnie\u010diu, sudar\u0117me puik\u0173 tandem\u0105, su Luku kiek kitaip, sunkiau aik\u0161tel\u0117je, bet be galo&hellip;\n","protected":false},"author":2,"featured_media":53034,"comment_status":"","ping_status":"","sticky":false,"template":"","format":"standard","meta":{"footnotes":""},"categories":[19],"tags":[7451,2196,37,39,36,38,40,2198,2195,47,104,380],"class_list":{"0":"post-53033","1":"post","2":"type-post","3":"status-publish","4":"format-standard","5":"has-post-thumbnail","7":"category-sportas","8":"tag-arturas-gudaitis","9":"tag-atenu-aek","10":"tag-lietuva","11":"tag-lietuviu","12":"tag-lithuania","13":"tag-lithuanian","14":"tag-lt","15":"tag-lukas-lekavicius","16":"tag-mindaugas-kuzminskas","17":"tag-sportas","18":"tag-sports","19":"tag-vaidas-ceponis"},"share_on_mastodon":{"url":"https:\/\/pubeurope.com\/@lt\/115651848658920272","error":""},"_links":{"self":[{"href":"https:\/\/www.europesays.com\/lt\/wp-json\/wp\/v2\/posts\/53033","targetHints":{"allow":["GET"]}}],"collection":[{"href":"https:\/\/www.europesays.com\/lt\/wp-json\/wp\/v2\/posts"}],"about":[{"href":"https:\/\/www.europesays.com\/lt\/wp-json\/wp\/v2\/types\/post"}],"author":[{"embeddable":true,"href":"https:\/\/www.europesays.com\/lt\/wp-json\/wp\/v2\/users\/2"}],"replies":[{"embeddable":true,"href":"https:\/\/www.europesays.com\/lt\/wp-json\/wp\/v2\/comments?post=53033"}],"version-history":[{"count":0,"href":"https:\/\/www.europesays.com\/lt\/wp-json\/wp\/v2\/posts\/53033\/revisions"}],"wp:featuredmedia":[{"embeddable":true,"href":"https:\/\/www.europesays.com\/lt\/wp-json\/wp\/v2\/media\/53034"}],"wp:attachment":[{"href":"https:\/\/www.europesays.com\/lt\/wp-json\/wp\/v2\/media?parent=53033"}],"wp:term":[{"taxonomy":"category","embeddable":true,"href":"https:\/\/www.europesays.com\/lt\/wp-json\/wp\/v2\/categories?post=53033"},{"taxonomy":"post_tag","embeddable":true,"href":"https:\/\/www.europesays.com\/lt\/wp-json\/wp\/v2\/tags?post=53033"}],"curies":[{"name":"wp","href":"https:\/\/api.w.org\/{rel}","templated":true}]}}